{"id":3546,"date":"2019-09-20T15:20:42","date_gmt":"2019-09-20T14:20:42","guid":{"rendered":"http:\/\/unionpourlavienne.fr\/Union_Vienne_2016\/wordpress\/?p=3546"},"modified":"2019-09-20T16:00:37","modified_gmt":"2019-09-20T15:00:37","slug":"arena-futuroscope","status":"publish","type":"post","link":"https:\/\/unionpourlavienne.fr\/Union_Vienne_2016\/wordpress\/arena-futuroscope\/","title":{"rendered":"Ar\u00e9na Futuroscope&#8230;"},"content":{"rendered":"<p>Apr\u00e8s la validation par l&rsquo;Assembl\u00e9e D\u00e9partementale de l&rsquo;offre du groupement NGE Concessions &#8211; ENEE Invest pour la conception, la construction et l&rsquo;exploitation de l&rsquo;Ar\u00e9na Futuroscope en ao\u00fbt dernier, le Pr\u00e9sident Bruno BELIN a sign\u00e9 le contrat de march\u00e9 de partenariat, qui va lier les deux entit\u00e9s pour une p\u00e9riode de 32 ans, avec Thierry BODARD, Directeur g\u00e9n\u00e9ral de NGE Concessions, en pr\u00e9sence de Pascale GUITTET, Vice-pr\u00e9sidente en charge de la Jeunesse et des Sports, Alain FOUCH\u00c9, S\u00e9nateur de la Vienne, d\u00e9l\u00e9gu\u00e9 aupr\u00e8s du Pr\u00e9sident charg\u00e9 de la Culture et de l\u2019Ev\u00e8nementiel, et Claude EIDELSTEIN, Rapporteur g\u00e9n\u00e9ral du budget, Pr\u00e9sident de la Commission des Finances et de l\u2019optimisation de la D\u00e9pense Publique, Maire de Chasseneuil-du-Poitou.<\/p>\n<p><iframe loading=\"lazy\" style=\"width: 700px; height: 470px; max-width: 100%; overflow: hidden; border: none; padding: 0; margin: 0 auto; display: block;\" src=\"http:\/\/unionpourlavienne.fr\/2019-09-20\/index.html\" width=\"300\" height=\"150\" marginwidth=\"0\" marginheight=\"0\"><\/iframe><\/p>\n<p>Pour m\u00e9moire, ce march\u00e9 de partenariat permettra la r\u00e9alisation d&rsquo;une salle de spectacles de 6 000 places, tant sportifs que culturels, \u00e0 proximit\u00e9 du Futuroscope. Dix-neuf entreprises de la Vienne participeront \u00e0 la construction de l&rsquo;Arena Futuroscope pour un montant global de 26 millions d&rsquo;euros.<\/p>\n<p>Le D\u00e9partement, \u00e0 l&rsquo;origine de ce projet, participera \u00e0 hauteur de 20 millions d&rsquo;euros, avec le soutien de Grand Poitiers (5M\u20ac) et de l&rsquo;Etat (1M\u20ac).<\/p>\n<p>L&rsquo;inauguration est pr\u00e9vue en d\u00e9cembre 2021.<\/p>\n<p><iframe loading=\"lazy\" frameborder=\"0\" width=\"800\" height=\"448\" src=\"https:\/\/www.dailymotion.com\/embed\/video\/x7lgufb\" allowfullscreen allow=\"autoplay\"><\/iframe><\/p>\n<p>&nbsp;<\/p>\n<p>&nbsp;<\/p>\n","protected":false},"excerpt":{"rendered":"<p>&#8230; le r\u00eave devient r\u00e9alit\u00e9 !<\/p>\n","protected":false},"author":1,"featured_media":3547,"comment_status":"closed","ping_status":"open","sticky":false,"template":"","format":"standard","meta":[],"categories":[66,68,65],"tags":[19],"_links":{"self":[{"href":"https:\/\/unionpourlavienne.fr\/Union_Vienne_2016\/wordpress\/wp-json\/wp\/v2\/posts\/3546"}],"collection":[{"href":"https:\/\/unionpourlavienne.fr\/Union_Vienne_2016\/wordpress\/wp-json\/wp\/v2\/posts"}],"about":[{"href":"https:\/\/unionpourlavienne.fr\/Union_Vienne_2016\/wordpress\/wp-json\/wp\/v2\/types\/post"}],"author":[{"embeddable":true,"href":"https:\/\/unionpourlavienne.fr\/Union_Vienne_2016\/wordpress\/wp-json\/wp\/v2\/users\/1"}],"replies":[{"embeddable":true,"href":"https:\/\/unionpourlavienne.fr\/Union_Vienne_2016\/wordpress\/wp-json\/wp\/v2\/comments?post=3546"}],"version-history":[{"count":3,"href":"https:\/\/unionpourlavienne.fr\/Union_Vienne_2016\/wordpress\/wp-json\/wp\/v2\/posts\/3546\/revisions"}],"predecessor-version":[{"id":3550,"href":"https:\/\/unionpourlavienne.fr\/Union_Vienne_2016\/wordpress\/wp-json\/wp\/v2\/posts\/3546\/revisions\/3550"}],"wp:featuredmedia":[{"embeddable":true,"href":"https:\/\/unionpourlavienne.fr\/Union_Vienne_2016\/wordpress\/wp-json\/wp\/v2\/media\/3547"}],"wp:attachment":[{"href":"https:\/\/unionpourlavienne.fr\/Union_Vienne_2016\/wordpress\/wp-json\/wp\/v2\/media?parent=3546"}],"wp:term":[{"taxonomy":"category","embeddable":true,"href":"https:\/\/unionpourlavienne.fr\/Union_Vienne_2016\/wordpress\/wp-json\/wp\/v2\/categories?post=3546"},{"taxonomy":"post_tag","embeddable":true,"href":"https:\/\/unionpourlavienne.fr\/Union_Vienne_2016\/wordpress\/wp-json\/wp\/v2\/tags?post=3546"}],"curies":[{"name":"wp","href":"https:\/\/api.w.org\/{rel}","templated":true}]}}