{"id":3554,"date":"2019-09-27T14:08:48","date_gmt":"2019-09-27T13:08:48","guid":{"rendered":"http:\/\/unionpourlavienne.fr\/Union_Vienne_2016\/wordpress\/?p=3554"},"modified":"2019-09-27T14:08:48","modified_gmt":"2019-09-27T13:08:48","slug":"deces-du-president-jacques-chirac","status":"publish","type":"post","link":"https:\/\/unionpourlavienne.fr\/Union_Vienne_2016\/wordpress\/deces-du-president-jacques-chirac\/","title":{"rendered":"D\u00e9c\u00e8s du Pr\u00e9sident Jacques CHIRAC"},"content":{"rendered":"<p>\u00ab\u00a0C\u2019est avec une grande \u00e9motion que j\u2019apprends le d\u00e9c\u00e8s du Pr\u00e9sident Jacques Chirac ce jeudi 26 septembre.<\/p>\n<p>Je tiens \u00e0 saluer la m\u00e9moire d\u2019un g\u00e9ant de la vie politique nationale \u00e0 la carri\u00e8re qui restera l\u2019une des plus exceptionnelles de la Ve R\u00e9publique. Boulimique de l\u2019action publique pendant pr\u00e8s d\u2019un demi-si\u00e8cle, il fut un grand Maire de Paris \u00e0 qui nous devons le rayonnement de la capitale aujourd\u2019hui, un grand Ministre de l\u2019Agriculture, ardent d\u00e9fenseur de la ruralit\u00e9 toujours \u00e0 l\u2019\u00e9coute des territoires.<\/p>\n<p>Homme de paix, il est ce Pr\u00e9sident qui a dit non \u00e0 la guerre en Irak et donn\u00e9 \u00e0 la France une voix forte sur la sc\u00e8ne internationale. Humaniste, chaleureux et attentif aux autres, il est celui qui s\u2019est engag\u00e9 fortement au service de la politique du handicap.<\/p>\n<p>Je tiens \u00e0 saluer \u00e9galement l\u2019Homme de Culture. Cr\u00e9ateur de ce magnifique Mus\u00e9e du Quai Branly qui porte d\u00e9sormais son nom il a su nous ouvrir \u00e0 la connaissance des civilisations non-occidentales.\u00bb<\/p>\n<p>&nbsp;<\/p>\n","protected":false},"excerpt":{"rendered":"<p>Communiqu\u00e9 de Bruno BELIN, Pr\u00e9sident du D\u00e9partement de la Vienne<\/p>\n","protected":false},"author":1,"featured_media":3555,"comment_status":"closed","ping_status":"open","sticky":false,"template":"","format":"standard","meta":[],"categories":[1],"tags":[19],"_links":{"self":[{"href":"https:\/\/unionpourlavienne.fr\/Union_Vienne_2016\/wordpress\/wp-json\/wp\/v2\/posts\/3554"}],"collection":[{"href":"https:\/\/unionpourlavienne.fr\/Union_Vienne_2016\/wordpress\/wp-json\/wp\/v2\/posts"}],"about":[{"href":"https:\/\/unionpourlavienne.fr\/Union_Vienne_2016\/wordpress\/wp-json\/wp\/v2\/types\/post"}],"author":[{"embeddable":true,"href":"https:\/\/unionpourlavienne.fr\/Union_Vienne_2016\/wordpress\/wp-json\/wp\/v2\/users\/1"}],"replies":[{"embeddable":true,"href":"https:\/\/unionpourlavienne.fr\/Union_Vienne_2016\/wordpress\/wp-json\/wp\/v2\/comments?post=3554"}],"version-history":[{"count":1,"href":"https:\/\/unionpourlavienne.fr\/Union_Vienne_2016\/wordpress\/wp-json\/wp\/v2\/posts\/3554\/revisions"}],"predecessor-version":[{"id":3556,"href":"https:\/\/unionpourlavienne.fr\/Union_Vienne_2016\/wordpress\/wp-json\/wp\/v2\/posts\/3554\/revisions\/3556"}],"wp:featuredmedia":[{"embeddable":true,"href":"https:\/\/unionpourlavienne.fr\/Union_Vienne_2016\/wordpress\/wp-json\/wp\/v2\/media\/3555"}],"wp:attachment":[{"href":"https:\/\/unionpourlavienne.fr\/Union_Vienne_2016\/wordpress\/wp-json\/wp\/v2\/media?parent=3554"}],"wp:term":[{"taxonomy":"category","embeddable":true,"href":"https:\/\/unionpourlavienne.fr\/Union_Vienne_2016\/wordpress\/wp-json\/wp\/v2\/categories?post=3554"},{"taxonomy":"post_tag","embeddable":true,"href":"https:\/\/unionpourlavienne.fr\/Union_Vienne_2016\/wordpress\/wp-json\/wp\/v2\/tags?post=3554"}],"curies":[{"name":"wp","href":"https:\/\/api.w.org\/{rel}","templated":true}]}}