{"id":3614,"date":"2020-01-15T15:10:23","date_gmt":"2020-01-15T14:10:23","guid":{"rendered":"http:\/\/unionpourlavienne.fr\/Union_Vienne_2016\/wordpress\/?p=3614"},"modified":"2020-01-15T15:10:23","modified_gmt":"2020-01-15T14:10:23","slug":"inauguration-de-la-maison-des-services-departementaux-a-montmorillon","status":"publish","type":"post","link":"https:\/\/unionpourlavienne.fr\/Union_Vienne_2016\/wordpress\/inauguration-de-la-maison-des-services-departementaux-a-montmorillon\/","title":{"rendered":"Inauguration de la Maison des Services D\u00e9partementaux \u00e0 Montmorillon"},"content":{"rendered":"<p><em>Henri COLIN, Vice-Pr\u00e9sident du D\u00e9partement en charge de l\u2019Education, des Coll\u00e8ges, des B\u00e2timents, des Transports et des Relations avec l\u2019Universit\u00e9, Rose-Marie BERTAUD, Vice-Pr\u00e9sidente en charge de l\u2019Action Sociale, de l\u2019Enfance et de la Famille, Guillaume de RUSS\u00c9, Pr\u00e9sident d\u00e9l\u00e9gu\u00e9 charg\u00e9 des Relations Ext\u00e9rieures, des Grands Projets et des Fonds Europ\u00e9ens, Conseiller D\u00e9partemental du canton de Montmorillon et Brigitte ABAUX, Conseill\u00e8re D\u00e9partementale, ont inaugur\u00e9 la Maison des Services D\u00e9partementaux \u00e0 Montmorillon, en pr\u00e9sence d\u2019Ernest COLIN, Maire de la commune. Trois services de la collectivit\u00e9 sont d\u00e9sormais regroup\u00e9s sur un site\u00a0unique : la Maison D\u00e9partementale des Solidarit\u00e9s de Proximit\u00e9, la Subdivision de la Direction des Routes, et l\u2019antenne D\u00e9partementale.<\/em><\/p>\n<ul>\n<li><strong>La Maison D\u00e9partementale des Solidarit\u00e9s de Proximit\u00e9 de Montmorillon<\/strong> couvre 36 communes pour pr\u00e8s de 28\u00a0000 habitants. Environ 800 foyers sont rencontr\u00e9s chaque ann\u00e9e par l\u2019Action Sociale, repr\u00e9sentant plus de 2\u00a0000 rendez-vous \u00e0 la Maison D\u00e9partementale des Solidarit\u00e9s de Proximit\u00e9, lors de permanences ext\u00e9rieures (Lussac-les-Ch\u00e2teaux, L\u2019Isle Jourdain, Adriers, Persac, Civaux, La Trimouille et Lathus) ou de visites \u00e0 domicile. Elle accueille \u00e9galement des partenaires qui r\u00e9alisent des permanences aupr\u00e8s des publics du territoire (CAF, CARSAT, SPIP, EMPP, CSAPA).<\/li>\n<li><strong>La subdivision de la Direction des Routes<\/strong> intervient sur 43 communes et 3 cantons (Montmorillon, Chauvigny, Lussac-le-Ch\u00e2teaux) pour une population de 38\u00a0500 habitants. Elle g\u00e8re 850 km de routes d\u00e9partementales et 70 ouvrages d\u2019art. Elle comprend le si\u00e8ge de la subdivision et 3 centres d\u2019exploitation\u00a0: Montmorillon, Chauvigny et Saint-Savin.<\/li>\n<li><strong>L\u2019antenne D\u00e9partementale<\/strong> assure la gestion des rendez-vous sollicit\u00e9s aupr\u00e8s de Brigitte ABAUX et Guillaume de RUSS\u00c9, Conseillers D\u00e9partementaux du Canton de Montmorillon, pour accompagner les demandes des publics, notamment les plus fragiles.<\/li>\n<\/ul>\n<p>&nbsp;<\/p>\n<p><strong><img loading=\"lazy\" class=\"alignright size-full wp-image-3616\" src=\"https:\/\/unionpourlavienne.fr\/Union_Vienne_2016\/wordpress\/wp-content\/uploads\/2020\/01\/3e.jpg\" alt=\"\" width=\"342\" height=\"261\" srcset=\"https:\/\/unionpourlavienne.fr\/Union_Vienne_2016\/wordpress\/wp-content\/uploads\/2020\/01\/3e.jpg 342w, https:\/\/unionpourlavienne.fr\/Union_Vienne_2016\/wordpress\/wp-content\/uploads\/2020\/01\/3e-300x229.jpg 300w\" sizes=\"(max-width: 342px) 100vw, 342px\" \/>Une op\u00e9ration en mode projet<\/strong><\/p>\n<p>Initi\u00e9e par Guillaume de RUSS\u00c9, la cr\u00e9ation de la Maison des Services D\u00e9partementaux \u00e0 Montmorillon s\u2019inscrit dans le cadre du Plan B\u00e2timents 2016\/2025 du D\u00e9partement. L\u2019op\u00e9ration a \u00e9t\u00e9 conduite par la Direction de l\u2019Education et des B\u00e2timents et a regroup\u00e9 au sein d\u2019un groupe projet les repr\u00e9sentants des diff\u00e9rents services et m\u00e9tiers concern\u00e9s.<\/p>\n<p>Le projet concerne la <strong>r\u00e9habilitation d\u2019une ancienne gendarmerie du XIXe si\u00e8cle<\/strong>, am\u00e9nag\u00e9e en 1995 pour la Maison D\u00e9partementale des Solidarit\u00e9s et les services de la Communaut\u00e9 de Communes du Montmorillonnais, et la <strong>construction d\u2019un b\u00e2timent compl\u00e9mentaire.<\/strong><\/p>\n<p>Les surfaces construites en extension devaient notamment permettre de r\u00e9pondre aux exigences d\u2019<strong>accessibilit\u00e9<\/strong> en limitant les ascenseurs et en connectant les deux b\u00e2timents existants en fa\u00e7ade de rue (A) et en fond de cour de service (B), cr\u00e9er un nouvel acc\u00e8s aux services pr\u00e9sents sur le site en qualifiant une seule identit\u00e9 (le D\u00e9partement). L\u2019objectif \u00e9tait aussi de situer tous les locaux recevant du public en rez-de-chauss\u00e9e.<\/p>\n<p>&nbsp;<\/p>\n<p><strong>Des b\u00e2timents \u00e0 haute performance \u00e9nerg\u00e9tique<\/strong><\/p>\n<p>Au titre des aspects environnementaux, l\u2019op\u00e9ration s\u2019est inscrite \u00e0 l\u2019appel \u00e0 projets FEDR 2014\/2020 de la R\u00e9gion pour <strong>l\u2019am\u00e9lioration de la performance \u00e9nerg\u00e9tique des b\u00e2timents publics existants<\/strong> (b\u00e2timents A et B du site). Au final \u00e0 la r\u00e9ception des travaux les r\u00e9sultats vont au-del\u00e0 des performances attendues\u00a0:<\/p>\n<ul>\n<li>En gain de consommation\u00a0: gain de 120 KwhEp\/m2 apr\u00e8s travaux pour le b\u00e2timent A et 157 pour le b\u00e2timent B (le gain attendu devait \u00eatre sup\u00e9rieur ou \u00e9gal \u00e0 100 KwhEm\/m2)<\/li>\n<li>En consommation\u00a0: 76 kwEp\/m2 apr\u00e8s travaux pour le b\u00e2timent A et 115 pour le b\u00e2timent B (les consommations attendues devaient \u00eatre inf\u00e9rieures ou \u00e9gales \u00e0 120 KwhEp\/m2).<\/li>\n<\/ul>\n<p>Ces r\u00e9sultats sont notamment li\u00e9s aux travaux d\u2019isolation thermique r\u00e9alis\u00e9s sur l\u2019enveloppe des 2 b\u00e2timents, au remplacement de toutes les menuiseries ext\u00e9rieures \u00e0 double vitrage \u00e0 isolation renforc\u00e9e avec remplissage argon, \u00e0 l\u2019installation d\u2019\u00e9clairages \u00e0 LED, d\u2019une VMC double flux et d\u2019une chaudi\u00e8re \u00e0 condensation fonctionnant au gaz naturel rempla\u00e7ant une chaudi\u00e8re fuel transform\u00e9e au gaz naturel.\u00a0 Tous les locaux sans poste de travail s\u00e9dentaire sont \u00e9quip\u00e9s d\u2019\u00e9clairage sous d\u00e9tecteur de pr\u00e9sence.<\/p>\n<p>Dans le cadre des march\u00e9s de travaux attribu\u00e9s, 10 lots sur 13 \u00e9taient concern\u00e9s par l\u2019application de <strong>clauses sociales d\u2019insertion par l\u2019activit\u00e9 \u00e9conomique<\/strong> pour un total de 1\u00a0050 heures d\u2019insertion professionnelle. A l\u2019issue des travaux ce sont finalement <strong>2\u00a0260 heures<\/strong> qui ont \u00e9t\u00e9 r\u00e9alis\u00e9es, permettant notamment \u00e0 une jeune femme de 18 ans, peintre en b\u00e2timent et \u00e0 une plaquiste demandeur d\u2019emploi de longue dur\u00e9e de travailler sur une dur\u00e9e de 3 mois chacune.<\/p>\n<p><strong>\u00a0<\/strong><\/p>\n<p><strong>Descriptif des nouveaux locaux <\/strong><\/p>\n<p>Rez-de-chauss\u00e9e (b\u00e2timents existants A et B et extension de liaison C et extension D)<\/p>\n<p><strong>Entr\u00e9e principale de la MSD (extension C)<\/strong><\/p>\n<ul>\n<li>2 bureaux du secr\u00e9tariat de l\u2019action sociale<\/li>\n<li>3 bureaux des encadrants de l\u2019action sociale<\/li>\n<li>Espaces d\u00e9di\u00e9s \u00e0 la r\u00e9ception du public (zones d\u2019accueil et d\u2019attente, 4 bureaux de permanences et consultations, espace familles pour l\u2019attente des consultations et permanences PMI, droits de visite ASE et actions collectives.<\/li>\n<\/ul>\n<p><img loading=\"lazy\" class=\"aligncenter size-full wp-image-3617\" src=\"https:\/\/unionpourlavienne.fr\/Union_Vienne_2016\/wordpress\/wp-content\/uploads\/2020\/01\/1e.jpg\" alt=\"\" width=\"625\" height=\"579\" srcset=\"https:\/\/unionpourlavienne.fr\/Union_Vienne_2016\/wordpress\/wp-content\/uploads\/2020\/01\/1e.jpg 625w, https:\/\/unionpourlavienne.fr\/Union_Vienne_2016\/wordpress\/wp-content\/uploads\/2020\/01\/1e-300x278.jpg 300w\" sizes=\"(max-width: 625px) 100vw, 625px\" \/><\/p>\n<p>&nbsp;<\/p>\n<p><strong>Entr\u00e9e de l\u2019antenne du Conseil D\u00e9partemental (b\u00e2timent B)<\/strong><\/p>\n<ul>\n<li>1 espace d\u2019attente<\/li>\n<li>Le secr\u00e9tariat<\/li>\n<li>Le bureau des \u00e9lus<\/li>\n<\/ul>\n<p>&nbsp;<\/p>\n<p>1<sup>er<\/sup> \u00e9tage (b\u00e2timents existants A et B et extension de liaison C)<\/p>\n<ul>\n<li>Bureaux de la subdivision des Routes<\/li>\n<li>Bureaux administratifs des travailleurs m\u00e9dico-sociaux et des encadrants ASE et PMI<\/li>\n<li>Grande salle de r\u00e9unions<\/li>\n<\/ul>\n<p>&nbsp;<\/p>\n<p>2e \u00e9tage (b\u00e2timent existant A)<\/p>\n<ul>\n<li>Espace de restauration du personnel<\/li>\n<\/ul>\n<p>&nbsp;<\/p>\n<p><strong><img loading=\"lazy\" class=\"aligncenter size-full wp-image-3618\" src=\"https:\/\/unionpourlavienne.fr\/Union_Vienne_2016\/wordpress\/wp-content\/uploads\/2020\/01\/2e.jpg\" alt=\"\" width=\"625\" height=\"579\" srcset=\"https:\/\/unionpourlavienne.fr\/Union_Vienne_2016\/wordpress\/wp-content\/uploads\/2020\/01\/2e.jpg 625w, https:\/\/unionpourlavienne.fr\/Union_Vienne_2016\/wordpress\/wp-content\/uploads\/2020\/01\/2e-300x278.jpg 300w\" sizes=\"(max-width: 625px) 100vw, 625px\" \/>\u00a0<\/strong><\/p>\n","protected":false},"excerpt":{"rendered":"<p>Henri COLIN, Rose-Marie BERTAUD, Guillaume de RUSS\u00c9 et Brigitte ABAUX ont inaugur\u00e9 la Maison des Services D\u00e9partementaux \u00e0 Montmorillon&#8230;<\/p>\n","protected":false},"author":1,"featured_media":3615,"comment_status":"closed","ping_status":"open","sticky":false,"template":"","format":"standard","meta":[],"categories":[79,58],"tags":[18,25,26,37],"_links":{"self":[{"href":"https:\/\/unionpourlavienne.fr\/Union_Vienne_2016\/wordpress\/wp-json\/wp\/v2\/posts\/3614"}],"collection":[{"href":"https:\/\/unionpourlavienne.fr\/Union_Vienne_2016\/wordpress\/wp-json\/wp\/v2\/posts"}],"about":[{"href":"https:\/\/unionpourlavienne.fr\/Union_Vienne_2016\/wordpress\/wp-json\/wp\/v2\/types\/post"}],"author":[{"embeddable":true,"href":"https:\/\/unionpourlavienne.fr\/Union_Vienne_2016\/wordpress\/wp-json\/wp\/v2\/users\/1"}],"replies":[{"embeddable":true,"href":"https:\/\/unionpourlavienne.fr\/Union_Vienne_2016\/wordpress\/wp-json\/wp\/v2\/comments?post=3614"}],"version-history":[{"count":1,"href":"https:\/\/unionpourlavienne.fr\/Union_Vienne_2016\/wordpress\/wp-json\/wp\/v2\/posts\/3614\/revisions"}],"predecessor-version":[{"id":3619,"href":"https:\/\/unionpourlavienne.fr\/Union_Vienne_2016\/wordpress\/wp-json\/wp\/v2\/posts\/3614\/revisions\/3619"}],"wp:featuredmedia":[{"embeddable":true,"href":"https:\/\/unionpourlavienne.fr\/Union_Vienne_2016\/wordpress\/wp-json\/wp\/v2\/media\/3615"}],"wp:attachment":[{"href":"https:\/\/unionpourlavienne.fr\/Union_Vienne_2016\/wordpress\/wp-json\/wp\/v2\/media?parent=3614"}],"wp:term":[{"taxonomy":"category","embeddable":true,"href":"https:\/\/unionpourlavienne.fr\/Union_Vienne_2016\/wordpress\/wp-json\/wp\/v2\/categories?post=3614"},{"taxonomy":"post_tag","embeddable":true,"href":"https:\/\/unionpourlavienne.fr\/Union_Vienne_2016\/wordpress\/wp-json\/wp\/v2\/tags?post=3614"}],"curies":[{"name":"wp","href":"https:\/\/api.w.org\/{rel}","templated":true}]}}