{"id":3642,"date":"2020-02-21T15:32:40","date_gmt":"2020-02-21T14:32:40","guid":{"rendered":"http:\/\/unionpourlavienne.fr\/Union_Vienne_2016\/wordpress\/?p=3642"},"modified":"2020-02-21T15:32:40","modified_gmt":"2020-02-21T14:32:40","slug":"raccordement-du-premier-logement-a-la-fibre-optique-de-vienne-numerique","status":"publish","type":"post","link":"https:\/\/unionpourlavienne.fr\/Union_Vienne_2016\/wordpress\/raccordement-du-premier-logement-a-la-fibre-optique-de-vienne-numerique\/","title":{"rendered":"Raccordement du premier logement \u00e0 la fibre optique de Vienne Num\u00e9rique"},"content":{"rendered":"<p>Bruno BELIN, Pr\u00e9sident du D\u00e9partement, Alain FOUCH\u00c9, S\u00e9nateur de la Vienne, Conseiller d\u00e9partemental du canton de Chauvigny, S\u00e9verine SAINT-P\u00c9, Vice-pr\u00e9sidente en charge de l\u2019Am\u00e9nagement Num\u00e9rique, Pr\u00e9sidente de Vienne Num\u00e9rique, et Franck AUPETIT, D\u00e9l\u00e9gu\u00e9 R\u00e9gional Orange, ont c\u00e9l\u00e9br\u00e9 le raccordement du premier client sur le r\u00e9seau d\u2019initiative publique Vienne Num\u00e9rique. La fibre permet d\u2019acc\u00e9der \u00e0 un Tr\u00e8s Haut D\u00e9bit d\u2019au moins 10 fois sup\u00e9rieur \u00e0 celui possible sur le cuivre et sans la contrainte de la baise des d\u00e9bits li\u00e9s \u00e0 la distance.<\/p>\n<p><img loading=\"lazy\" class=\"aligncenter size-full wp-image-3645\" src=\"https:\/\/unionpourlavienne.fr\/Union_Vienne_2016\/wordpress\/wp-content\/uploads\/2020\/02\/2020-02-21-b.jpeg\" alt=\"\" width=\"650\" height=\"137\" srcset=\"https:\/\/unionpourlavienne.fr\/Union_Vienne_2016\/wordpress\/wp-content\/uploads\/2020\/02\/2020-02-21-b.jpeg 650w, https:\/\/unionpourlavienne.fr\/Union_Vienne_2016\/wordpress\/wp-content\/uploads\/2020\/02\/2020-02-21-b-300x63.jpeg 300w\" sizes=\"(max-width: 650px) 100vw, 650px\" \/><\/p>\n<p>Les d\u00e9partements de la Vienne et des Deux-S\u00e8vres se sont associ\u00e9s dans un groupement Poitou Num\u00e9rique pour d\u00e9ployer la fibre dans les 20 communes les plus dens\u00e9ment peupl\u00e9es du Poitou, hors les zones Appel \u00e0 Manifestation d\u2019Intention d\u2019Investissement (AMII) dans les agglom\u00e9rations de Poitiers, Ch\u00e2tellerault et Niort, ainsi que sur 360 sites prioritaires tels que les zones industrielles, artisanales ou agricoles, les \u00e9tablissements de sant\u00e9 ou d\u2019enseignement, et les sites touristiques.<\/p>\n<p>Chauvigny est une des 10 communes de la Vienne concern\u00e9es par l\u2019arriv\u00e9e de la fibre, au m\u00eame titre que Loudun, Neuville de Poitou, Vivonne, Civray, Montmorillon, Saint-Pierre d\u2019Exideuil, Vouill\u00e9, Saint Georges les Baillargeaux, Jaunay Marigny, et Dang\u00e9 Saint-Romain.<\/p>\n<p>\u00ab\u00a0<em>80 % du territoire sera fibr\u00e9 et d\u2019ici 2023. En 2025, la fibre sera partout dans la Vienne<\/em>\u00a0\u00bb a confirm\u00e9 Bruno BELIN.<\/p>\n<p>\u00ab\u00a0<em>Le groupement de commandes \u00ab\u00a0Poitou Num\u00e9rique\u00a0\u00bb a confi\u00e9 \u00e0 Orange et ses sous-traitants la construction et l\u2019exploitation du r\u00e9seau, avec l\u2019objectif de cr\u00e9er pr\u00e8s de 85\u00a0000 prises FttH (Fiber to the Home) dans les trois prochaines ann\u00e9es dont plus de 30\u00a0000 pour la Vienne<\/em>\u00a0\u00bb a pr\u00e9cis\u00e9 S\u00e9verine SAINT-P\u00c9.<\/p>\n<p>Ce sont les op\u00e9rateurs nationaux (Bouygues, Free, Orange, SFR) qui commercialisent les services aux particuliers et aux entreprises en utilisant le r\u00e9seau de Poitou Num\u00e9rique. C\u2019est aupr\u00e8s d\u2019eux que l\u2019habitant passe commande. Ce sont eux qui interviennent chez le client pour poser la prise, et c\u2019est \u00e0 eux que leurs clients s\u2019adressent en cas de dysfonctionnement.<\/p>\n<p>En ce qui concerne le secteur de Chauvigny, le d\u00e9ploiement de la fibre se r\u00e9alise via \u00e0 la cr\u00e9ation d\u2019un N\u0153ud de Raccordement Optique (NRO) et de 15 zones de sous-r\u00e9partition optique mat\u00e9rialis\u00e9es par une armoire de rue et une distribution (c\u00e2bles et points de branchement), ainsi qu\u2019un lien de transport qui raccorde l\u2019armoire au NRO.<\/p>\n<p>&nbsp;<\/p>\n<p><img loading=\"lazy\" class=\"aligncenter size-full wp-image-3643\" src=\"https:\/\/unionpourlavienne.fr\/Union_Vienne_2016\/wordpress\/wp-content\/uploads\/2020\/02\/2020-02-21-d.jpeg\" alt=\"\" width=\"552\" height=\"281\" srcset=\"https:\/\/unionpourlavienne.fr\/Union_Vienne_2016\/wordpress\/wp-content\/uploads\/2020\/02\/2020-02-21-d.jpeg 552w, https:\/\/unionpourlavienne.fr\/Union_Vienne_2016\/wordpress\/wp-content\/uploads\/2020\/02\/2020-02-21-d-300x153.jpeg 300w\" sizes=\"(max-width: 552px) 100vw, 552px\" \/><\/p>\n<p>Entre le NRO et les points de terminaison optique dans les logements et locaux professionnels, les c\u00e2bles \u00e0 fibres optiques sont pos\u00e9s dans des canalisations souterraines, sur des poteaux ou en fa\u00e7ades d\u00e9j\u00e0 existants sur l\u2019essentiel du parcours.<\/p>\n<p>Une fois le bo\u00eetier Point de Branchement pos\u00e9 et la fibre reli\u00e9e en amont jusqu\u2019au NRO, les op\u00e9rateurs commerciaux pourront proposer et mettre en service des offres tr\u00e8s haut d\u00e9bit aupr\u00e8s des habitants et des entreprises. Une fois que l\u2019habitant aura pass\u00e9 une commande aupr\u00e8s de l\u2019op\u00e9rateur commercial de son choix, la derni\u00e8re \u00e9tape consistera pour cet op\u00e9rateur commercial a poser un Point de Terminaison Optique (prise) dans son logement, et un c\u00e2ble de branchement jusqu\u2019au Point de Branchement.<\/p>\n<p>Sur le secteur de Chauvigny (repr\u00e9sentant 4\u00a0569 prises et 15 armoires), les \u00e9tudes et les travaux, d\u00e9but\u00e9s en 2019, seront finalis\u00e9s d\u00e9but 2021. Les premi\u00e8res offres commerciales fibre sont propos\u00e9es d\u00e8s maintenant sur le quartier du Peuron. L\u2019\u00e9ligibilit\u00e9 se r\u00e9alisera tout au long de 2020 et la compl\u00e9tude en 2021.<\/p>\n<p>Les habitants pourront suivre l\u2019arriv\u00e9e progressive de la fibre et conna\u00eetre leur date d\u2019\u00e9ligibilit\u00e9 sur le site <a href=\"http:\/\/www.vienne-numerique.fr\">www.vienne-numerique.fr<\/a>. Ils pourront ainsi contacter l\u2019op\u00e9rateur de leur choix au plus vite pour b\u00e9n\u00e9ficier de tous les avantages du tr\u00e8s haut d\u00e9bit.<\/p>\n<p>\u00ab\u00a0<em>Le premier client Fibre d\u2019Orange en Vienne sur ce r\u00e9seau Poitou Num\u00e9rique a \u00e9t\u00e9 raccord\u00e9 ce jour Chauvigny. Avec cette commercialisation, Orange confirme son engagement de mars 2019 d\u2019\u00eatre pr\u00e9sent en tant que fournisseur d\u2019acc\u00e8s Internet sur tous les r\u00e9seaux d\u2019initiative publique et de proposer ses offres au plus grand nombre, en zone rurale comme en zone urbaine<\/em>\u00a0\u00bb a conclu Franck AUPETIT.<\/p>\n<p>&nbsp;<\/p>\n<p>&nbsp;<\/p>\n","protected":false},"excerpt":{"rendered":"<p>Bruno BELIN, Alain FOUCH\u00c9, S\u00e9verine SAINT-P\u00c9 et Franck AUPETIT ont c\u00e9l\u00e9br\u00e9 le raccordement du premier client sur le r\u00e9seau d\u2019initiative publique Vienne Num\u00e9rique&#8230;<\/p>\n","protected":false},"author":1,"featured_media":3644,"comment_status":"closed","ping_status":"open","sticky":false,"template":"","format":"standard","meta":[],"categories":[60,72],"tags":[13,19,38],"_links":{"self":[{"href":"https:\/\/unionpourlavienne.fr\/Union_Vienne_2016\/wordpress\/wp-json\/wp\/v2\/posts\/3642"}],"collection":[{"href":"https:\/\/unionpourlavienne.fr\/Union_Vienne_2016\/wordpress\/wp-json\/wp\/v2\/posts"}],"about":[{"href":"https:\/\/unionpourlavienne.fr\/Union_Vienne_2016\/wordpress\/wp-json\/wp\/v2\/types\/post"}],"author":[{"embeddable":true,"href":"https:\/\/unionpourlavienne.fr\/Union_Vienne_2016\/wordpress\/wp-json\/wp\/v2\/users\/1"}],"replies":[{"embeddable":true,"href":"https:\/\/unionpourlavienne.fr\/Union_Vienne_2016\/wordpress\/wp-json\/wp\/v2\/comments?post=3642"}],"version-history":[{"count":1,"href":"https:\/\/unionpourlavienne.fr\/Union_Vienne_2016\/wordpress\/wp-json\/wp\/v2\/posts\/3642\/revisions"}],"predecessor-version":[{"id":3646,"href":"https:\/\/unionpourlavienne.fr\/Union_Vienne_2016\/wordpress\/wp-json\/wp\/v2\/posts\/3642\/revisions\/3646"}],"wp:featuredmedia":[{"embeddable":true,"href":"https:\/\/unionpourlavienne.fr\/Union_Vienne_2016\/wordpress\/wp-json\/wp\/v2\/media\/3644"}],"wp:attachment":[{"href":"https:\/\/unionpourlavienne.fr\/Union_Vienne_2016\/wordpress\/wp-json\/wp\/v2\/media?parent=3642"}],"wp:term":[{"taxonomy":"category","embeddable":true,"href":"https:\/\/unionpourlavienne.fr\/Union_Vienne_2016\/wordpress\/wp-json\/wp\/v2\/categories?post=3642"},{"taxonomy":"post_tag","embeddable":true,"href":"https:\/\/unionpourlavienne.fr\/Union_Vienne_2016\/wordpress\/wp-json\/wp\/v2\/tags?post=3642"}],"curies":[{"name":"wp","href":"https:\/\/api.w.org\/{rel}","templated":true}]}}