{"id":3680,"date":"2020-07-03T16:58:43","date_gmt":"2020-07-03T15:58:43","guid":{"rendered":"http:\/\/unionpourlavienne.fr\/Union_Vienne_2016\/wordpress\/?p=3680"},"modified":"2020-07-06T17:00:06","modified_gmt":"2020-07-06T16:00:06","slug":"un-nouveau-chapitre-souvre-dans-lhistoire-du-futuroscope","status":"publish","type":"post","link":"https:\/\/unionpourlavienne.fr\/Union_Vienne_2016\/wordpress\/un-nouveau-chapitre-souvre-dans-lhistoire-du-futuroscope\/","title":{"rendered":"Un nouveau chapitre s&rsquo;ouvre dans l&rsquo;histoire du Futuroscope"},"content":{"rendered":"<p><em>Le D\u00e9partement de la Vienne et le Futuroscope consolident leur partenariat. L\u2019Assembl\u00e9e D\u00e9partementale a vot\u00e9 \u00e0 l\u2019unanimit\u00e9 lors de la D\u00e9cision Modificative du vendredi 3 juillet un cadre juridique s\u00e9curis\u00e9 qui permet au Futuroscope de mettre en place un plan de d\u00e9veloppement ambitieux. <\/em><\/p>\n<p>Ce Plan pr\u00e9voit une <strong>augmentation de la fr\u00e9quentation (+ 650 000 visites), et du Chiffre d\u2018Affaires (+75%)<\/strong> afin de d\u00e9passer les 2,5 millions de visiteurs annuels \u00e0 l\u2019horizon des 10 prochaines ann\u00e9es.<\/p>\n<p>\u00ab <em>C\u2019est un jour exceptionnel. Ce vote \u00e0 l\u2019unanimit\u00e9 pour ouvrir cette nouvelle page de l\u2019histoire du Futuroscope est le meilleur signe que nous pouvions donner \u00e0 ce formidable projet<\/em> \u00bb se f\u00e9licite Bruno BELIN, Pr\u00e9sident du D\u00e9partement de la Vienne.<\/p>\n<p>Ce plan passe par la conception de trois attractions majeures au c\u0153ur m\u00eame du Parc et la cr\u00e9ation d\u2019une nouvelle zone de tourisme et loisirs, un \u00ab Resort \u00bb aux portes du Parc, int\u00e9grant sur 224 000 m\u00b2 suppl\u00e9mentaires, deux h\u00f4tels th\u00e9matis\u00e9s, un restaurant nouvelle g\u00e9n\u00e9ration et un parc aqua-ludique.<\/p>\n<p>C\u2019est un ambitieux plan d\u2019investissements de <strong>304 millions d\u2019euros<\/strong> qui va voir le jour d\u2019ici 2030, dont 75% sera r\u00e9alis\u00e9 d\u2019ici 5 ans. Avec \u00e0 la cl\u00e9, la cr\u00e9ation de <strong>300 emplois directs et 450 emplois indirects <\/strong>et induits dans la Vienne.<\/p>\n<p>Ce projet int\u00e8gre une d\u00e9marche environnementale forte, le futur site visant un d\u00e9veloppement 100% \u00e9nergie positive.<\/p>\n<p>Le plan de d\u00e9veloppement s\u2019accompagne d\u2019un nouveau bail donnant une <strong>visibilit\u00e9 jusqu\u2019en 2050<\/strong> et sera port\u00e9 par la SA du Futuroscope soutenu par ses actionnaires : le D\u00e9partement au travers de la SEML Patrimoniale de la Vienne, la Compagnie des Alpes et la Caisses des D\u00e9p\u00f4ts et Consignations<\/p>\n<p>Ce programme d\u2019investissements sans pr\u00e9c\u00e9dent confortera l\u2019offre Resort du Parc, et la position du Futuroscope comme destination de s\u00e9jour d\u2019exception au niveau fran\u00e7ais et europ\u00e9en.<\/p>\n<p>&nbsp;<\/p>\n<p>&nbsp;<\/p>\n<p>&nbsp;<\/p>\n","protected":false},"excerpt":{"rendered":"<p>Le D\u00e9partement de la Vienne et le Futuroscope consolident leur partenariat. L\u2019Assembl\u00e9e D\u00e9partementale a vot\u00e9 \u00e0 l\u2019unanimit\u00e9 lors de la D\u00e9cision Modificative du vendredi 3 juillet un cadre juridique s\u00e9curis\u00e9 qui permet au Futuroscope de mettre en place un plan de d\u00e9veloppement ambitieux. <\/p>\n","protected":false},"author":1,"featured_media":3681,"comment_status":"closed","ping_status":"open","sticky":false,"template":"","format":"standard","meta":[],"categories":[60,68,67],"tags":[],"_links":{"self":[{"href":"https:\/\/unionpourlavienne.fr\/Union_Vienne_2016\/wordpress\/wp-json\/wp\/v2\/posts\/3680"}],"collection":[{"href":"https:\/\/unionpourlavienne.fr\/Union_Vienne_2016\/wordpress\/wp-json\/wp\/v2\/posts"}],"about":[{"href":"https:\/\/unionpourlavienne.fr\/Union_Vienne_2016\/wordpress\/wp-json\/wp\/v2\/types\/post"}],"author":[{"embeddable":true,"href":"https:\/\/unionpourlavienne.fr\/Union_Vienne_2016\/wordpress\/wp-json\/wp\/v2\/users\/1"}],"replies":[{"embeddable":true,"href":"https:\/\/unionpourlavienne.fr\/Union_Vienne_2016\/wordpress\/wp-json\/wp\/v2\/comments?post=3680"}],"version-history":[{"count":1,"href":"https:\/\/unionpourlavienne.fr\/Union_Vienne_2016\/wordpress\/wp-json\/wp\/v2\/posts\/3680\/revisions"}],"predecessor-version":[{"id":3682,"href":"https:\/\/unionpourlavienne.fr\/Union_Vienne_2016\/wordpress\/wp-json\/wp\/v2\/posts\/3680\/revisions\/3682"}],"wp:featuredmedia":[{"embeddable":true,"href":"https:\/\/unionpourlavienne.fr\/Union_Vienne_2016\/wordpress\/wp-json\/wp\/v2\/media\/3681"}],"wp:attachment":[{"href":"https:\/\/unionpourlavienne.fr\/Union_Vienne_2016\/wordpress\/wp-json\/wp\/v2\/media?parent=3680"}],"wp:term":[{"taxonomy":"category","embeddable":true,"href":"https:\/\/unionpourlavienne.fr\/Union_Vienne_2016\/wordpress\/wp-json\/wp\/v2\/categories?post=3680"},{"taxonomy":"post_tag","embeddable":true,"href":"https:\/\/unionpourlavienne.fr\/Union_Vienne_2016\/wordpress\/wp-json\/wp\/v2\/tags?post=3680"}],"curies":[{"name":"wp","href":"https:\/\/api.w.org\/{rel}","templated":true}]}}