{"id":3863,"date":"2021-07-09T14:12:24","date_gmt":"2021-07-09T13:12:24","guid":{"rendered":"http:\/\/unionpourlavienne.fr\/Union_Vienne_2016\/wordpress\/?p=3863"},"modified":"2021-07-09T14:16:30","modified_gmt":"2021-07-09T13:16:30","slug":"presentation-de-la-20e-edition-de-neuvilen-jazz","status":"publish","type":"post","link":"https:\/\/unionpourlavienne.fr\/Union_Vienne_2016\/wordpress\/presentation-de-la-20e-edition-de-neuvilen-jazz\/","title":{"rendered":"Pr\u00e9sentation de la 20e \u00e9dition de Neuvil&rsquo;en Jazz"},"content":{"rendered":"<p>S\u00e9verine SAINT-P\u00c9, Vice-Pr\u00e9sidente du D\u00e9partement, Maire de Neuville-de-Poitou, Bruno BELIN, Conseiller D\u00e9partemental, Pr\u00e9sident de la Commission Culture et \u00c9v\u00e8nementiel, S\u00e9nateur et Maurice ABITBOL, Pr\u00e9sident de l\u2019association Neuvil\u2019en Jazz ont pr\u00e9sent\u00e9, ce jour, la programmation de la 20e \u00e9dition du festival Neuvil\u2019en Jazz, qui se tiendra, \u00e0 Neuville-de-Poitou du 22 au 25 juillet. Cette ann\u00e9e, la manifestation est d\u00e9di\u00e9e aux voix et instrumentistes f\u00e9minines.<\/p>\n<p>Etaient \u00e9galement pr\u00e9sents Rose-Marie BERTAUD, Vice-Pr\u00e9sidente du D\u00e9partement et Beno\u00eet PRIN\u00c7AY, Conseiller D\u00e9partemental du canton de Mign\u00e9-Auxances.<\/p>\n<p><iframe src=\"http:\/\/unionpourlavienne.fr\/2021-07-09\/index.html\" style=\"width:700px;height:470px;max-width:100%;overflow:hidden;border:none;padding:0;margin:0 auto;display:block;\" marginheight=\"0\" marginwidth=\"0\"><\/iframe><\/p>\n<p>&nbsp;<\/p>\n<p style=\"text-align: right;\"><a href=\"https:\/\/unionpourlavienne.fr\/Union_Vienne_2016\/wordpress\/wp-content\/uploads\/2021\/07\/programmation.pdf\" target=\"_blank\" rel=\"noopener noreferrer\">T\u00e9l\u00e9charger la plaquette<\/a><\/p>\n<p style=\"text-align: center;\">\u00a0\u00a0<a href=\"https:\/\/unionpourlavienne.fr\/Union_Vienne_2016\/wordpress\/wp-content\/uploads\/2021\/07\/04.jpg\" target=\"_blank\" rel=\"noopener noreferrer\"><img loading=\"lazy\" class=\"alignnone size-medium wp-image-3868\" src=\"https:\/\/unionpourlavienne.fr\/Union_Vienne_2016\/wordpress\/wp-content\/uploads\/2021\/07\/04-270x300.jpg\" alt=\"\" width=\"270\" height=\"300\" srcset=\"https:\/\/unionpourlavienne.fr\/Union_Vienne_2016\/wordpress\/wp-content\/uploads\/2021\/07\/04-270x300.jpg 270w, https:\/\/unionpourlavienne.fr\/Union_Vienne_2016\/wordpress\/wp-content\/uploads\/2021\/07\/04-768x854.jpg 768w, https:\/\/unionpourlavienne.fr\/Union_Vienne_2016\/wordpress\/wp-content\/uploads\/2021\/07\/04-921x1024.jpg 921w\" sizes=\"(max-width: 270px) 100vw, 270px\" \/><\/a> <a href=\"https:\/\/unionpourlavienne.fr\/Union_Vienne_2016\/wordpress\/wp-content\/uploads\/2021\/07\/01.jpg\" target=\"_blank\" rel=\"noopener noreferrer\"><img loading=\"lazy\" class=\"alignnone wp-image-3865 size-medium\" src=\"https:\/\/unionpourlavienne.fr\/Union_Vienne_2016\/wordpress\/wp-content\/uploads\/2021\/07\/01-275x300.jpg\" alt=\"\" width=\"275\" height=\"300\" srcset=\"https:\/\/unionpourlavienne.fr\/Union_Vienne_2016\/wordpress\/wp-content\/uploads\/2021\/07\/01-275x300.jpg 275w, https:\/\/unionpourlavienne.fr\/Union_Vienne_2016\/wordpress\/wp-content\/uploads\/2021\/07\/01-768x837.jpg 768w, https:\/\/unionpourlavienne.fr\/Union_Vienne_2016\/wordpress\/wp-content\/uploads\/2021\/07\/01-940x1024.jpg 940w\" sizes=\"(max-width: 275px) 100vw, 275px\" \/><\/a><\/p>\n<p style=\"text-align: center;\"><a href=\"https:\/\/unionpourlavienne.fr\/Union_Vienne_2016\/wordpress\/wp-content\/uploads\/2021\/07\/02.jpg\" target=\"_blank\" rel=\"noopener noreferrer\"><img loading=\"lazy\" class=\"alignnone wp-image-3866 size-medium\" src=\"https:\/\/unionpourlavienne.fr\/Union_Vienne_2016\/wordpress\/wp-content\/uploads\/2021\/07\/02-270x300.jpg\" alt=\"\" width=\"270\" height=\"300\" srcset=\"https:\/\/unionpourlavienne.fr\/Union_Vienne_2016\/wordpress\/wp-content\/uploads\/2021\/07\/02-270x300.jpg 270w, https:\/\/unionpourlavienne.fr\/Union_Vienne_2016\/wordpress\/wp-content\/uploads\/2021\/07\/02-768x853.jpg 768w, https:\/\/unionpourlavienne.fr\/Union_Vienne_2016\/wordpress\/wp-content\/uploads\/2021\/07\/02-922x1024.jpg 922w\" sizes=\"(max-width: 270px) 100vw, 270px\" \/><\/a><a href=\"https:\/\/unionpourlavienne.fr\/Union_Vienne_2016\/wordpress\/wp-content\/uploads\/2021\/07\/03.jpg\" target=\"_blank\" rel=\"noopener noreferrer\"><img loading=\"lazy\" class=\"alignnone size-medium wp-image-3867\" src=\"https:\/\/unionpourlavienne.fr\/Union_Vienne_2016\/wordpress\/wp-content\/uploads\/2021\/07\/03-272x300.jpg\" alt=\"\" width=\"272\" height=\"300\" srcset=\"https:\/\/unionpourlavienne.fr\/Union_Vienne_2016\/wordpress\/wp-content\/uploads\/2021\/07\/03-272x300.jpg 272w, https:\/\/unionpourlavienne.fr\/Union_Vienne_2016\/wordpress\/wp-content\/uploads\/2021\/07\/03-768x849.jpg 768w, https:\/\/unionpourlavienne.fr\/Union_Vienne_2016\/wordpress\/wp-content\/uploads\/2021\/07\/03-927x1024.jpg 927w\" sizes=\"(max-width: 272px) 100vw, 272px\" \/><\/a><\/p>\n","protected":false},"excerpt":{"rendered":"<p>S\u00e9verine SAINT-P\u00c9, Bruno BELIN et Maurice ABITBOL ont pr\u00e9sent\u00e9, ce jour, la programmation de la 20e \u00e9dition du festival Neuvil\u2019en Jazz, qui se tiendra, \u00e0 Neuville-de-Poitou du 22 au 25 juillet&#8230;<\/p>\n","protected":false},"author":1,"featured_media":3864,"comment_status":"closed","ping_status":"open","sticky":false,"template":"","format":"standard","meta":[],"categories":[66,78],"tags":[17,19,37,38],"_links":{"self":[{"href":"https:\/\/unionpourlavienne.fr\/Union_Vienne_2016\/wordpress\/wp-json\/wp\/v2\/posts\/3863"}],"collection":[{"href":"https:\/\/unionpourlavienne.fr\/Union_Vienne_2016\/wordpress\/wp-json\/wp\/v2\/posts"}],"about":[{"href":"https:\/\/unionpourlavienne.fr\/Union_Vienne_2016\/wordpress\/wp-json\/wp\/v2\/types\/post"}],"author":[{"embeddable":true,"href":"https:\/\/unionpourlavienne.fr\/Union_Vienne_2016\/wordpress\/wp-json\/wp\/v2\/users\/1"}],"replies":[{"embeddable":true,"href":"https:\/\/unionpourlavienne.fr\/Union_Vienne_2016\/wordpress\/wp-json\/wp\/v2\/comments?post=3863"}],"version-history":[{"count":4,"href":"https:\/\/unionpourlavienne.fr\/Union_Vienne_2016\/wordpress\/wp-json\/wp\/v2\/posts\/3863\/revisions"}],"predecessor-version":[{"id":3873,"href":"https:\/\/unionpourlavienne.fr\/Union_Vienne_2016\/wordpress\/wp-json\/wp\/v2\/posts\/3863\/revisions\/3873"}],"wp:featuredmedia":[{"embeddable":true,"href":"https:\/\/unionpourlavienne.fr\/Union_Vienne_2016\/wordpress\/wp-json\/wp\/v2\/media\/3864"}],"wp:attachment":[{"href":"https:\/\/unionpourlavienne.fr\/Union_Vienne_2016\/wordpress\/wp-json\/wp\/v2\/media?parent=3863"}],"wp:term":[{"taxonomy":"category","embeddable":true,"href":"https:\/\/unionpourlavienne.fr\/Union_Vienne_2016\/wordpress\/wp-json\/wp\/v2\/categories?post=3863"},{"taxonomy":"post_tag","embeddable":true,"href":"https:\/\/unionpourlavienne.fr\/Union_Vienne_2016\/wordpress\/wp-json\/wp\/v2\/tags?post=3863"}],"curies":[{"name":"wp","href":"https:\/\/api.w.org\/{rel}","templated":true}]}}