{"id":3877,"date":"2021-08-30T13:32:18","date_gmt":"2021-08-30T12:32:18","guid":{"rendered":"http:\/\/unionpourlavienne.fr\/Union_Vienne_2016\/wordpress\/?p=3877"},"modified":"2021-09-10T13:38:29","modified_gmt":"2021-09-10T12:38:29","slug":"rentree-scolaire-dans-les-colleges","status":"publish","type":"post","link":"https:\/\/unionpourlavienne.fr\/Union_Vienne_2016\/wordpress\/rentree-scolaire-dans-les-colleges\/","title":{"rendered":"Rentr\u00e9e scolaire dans les coll\u00e8ges"},"content":{"rendered":"<p style=\"font-weight: 400;\">Jeudi 2 septembre, plus de 20\u00a0200 coll\u00e9giens ont repris le chemin des 34 coll\u00e8ges publics et 12 coll\u00e8ges priv\u00e9s de la Vienne.<\/p>\n<p style=\"font-weight: 400;\">R\u00e9novation \u00e9nerg\u00e9tique, maintenance et entretien, investissements, constructions, r\u00e9parations, num\u00e9rique \u00e9ducatif, restauration scolaire\u2026 Les coll\u00e9giens de la Vienne sont une priorit\u00e9 pour le D\u00e9partement.<\/p>\n<p style=\"font-weight: 400;\">Alain PICHON, Pr\u00e9sident du D\u00e9partement de la Vienne accompagn\u00e9 d\u2019Henri COLIN, Vice-Pr\u00e9sident en charge de l\u2019\u00c9ducation, des Coll\u00e8ges, des B\u00e2timents et des Relations avec l\u2019Universit\u00e9 ont pr\u00e9sent\u00e9 les grandes lignes de cette rentr\u00e9e scolaire 2021\/2022 lors d\u2019une conf\u00e9rence de presse.<\/p>\n","protected":false},"excerpt":{"rendered":"<p>R\u00e9novation \u00e9nerg\u00e9tique, maintenance et entretien, investissements, constructions, r\u00e9parations, num\u00e9rique \u00e9ducatif, restauration scolaire\u2026<\/p>\n","protected":false},"author":1,"featured_media":3878,"comment_status":"closed","ping_status":"open","sticky":false,"template":"","format":"standard","meta":[],"categories":[59],"tags":[14,26,94],"_links":{"self":[{"href":"https:\/\/unionpourlavienne.fr\/Union_Vienne_2016\/wordpress\/wp-json\/wp\/v2\/posts\/3877"}],"collection":[{"href":"https:\/\/unionpourlavienne.fr\/Union_Vienne_2016\/wordpress\/wp-json\/wp\/v2\/posts"}],"about":[{"href":"https:\/\/unionpourlavienne.fr\/Union_Vienne_2016\/wordpress\/wp-json\/wp\/v2\/types\/post"}],"author":[{"embeddable":true,"href":"https:\/\/unionpourlavienne.fr\/Union_Vienne_2016\/wordpress\/wp-json\/wp\/v2\/users\/1"}],"replies":[{"embeddable":true,"href":"https:\/\/unionpourlavienne.fr\/Union_Vienne_2016\/wordpress\/wp-json\/wp\/v2\/comments?post=3877"}],"version-history":[{"count":1,"href":"https:\/\/unionpourlavienne.fr\/Union_Vienne_2016\/wordpress\/wp-json\/wp\/v2\/posts\/3877\/revisions"}],"predecessor-version":[{"id":3879,"href":"https:\/\/unionpourlavienne.fr\/Union_Vienne_2016\/wordpress\/wp-json\/wp\/v2\/posts\/3877\/revisions\/3879"}],"wp:featuredmedia":[{"embeddable":true,"href":"https:\/\/unionpourlavienne.fr\/Union_Vienne_2016\/wordpress\/wp-json\/wp\/v2\/media\/3878"}],"wp:attachment":[{"href":"https:\/\/unionpourlavienne.fr\/Union_Vienne_2016\/wordpress\/wp-json\/wp\/v2\/media?parent=3877"}],"wp:term":[{"taxonomy":"category","embeddable":true,"href":"https:\/\/unionpourlavienne.fr\/Union_Vienne_2016\/wordpress\/wp-json\/wp\/v2\/categories?post=3877"},{"taxonomy":"post_tag","embeddable":true,"href":"https:\/\/unionpourlavienne.fr\/Union_Vienne_2016\/wordpress\/wp-json\/wp\/v2\/tags?post=3877"}],"curies":[{"name":"wp","href":"https:\/\/api.w.org\/{rel}","templated":true}]}}