{"id":3916,"date":"2021-09-22T10:35:10","date_gmt":"2021-09-22T09:35:10","guid":{"rendered":"http:\/\/unionpourlavienne.fr\/Union_Vienne_2016\/wordpress\/?p=3916"},"modified":"2021-09-22T10:50:40","modified_gmt":"2021-09-22T09:50:40","slug":"3916-2","status":"publish","type":"post","link":"https:\/\/unionpourlavienne.fr\/Union_Vienne_2016\/wordpress\/3916-2\/","title":{"rendered":"Travaux sur le pont de Dang\u00e9-Saint-Romain"},"content":{"rendered":"<p>Alain PICHON, Pr\u00e9sident du D\u00e9partement de la Vienne accompagn\u00e9 de Val\u00e9rie DAUGE, 1ere Vice-Pr\u00e9sidente du D\u00e9partement, de Gilbert BEAUJANEAU, Pr\u00e9sident de la Commission des Routes et de la Mobilit\u00e9 et de G\u00e9rard P\u00c9ROCHON, Rapporteur de la Commission des Routes et de la Mobilit\u00e9, ont pr\u00e9sent\u00e9, ce jour, les travaux, actuellement en cours, sur le pont qui franchit la Vienne \u00e0 Dang\u00e9-Saint-Romain. \u00c9tait \u00e9galement pr\u00e9sente Brigitte MORIN, Adjointe au maire de Dang\u00e9-Saint-Romain.<\/p>\n<p><img loading=\"lazy\" class=\"aligncenter size-full wp-image-3918\" src=\"https:\/\/unionpourlavienne.fr\/Union_Vienne_2016\/wordpress\/wp-content\/uploads\/2021\/09\/pont.jpg\" alt=\"\" width=\"700\" height=\"209\" srcset=\"https:\/\/unionpourlavienne.fr\/Union_Vienne_2016\/wordpress\/wp-content\/uploads\/2021\/09\/pont.jpg 700w, https:\/\/unionpourlavienne.fr\/Union_Vienne_2016\/wordpress\/wp-content\/uploads\/2021\/09\/pont-300x90.jpg 300w\" sizes=\"(max-width: 700px) 100vw, 700px\" \/><\/p>\n<p>Ce pont a \u00e9t\u00e9 construit dans les ann\u00e9es 1850 pour relier les deux parties de la commune de Dan-g\u00e9 et de Saint-Romain. En ma\u00e7onnerie et en pierres provenant de la carri\u00e8re de Chauvigny, il est compos\u00e9 de cinq arches et mesure 119,50 m\u00e8tres de long. Deux arches d\u00e9truites durant la Seconde Guerre mondiale ont \u00e9t\u00e9 reconstruites en 1961.<\/p>\n<p>L\u2019\u00e9difice a connu une premi\u00e8re phase de travaux de septembre 2019 \u00e0 f\u00e9vrier 2020. Sa structure a, alors, \u00e9t\u00e9 renforc\u00e9e par une dalle en b\u00e9ton arm\u00e9 pour permettre l\u2019installation d\u2019une passerelle pi\u00e9tonne. La deuxi\u00e8me phase de travaux, en 2020, a permis de renforcer les fondations de deux piles du pont.<\/p>\n<p>Cette ann\u00e9e, la troisi\u00e8me phase des travaux concerne le renforcement de deux autres piles. Le chantier, d\u00e9but\u00e9 en ao\u00fbt, consiste \u00e0 renforcer les fondations qui seront entour\u00e9es par un rideau de palplanches. Par la suite, une dalle en b\u00e9ton arm\u00e9 sera coul\u00e9e dans l\u2019enceinte des palplanches. Le rejointoiement des bases de piles et la mise en place d\u2019enrochements qui prot\u00e9geront les sols sont \u00e9galement pr\u00e9vus lors de ces travaux qui prendront fin le 1er octobre prochain.<\/p>\n<p>Cette troisi\u00e8me phase est chiffr\u00e9e \u00e0 430 000 \u20ac. Au tu total, ces chantiers de renforcement des piles entre 2020 et 2021, re 2020 et 2021, repr\u00e9sentent 900 000 \u20ac, financ\u00e9s par le Conseil D\u00e9partemental de la Vienne..<\/p>\n<p>&nbsp;<\/p>\n","protected":false},"excerpt":{"rendered":"<p>Alain PICHON accompagn\u00e9 de Val\u00e9rie DAUGE, de Gilbert BEAUJANEAU et de G\u00e9rard P\u00c9ROCHON ont pr\u00e9sent\u00e9, ce jour, les travaux sur le pont qui franchit la Vienne \u00e0 Dang\u00e9-Saint-Romain&#8230;<\/p>\n","protected":false},"author":1,"featured_media":3917,"comment_status":"closed","ping_status":"open","sticky":false,"template":"","format":"standard","meta":[],"categories":[60,86,63],"tags":[14,96,24,40],"_links":{"self":[{"href":"https:\/\/unionpourlavienne.fr\/Union_Vienne_2016\/wordpress\/wp-json\/wp\/v2\/posts\/3916"}],"collection":[{"href":"https:\/\/unionpourlavienne.fr\/Union_Vienne_2016\/wordpress\/wp-json\/wp\/v2\/posts"}],"about":[{"href":"https:\/\/unionpourlavienne.fr\/Union_Vienne_2016\/wordpress\/wp-json\/wp\/v2\/types\/post"}],"author":[{"embeddable":true,"href":"https:\/\/unionpourlavienne.fr\/Union_Vienne_2016\/wordpress\/wp-json\/wp\/v2\/users\/1"}],"replies":[{"embeddable":true,"href":"https:\/\/unionpourlavienne.fr\/Union_Vienne_2016\/wordpress\/wp-json\/wp\/v2\/comments?post=3916"}],"version-history":[{"count":2,"href":"https:\/\/unionpourlavienne.fr\/Union_Vienne_2016\/wordpress\/wp-json\/wp\/v2\/posts\/3916\/revisions"}],"predecessor-version":[{"id":3920,"href":"https:\/\/unionpourlavienne.fr\/Union_Vienne_2016\/wordpress\/wp-json\/wp\/v2\/posts\/3916\/revisions\/3920"}],"wp:featuredmedia":[{"embeddable":true,"href":"https:\/\/unionpourlavienne.fr\/Union_Vienne_2016\/wordpress\/wp-json\/wp\/v2\/media\/3917"}],"wp:attachment":[{"href":"https:\/\/unionpourlavienne.fr\/Union_Vienne_2016\/wordpress\/wp-json\/wp\/v2\/media?parent=3916"}],"wp:term":[{"taxonomy":"category","embeddable":true,"href":"https:\/\/unionpourlavienne.fr\/Union_Vienne_2016\/wordpress\/wp-json\/wp\/v2\/categories?post=3916"},{"taxonomy":"post_tag","embeddable":true,"href":"https:\/\/unionpourlavienne.fr\/Union_Vienne_2016\/wordpress\/wp-json\/wp\/v2\/tags?post=3916"}],"curies":[{"name":"wp","href":"https:\/\/api.w.org\/{rel}","templated":true}]}}