{"id":3929,"date":"2021-09-29T14:12:30","date_gmt":"2021-09-29T13:12:30","guid":{"rendered":"http:\/\/unionpourlavienne.fr\/Union_Vienne_2016\/wordpress\/?p=3929"},"modified":"2021-09-29T14:28:42","modified_gmt":"2021-09-29T13:28:42","slug":"election-du-presidente-du-conseil-departemental-des-jeunes","status":"publish","type":"post","link":"https:\/\/unionpourlavienne.fr\/Union_Vienne_2016\/wordpress\/election-du-presidente-du-conseil-departemental-des-jeunes\/","title":{"rendered":"\u00c9lection du Pr\u00e9sident(e) du Conseil D\u00e9partemental des Jeunes"},"content":{"rendered":"<p>Alain PICHON, Pr\u00e9sident du D\u00e9partement de la Vienne, accompagn\u00e9 de Val\u00e9rie CHEBASSIER, Rapporteur de la Commission Jeunesse, Sport et Citoyennet\u00e9, ont pr\u00e9sent\u00e9, ce jour, l\u2019institution d\u00e9partementale et ses comp\u00e9tences aux jeunes \u00e9lus du Conseil D\u00e9partemental des Jeunes, r\u00e9unis pour leur r\u00e9union pl\u00e9ni\u00e8re. L\u2019occasion \u00e9galement pour eux, d\u2019\u00e9lire leur Pr\u00e9sidente et les Vice-Pr\u00e9sidents.<\/p>\n<p><iframe loading=\"lazy\" style=\"width: 700px; height: 470px; max-width: 100%; overflow: hidden; border: none; padding: 0; margin: 0 auto; display: block;\" src=\"http:\/\/unionpourlavienne.fr\/2021-09-29\/index.html\" width=\"300\" height=\"150\" marginwidth=\"0\" marginheight=\"0\"><\/iframe><\/p>\n<p>D\u00e9cid\u00e9 par l\u2019assembl\u00e9e d\u00e9partementale lors du vote du budget 2020, le Conseil D\u00e9partemental des Jeunes (CDJ) est un espace pour donner la parole \u00e0 ceux qui feront notre futur. Prendre en compte les besoins sp\u00e9cifiques des coll\u00e9giens, valoriser leurs potentiels et favoriser le d\u00e9veloppement de leur autonomie, telles sont les ambitions du projet. Plusieurs rencontres (installation, validation des projets, restitution des projets et les travaux en commissions) sont ainsi pr\u00e9vues au cours de leur mandat qui couvre deux ann\u00e9es scolaires.<\/p>\n<p>La crise et la situation sanitaire contraignante ont quelque peu perturb\u00e9 le lancement officiel du Conseil D\u00e9partemental des Jeunes de la Vienne. La premi\u00e8re s\u00e9ance, en mars, r\u00e9unissant les 46 conseillers juniors issus des classes de 5e et 4e des coll\u00e8ges publics et priv\u00e9s de la Vienne, s\u2019est d\u2019ailleurs tenue en visio-conf\u00e9rence. Les jeunes se sont alors r\u00e9partis dans des commissions abordant plusieurs th\u00e9matiques :<\/p>\n<p><span style=\"color: #ff6600;\"><strong>&gt;&gt;&gt; Environnement<\/strong><\/span><\/p>\n<p style=\"padding-left: 30px;\">&#8211; Alimentation locale, bio et lutte contre le gaspillage alimentaire et les d\u00e9chets de cantine.<br \/>\n&#8211; Arbres, haies et vergers : am\u00e9liorer la biodiversit\u00e9 dans et autour des coll\u00e8ges.<br \/>\n&#8211; Utiliser les moyens de transport \u00e9co-responsables pour se rendre au coll\u00e8ge (v\u00e9lo, bus, marche\u2026).<\/p>\n<p><strong><span style=\"color: #ff6600;\">&gt;&gt;&gt; Vivre-ensemble<\/span><\/strong><\/p>\n<p style=\"padding-left: 30px;\">&#8211; Comment favoriser les \u00e9changes entre coll\u00e9giens pour apprendre \u00e0 mieux se conna\u00eetre, \u00e0 mieux comprendre l\u2019autre et ne pas le juger et accepter les diff\u00e9rences.<br \/>\n&#8211; Organiser des rencontres entre coll\u00e8ges pour favoriser les temps d\u2019\u00e9changes autour d\u2019activit\u00e9s culturelles, sportives, ludiques\u2026<\/p>\n<p><strong><span style=\"color: #ff6600;\">&gt;&gt;&gt; Culture<\/span><\/strong><\/p>\n<p style=\"padding-left: 30px;\">Comment faire conna\u00eetre les offres culturelles du d\u00e9partement aux coll\u00e9giens (spectacle vivant, arts visuels, cin\u00e9ma et audiovisuel, patrimoine\u2026).<\/p>\n<p><strong><span style=\"color: #ff6600;\">&gt;&gt;&gt; Sport<\/span><\/strong><\/p>\n<p style=\"padding-left: 30px;\">Sport et sant\u00e9<\/p>\n<p>&nbsp;<\/p>\n<p>En juin, les conseillers juniors se sont retrouv\u00e9s sur le terrain :<\/p>\n<p style=\"padding-left: 30px;\"><strong><span style=\"color: #ff6600;\">&gt;<\/span><\/strong> Arena Futuroscope pour le groupe Sport sant\u00e9<br \/>\n<strong><span style=\"color: #ff6600;\">&gt;<\/span><\/strong> Biblioth\u00e8que D\u00e9partementale de la Vienne pour le groupe Culture<br \/>\n<strong><span style=\"color: #ff6600;\">&gt;<\/span><\/strong> Espace Naturel Sensible \u00able Bois de la Loge\u00bb de Pouill\u00e9 pour le groupe Environnement<br \/>\n<strong><span style=\"color: #ff6600;\">&gt;<\/span><\/strong> 35e coll\u00e8ge de Vouneuil-sous-Biard pour le groupe Vivre ensemble<\/p>\n<p>Apr\u00e8s ces visites, ils ont travaill\u00e9, par th\u00e9matique, pour faire avancer les projets qui avaient \u00e9merg\u00e9 lors d\u2019une r\u00e9union de travail en visio le 5 mai dernier. Les jeunes \u00e9lus avaient alors travaill\u00e9 en sous-groupes th\u00e9matiques pour l\u2019\u00e9laboration de propositions.<\/p>\n<p>&nbsp;<\/p>\n<p><strong><span style=\"color: #ff6600;\">Election du pr\u00e9sident et des vice-pr\u00e9sidents<\/span><\/strong><\/p>\n<p>Cette nouvelle r\u00e9union, \u00e0 l\u2019H\u00f4tel du D\u00e9partement, est l\u2019occasion pour Alain PICHON, Pr\u00e9sident du D\u00e9partement de la Vienne, de pr\u00e9senter aux Conseillers D\u00e9partementaux juniors, l\u2019institution d\u00e9partementale et les comp\u00e9tences de la nouvelle assembl\u00e9e d\u00e9partementale \u00e9lue lors des \u00e9lections de juin dernier.<\/p>\n<p>Apr\u00e8s un travail en commission, les jeunes ont \u00e9lu Sarah FIAM (coll\u00e8ge de la Providence \u00e0 Poitiers), Pr\u00e9sidente du Conseil D\u00e9partemental des Jeunes et les trois Vice-Pr\u00e9sidents, \u00e0 savoir Simon TITUS (coll\u00e8ge Jardin des Plantes \u00e0 Poitiers), Shanice KEBE (coll\u00e8ge Th\u00e9ophraste Renaudot \u00e0 Saint-Beno\u00eet) et L\u00e9onie CHAPERON (coll\u00e8ge Jean Jaur\u00e8s \u00e0 Gen\u00e7ay).<\/p>\n<p>&nbsp;<\/p>\n<p>&nbsp;<\/p>\n<p>&nbsp;<\/p>\n<p>&nbsp;<\/p>\n","protected":false},"excerpt":{"rendered":"<p>Sarah FIAM, \u00e9lue Pr\u00e9sidente !<\/p>\n","protected":false},"author":1,"featured_media":3930,"comment_status":"closed","ping_status":"open","sticky":false,"template":"","format":"standard","meta":[],"categories":[1],"tags":[14],"_links":{"self":[{"href":"https:\/\/unionpourlavienne.fr\/Union_Vienne_2016\/wordpress\/wp-json\/wp\/v2\/posts\/3929"}],"collection":[{"href":"https:\/\/unionpourlavienne.fr\/Union_Vienne_2016\/wordpress\/wp-json\/wp\/v2\/posts"}],"about":[{"href":"https:\/\/unionpourlavienne.fr\/Union_Vienne_2016\/wordpress\/wp-json\/wp\/v2\/types\/post"}],"author":[{"embeddable":true,"href":"https:\/\/unionpourlavienne.fr\/Union_Vienne_2016\/wordpress\/wp-json\/wp\/v2\/users\/1"}],"replies":[{"embeddable":true,"href":"https:\/\/unionpourlavienne.fr\/Union_Vienne_2016\/wordpress\/wp-json\/wp\/v2\/comments?post=3929"}],"version-history":[{"count":3,"href":"https:\/\/unionpourlavienne.fr\/Union_Vienne_2016\/wordpress\/wp-json\/wp\/v2\/posts\/3929\/revisions"}],"predecessor-version":[{"id":3934,"href":"https:\/\/unionpourlavienne.fr\/Union_Vienne_2016\/wordpress\/wp-json\/wp\/v2\/posts\/3929\/revisions\/3934"}],"wp:featuredmedia":[{"embeddable":true,"href":"https:\/\/unionpourlavienne.fr\/Union_Vienne_2016\/wordpress\/wp-json\/wp\/v2\/media\/3930"}],"wp:attachment":[{"href":"https:\/\/unionpourlavienne.fr\/Union_Vienne_2016\/wordpress\/wp-json\/wp\/v2\/media?parent=3929"}],"wp:term":[{"taxonomy":"category","embeddable":true,"href":"https:\/\/unionpourlavienne.fr\/Union_Vienne_2016\/wordpress\/wp-json\/wp\/v2\/categories?post=3929"},{"taxonomy":"post_tag","embeddable":true,"href":"https:\/\/unionpourlavienne.fr\/Union_Vienne_2016\/wordpress\/wp-json\/wp\/v2\/tags?post=3929"}],"curies":[{"name":"wp","href":"https:\/\/api.w.org\/{rel}","templated":true}]}}