{"id":3941,"date":"2021-09-30T10:15:21","date_gmt":"2021-09-30T09:15:21","guid":{"rendered":"http:\/\/unionpourlavienne.fr\/Union_Vienne_2016\/wordpress\/?p=3941"},"modified":"2021-10-14T09:30:12","modified_gmt":"2021-10-14T08:30:12","slug":"une-femme-pour-le-nom-du-35e-college","status":"publish","type":"post","link":"https:\/\/unionpourlavienne.fr\/Union_Vienne_2016\/wordpress\/une-femme-pour-le-nom-du-35e-college\/","title":{"rendered":"Une femme pour le nom du 35<sup>e<\/sup> coll\u00e8ge"},"content":{"rendered":"<p>Alain PICHON, Pr\u00e9sident du D\u00e9partement de la Vienne a souhait\u00e9 que les \u00e9l\u00e8ves des communes de rattachement soient associ\u00e9s au choix du nom de leur futur \u00e9tablissement. C\u2019est pourquoi avant que le Conseil D\u00e9partemental ne se prononce sur le choix du nom du 35e coll\u00e8ge, les \u00e9l\u00e8ves des classes de CM2 des \u00e9coles de Vouneuil-sous-Biard, Chasseneuil-du-Poitou et Mign\u00e9-Auxances et ceux de 6e du coll\u00e8ge Henri IV r\u00e9fl\u00e9chissent sur une liste ferm\u00e9e de noms pour proposer celui qu\u2019ils souhaiteraient pour leur futur coll\u00e8ge.<\/p>\n<p>Si la conduite p\u00e9dagogique de ce projet est laiss\u00e9e \u00e0 l\u2019initiative des enseignants, le choix argument\u00e9 des \u00e9l\u00e8ves sera pr\u00e9sent\u00e9 sous la forme d\u2019un rapide film de 2mn. Les \u00e9lus visionneront ces films avant d\u2019arr\u00eater leur d\u00e9cision.<\/p>\n<p>Suite aux diff\u00e9rents \u00e9changes, un cahier des charges a \u00e9t\u00e9 \u00e9tabli :<\/p>\n<p>Une femme, une personnalit\u00e9 d\u00e9c\u00e9d\u00e9e, sans un lien n\u00e9cessaire avec la Vienne, ayant eu un parcours de vie susceptible d\u2019\u00e9clairer les \u00e9l\u00e8ves par son exemplarit\u00e9 et les valeurs v\u00e9hicul\u00e9es faisant aussi progresser par cet engagement la cause de l\u2019\u00e9galit\u00e9 femme\/homme et appartenant aux domaines de la culture, du sport, des sciences, de l\u2019engagement citoyen.<\/p>\n<p>&nbsp;<\/p>\n<p>Six noms ont \u00e9merg\u00e9 :<\/p>\n<p><strong><span style=\"color: #ff9900;\">Genevi\u00e8ve ANTHONIOZ-DE GAULLE<\/span><\/strong> &#8211; R\u00e9sistante fran\u00e7aise puis militante des droits de l\u2019homme et de la lutte contre la pauvret\u00e9<\/p>\n<p><strong><span style=\"color: #ff9900;\">Jos\u00e9phine BAKER<\/span><\/strong> &#8211; Chanteuse, danseuse, actrice, meneuse de revue et r\u00e9sistante fran\u00e7aise d\u2019origine am\u00e9ricaine<\/p>\n<p><strong><span style=\"color: #ff9900;\">Olympe de GOUGES<\/span><\/strong> &#8211; Femme de lettres fran\u00e7aise, devenue femme politique sous la R\u00e9volution. L\u2019une des pionni\u00e8res du f\u00e9minisme fran\u00e7ais<\/p>\n<p><strong><span style=\"color: #ff9900;\">Ida GRINSPAN<\/span><\/strong> \u2013 Rescap\u00e9e du camp d\u2019Auschwitz-Birkenau, elle a transmis la m\u00e9moire de la Shoah \u00e0 des g\u00e9n\u00e9rations de coll\u00e9giens et de lyc\u00e9ens, tout particuli\u00e8rement dans la Vienne<\/p>\n<p><strong><span style=\"color: #ff9900;\">Marie MARVINGT<\/span><\/strong> &#8211; Pionni\u00e8re de l\u2019aviation, inventrice, sportive, alpiniste, infirmi\u00e8re et journaliste fran\u00e7aise<\/p>\n<p><strong><span style=\"color: #ff9900;\">Simone VEIL<\/span><\/strong> &#8211; Rescap\u00e9e du camp d\u2019Auschwitz-Birkenau, magistrate et femme politique fran\u00e7aise (ministre de la Sant\u00e9 puis des Affaires sociales, de la Sant\u00e9 et de la Ville). Elue \u00e0 l\u2019Acad\u00e9mie fran\u00e7aise<\/p>\n<p>&nbsp;<\/p>\n<p>Le nom du 35e coll\u00e8ge sera soumis au vote le vendredi 17 d\u00e9cembre prochain, lors de la session consacr\u00e9e au vote du budget.<\/p>\n<p>&nbsp;<\/p>\n","protected":false},"excerpt":{"rendered":"<p>Alain PICHON a souhait\u00e9 que les \u00e9l\u00e8ves des communes de rattachement soient associ\u00e9s au choix du nom de leur futur \u00e9tablissement. C\u2019est pourquoi avant que le Conseil D\u00e9partemental ne se prononce sur le choix du nom du 35e coll\u00e8ge, les \u00e9l\u00e8ves des classes de CM2 des \u00e9coles de Vouneuil-sous-Biard, Chasseneuil-du-Poitou et Mign\u00e9-Auxances et ceux de 6e du coll\u00e8ge Henri IV r\u00e9fl\u00e9chissent sur une liste ferm\u00e9e de noms pour proposer celui qu\u2019ils souhaiteraient pour leur futur coll\u00e8ge&#8230;<\/p>\n","protected":false},"author":1,"featured_media":3942,"comment_status":"closed","ping_status":"open","sticky":false,"template":"","format":"standard","meta":[],"categories":[59,83],"tags":[14],"_links":{"self":[{"href":"https:\/\/unionpourlavienne.fr\/Union_Vienne_2016\/wordpress\/wp-json\/wp\/v2\/posts\/3941"}],"collection":[{"href":"https:\/\/unionpourlavienne.fr\/Union_Vienne_2016\/wordpress\/wp-json\/wp\/v2\/posts"}],"about":[{"href":"https:\/\/unionpourlavienne.fr\/Union_Vienne_2016\/wordpress\/wp-json\/wp\/v2\/types\/post"}],"author":[{"embeddable":true,"href":"https:\/\/unionpourlavienne.fr\/Union_Vienne_2016\/wordpress\/wp-json\/wp\/v2\/users\/1"}],"replies":[{"embeddable":true,"href":"https:\/\/unionpourlavienne.fr\/Union_Vienne_2016\/wordpress\/wp-json\/wp\/v2\/comments?post=3941"}],"version-history":[{"count":4,"href":"https:\/\/unionpourlavienne.fr\/Union_Vienne_2016\/wordpress\/wp-json\/wp\/v2\/posts\/3941\/revisions"}],"predecessor-version":[{"id":3977,"href":"https:\/\/unionpourlavienne.fr\/Union_Vienne_2016\/wordpress\/wp-json\/wp\/v2\/posts\/3941\/revisions\/3977"}],"wp:featuredmedia":[{"embeddable":true,"href":"https:\/\/unionpourlavienne.fr\/Union_Vienne_2016\/wordpress\/wp-json\/wp\/v2\/media\/3942"}],"wp:attachment":[{"href":"https:\/\/unionpourlavienne.fr\/Union_Vienne_2016\/wordpress\/wp-json\/wp\/v2\/media?parent=3941"}],"wp:term":[{"taxonomy":"category","embeddable":true,"href":"https:\/\/unionpourlavienne.fr\/Union_Vienne_2016\/wordpress\/wp-json\/wp\/v2\/categories?post=3941"},{"taxonomy":"post_tag","embeddable":true,"href":"https:\/\/unionpourlavienne.fr\/Union_Vienne_2016\/wordpress\/wp-json\/wp\/v2\/tags?post=3941"}],"curies":[{"name":"wp","href":"https:\/\/api.w.org\/{rel}","templated":true}]}}