{"id":3963,"date":"2021-10-12T08:51:40","date_gmt":"2021-10-12T07:51:40","guid":{"rendered":"http:\/\/unionpourlavienne.fr\/Union_Vienne_2016\/wordpress\/?p=3963"},"modified":"2021-10-12T08:51:40","modified_gmt":"2021-10-12T07:51:40","slug":"la-caravane-des-sports-dautomne-du-25-au-29-octobre","status":"publish","type":"post","link":"https:\/\/unionpourlavienne.fr\/Union_Vienne_2016\/wordpress\/la-caravane-des-sports-dautomne-du-25-au-29-octobre\/","title":{"rendered":"La Caravane des Sports d\u2019automne : du 25 au 29 octobre !"},"content":{"rendered":"<p>Depuis l\u2019\u00e9t\u00e9 2005, \u00e0 l\u2019initiative du D\u00e9partement de la Vienne, la Caravane des Sports parcourt le territoire d\u00e9partemental pour proposer plusieurs disciplines sportives aux enfants \u00e0 partir de 8 ans et jusqu\u2019\u00e0 16 ans. L\u2019animation et l\u2019encadrement sont assur\u00e9s par des moniteurs dipl\u00f4m\u00e9s mis \u00e0 disposition par les Comit\u00e9s D\u00e9partementaux Sportifs et des agents de la Direction de la Jeunesse et des Sports. Lors de cette Caravane des Sports d\u2019automne, les enfants pourront s\u2019initier au badminton, basket 3&#215;3, sauvetage, vince-pong ou encore \u00e0 l\u2019escrime. Comme cet \u00e9t\u00e9, des sports paralympiques seront aussi propos\u00e9s. L\u2019id\u00e9e est de montrer aux jeunes valides comment les personnes en situation de handicap pratiquent leur discipline. Les communes de Saint-Gervais-les-Trois-Clochers, Les Trois-Moutiers, Lenclo\u00eetre, Saint-Julien-l\u2019Ars, Neuville-de-Poitou vont accueillir les diff\u00e9rentes \u00e9tapes de cette animation.<\/p>\n<p>&nbsp;<\/p>\n<p><span style=\"color: #ff6600;\"><strong>Planning<\/strong><\/span><\/p>\n<ul>\n<li>Lundi 25 octobre &#8211; <strong>Saint-Gervais-Les-Trois-Clochers<\/strong> &#8211; gymnase<\/li>\n<li>Mardi 26 octobre &#8211; <strong>Les Trois-Moutiers<\/strong> &#8211; gymnase<\/li>\n<li>Mercredi 27 octobre &#8211; <strong>Lenclo\u00eetre<\/strong> &#8211; gymnase Christian Roger<\/li>\n<li>Jeudi 28 octobre &#8211; <strong>Saint-Julien-L\u2019Ars<\/strong> &#8211; salle omnisports<\/li>\n<li>Vendredi 29 octobre &#8211; <strong>Neuville-de-Poitou<\/strong> &#8211; gymnase intercommunal<\/li>\n<\/ul>\n<p>&nbsp;<\/p>\n<p><strong><span style=\"color: #ff6600;\">Infos pratiques<\/span><\/strong><\/p>\n<ul>\n<li>Pass sanitaire demand\u00e9 et port du masque obligatoire en dehors de la pratique sportive<\/li>\n<li>Effectif limit\u00e9 \u00e0 60 enfants par demi-journ\u00e9e<\/li>\n<li>Animations pour les enfants \u00e0 partir de 8 ans, de 10h30 \u00e0 12h30 et de 14h \u00e0 Inscriptions gratuites sur place de 10h \u00e0 10h30 et de 13h30 \u00e014h. Ateliers accessibles aux groupes sur inscription au 05 49 50 28 70.<\/li>\n<\/ul>\n<p>&nbsp;<\/p>\n","protected":false},"excerpt":{"rendered":"<p>Les communes de Saint-Gervais-les-Trois-Clochers, Les Trois-Moutiers, Lenclo\u00eetre, Saint-Julien-l\u2019Ars, Neuville-de-Poitou vont accueillir les diff\u00e9rentes \u00e9tapes de cette animation&#8230;<\/p>\n","protected":false},"author":1,"featured_media":3964,"comment_status":"closed","ping_status":"open","sticky":false,"template":"","format":"standard","meta":[],"categories":[65],"tags":[],"_links":{"self":[{"href":"https:\/\/unionpourlavienne.fr\/Union_Vienne_2016\/wordpress\/wp-json\/wp\/v2\/posts\/3963"}],"collection":[{"href":"https:\/\/unionpourlavienne.fr\/Union_Vienne_2016\/wordpress\/wp-json\/wp\/v2\/posts"}],"about":[{"href":"https:\/\/unionpourlavienne.fr\/Union_Vienne_2016\/wordpress\/wp-json\/wp\/v2\/types\/post"}],"author":[{"embeddable":true,"href":"https:\/\/unionpourlavienne.fr\/Union_Vienne_2016\/wordpress\/wp-json\/wp\/v2\/users\/1"}],"replies":[{"embeddable":true,"href":"https:\/\/unionpourlavienne.fr\/Union_Vienne_2016\/wordpress\/wp-json\/wp\/v2\/comments?post=3963"}],"version-history":[{"count":1,"href":"https:\/\/unionpourlavienne.fr\/Union_Vienne_2016\/wordpress\/wp-json\/wp\/v2\/posts\/3963\/revisions"}],"predecessor-version":[{"id":3965,"href":"https:\/\/unionpourlavienne.fr\/Union_Vienne_2016\/wordpress\/wp-json\/wp\/v2\/posts\/3963\/revisions\/3965"}],"wp:featuredmedia":[{"embeddable":true,"href":"https:\/\/unionpourlavienne.fr\/Union_Vienne_2016\/wordpress\/wp-json\/wp\/v2\/media\/3964"}],"wp:attachment":[{"href":"https:\/\/unionpourlavienne.fr\/Union_Vienne_2016\/wordpress\/wp-json\/wp\/v2\/media?parent=3963"}],"wp:term":[{"taxonomy":"category","embeddable":true,"href":"https:\/\/unionpourlavienne.fr\/Union_Vienne_2016\/wordpress\/wp-json\/wp\/v2\/categories?post=3963"},{"taxonomy":"post_tag","embeddable":true,"href":"https:\/\/unionpourlavienne.fr\/Union_Vienne_2016\/wordpress\/wp-json\/wp\/v2\/tags?post=3963"}],"curies":[{"name":"wp","href":"https:\/\/api.w.org\/{rel}","templated":true}]}}