{"id":3984,"date":"2021-12-13T11:33:46","date_gmt":"2021-12-13T10:33:46","guid":{"rendered":"http:\/\/unionpourlavienne.fr\/Union_Vienne_2016\/wordpress\/?p=3984"},"modified":"2021-12-13T11:34:16","modified_gmt":"2021-12-13T10:34:16","slug":"bp-2022-seance-publique-douverture","status":"publish","type":"post","link":"https:\/\/unionpourlavienne.fr\/Union_Vienne_2016\/wordpress\/bp-2022-seance-publique-douverture\/","title":{"rendered":"BP 2022 : S\u00e9ance publique d\u2019ouverture"},"content":{"rendered":"<p>Chers coll\u00e8gues,<\/p>\n<p><strong>J\u2019ouvre ce matin notre derni\u00e8re session pl\u00e9ni\u00e8re de l\u2019ann\u00e9e <\/strong><\/p>\n<ul>\n<li>Une s\u00e9ance particuli\u00e8rement importante\u00a0consacr\u00e9e au Budget Primitif 2022<\/li>\n<li>Une journ\u00e9e qui promet d\u2019\u00eatre dense avec la tenue des diff\u00e9rentes commissions<\/li>\n<\/ul>\n<p><strong><u>Hommage \u00e0 Mathias AGGOUN<\/u><\/strong><\/p>\n<p><img loading=\"lazy\" class=\"aligncenter size-full wp-image-3986\" src=\"https:\/\/unionpourlavienne.fr\/Union_Vienne_2016\/wordpress\/wp-content\/uploads\/2021\/12\/DSC_4465.jpg\" alt=\"\" width=\"700\" height=\"467\" srcset=\"https:\/\/unionpourlavienne.fr\/Union_Vienne_2016\/wordpress\/wp-content\/uploads\/2021\/12\/DSC_4465.jpg 700w, https:\/\/unionpourlavienne.fr\/Union_Vienne_2016\/wordpress\/wp-content\/uploads\/2021\/12\/DSC_4465-300x200.jpg 300w\" sizes=\"(max-width: 700px) 100vw, 700px\" \/><\/p>\n<ul>\n<li>Je voudrais que l\u2019on observe une minute de silence pour honorer la m\u00e9moire de Mathias AGGOUN, notre coll\u00e8gue, d\u00e9c\u00e9d\u00e9 le 29 novembre dernier des suites d\u2019un cancer contre lequel il se battait depuis 4 ans<\/li>\n<li>Ancien journaliste, directeur de cabinet puis attach\u00e9 parlementaire d\u2019Alain Claeys \/ Chef de file du parti socialiste \u00e0 Poitiers et \u00e9lu en juin dernier conseiller d\u00e9partemental<\/li>\n<li>Nous pensons \u00e0 sa famille et \u00e0 ses proches<\/li>\n<li>C\u2019est Francis GOMEZ, son suppl\u00e9ant, qui prendra sa place parmi nous dans cette assembl\u00e9e. Bienvenue \u00e0 lui\u00a0!<\/li>\n<\/ul>\n<p><strong><u>Situation sanitaire <\/u><\/strong><\/p>\n<ul>\n<li>Depuis la mise en place du \u00ab\u00a0pass sanitaire\u00a0\u00bb l\u2019\u00e9t\u00e9 dernier, nous avions bon espoir que l\u2019\u00e9pid\u00e9mie de Covid-19 reculerait pour de bon<\/li>\n<li>Confront\u00e9s depuis quelques semaines \u00e0 une reprise de l\u2019\u00e9pid\u00e9mie alors que nous esp\u00e9rions tous un peu de r\u00e9pit \u00e0 l\u2019occasion des f\u00eates de fin d\u2019ann\u00e9e \/ il va falloir apprendre \u00e0 vivre avec<\/li>\n<li><strong>Copil COVID la semaine derni\u00e8re :<\/strong> des indicateurs toujours en hausse dans la Vienne \/ la situation des h\u00f4pitaux est encore sous contr\u00f4le, mais la tension est de plus en plus forte<\/li>\n<li>Triste nouvelle\u00a0: d\u00e9c\u00e8s du Covid-19 d\u2019un personnel du coll\u00e8ge de Saint-Jean-de-Sauves<\/li>\n<li>Ce virus n\u2019\u00e9pargne personne. Voil\u00e0 pourquoi j\u2019appelle les habitants de la Vienne \u00e0 redoubler de vigilance \u00e0 l\u2019approche de No\u00ebl, \u00e0 maintenir les gestes de pr\u00e9vention qui nous prot\u00e8gent collectivement, et surtout \u00e0 se faire vacciner<\/li>\n<li>Un nouveau centre de vaccination \u00e9ph\u00e9m\u00e8re sera ouvert tout le week-end prochain \u00e0 Jaunay-Marigny<\/li>\n<li>A nous, \u00e9lus, de montrer l\u2019exemple \/ annulation des v\u0153ux<\/li>\n<\/ul>\n<p><strong>\u00a0<\/strong><\/p>\n<p><strong><u>Retour sur le 90<sup>e<\/sup> congr\u00e8s de l\u2019ADF\u00a0<\/u><\/strong><\/p>\n<ul>\n<li>2 journ\u00e9es particuli\u00e8rement riches \u00e0 Bourg-en-Bresse \/ je me suis entretenu avec beaucoup de nos coll\u00e8gues des autres d\u00e9partements<\/li>\n<li><strong>Une voix forte et unanime pour faire entendre et partager nos attentes, nos besoins et les mesures de bon sens que j\u2019exprime ici\u00a0r\u00e9guli\u00e8rement : <\/strong><\/li>\n<li>Redonner de la souplesse et du pouvoir aux collectivit\u00e9s, lib\u00e9rer les initiatives locales et les \u00e9nergies territoriales<\/li>\n<li>Donner aux d\u00e9partements les ressources pour faire face aux d\u00e9penses nouvelles d\u00e9cid\u00e9es par l\u2019Etat qui n\u2019ont jamais \u00e9t\u00e9 compens\u00e9es = 695 millions d\u2019euros depuis 2002\u00a0!<\/li>\n<li>D\u00e9noncer la perte de l\u2019autonomie fiscale \/ l\u2019amputation de notre capacit\u00e9 \u00e0 agir avec la loi NOTRe<\/li>\n<li>D\u00e9noncer l\u2019absence de concertation de la part de l\u2019Etat sur plusieurs sujets\u00a0majeurs : l\u2019avenant 43 et le financement des revalorisations salariales des aides \u00e0 domicile, la question du RSA, etc.<\/li>\n<li>Alerter sur la situation explosive \u00e0 moyen terme avec la baisse pr\u00e9visible des DMTO alors que les charges de solidarit\u00e9 augmentent m\u00e9caniquement<\/li>\n<li>Etre des d\u00e9cideurs, pas des suiveurs<\/li>\n<li><strong>Enqu\u00eate IFOP aupr\u00e8s des Fran\u00e7ais sur l\u2019image des d\u00e9partements<\/strong> \/ document remis \u00e0 tous les \u00e9lus<\/li>\n<li>80% des Fran\u00e7ais sont profond\u00e9ment attach\u00e9s \u00e0 leur d\u00e9partement<\/li>\n<li>Taux de satisfaction \u00e9lev\u00e9 sur l\u2019impact des actions d\u00e9partementales\u00a0: 70% des Fran\u00e7ais les jugent utiles<\/li>\n<li>Un sondage qui vient confirmer ce que je dis en permanence, ce que nous disons ici tous les jours\u00a0:\n<ul>\n<li>Un \u00e9chelon indispensable et pertinent, proche de nos concitoyens, colonne vert\u00e9brale de notre pays<\/li>\n<li>Un besoin de proximit\u00e9, de solutions concr\u00e8tes, de politiques publiques qui s\u2019\u00e9laborent \u00e0 partir du terrain<\/li>\n<\/ul>\n<\/li>\n<li><strong>Conclusion\u00a0: les d\u00e9partements sont une chance pour la France \/ Une place irrempla\u00e7able dans le c\u0153ur des Fran\u00e7ais<\/strong><\/li>\n<\/ul>\n<p>&nbsp;<\/p>\n<p><strong>Je voulais absolument partager ces informations importantes avec vous. J\u2019en viens maintenant au c\u0153ur du sujet\u00a0qui va nous int\u00e9resser toute cette semaine : <u>le Budget 2022<\/u> <\/strong><\/p>\n<p><strong>Un budget qui s\u2019\u00e9l\u00e8ve \u00e0 514 millions d\u2019euros <\/strong><\/p>\n<p>Pragmatiques et lucides, nous proposons <strong>un budget responsable et ambitieux, plac\u00e9 sous le signe des solidarit\u00e9s et de l\u2019investissement.<\/strong> Je vais y revenir.<\/p>\n<p>&nbsp;<\/p>\n<p><strong>Un budget \u00e9quilibr\u00e9<\/strong>, des finances saines, mais je l\u2019ai d\u00e9j\u00e0 dit la derni\u00e8re fois lors des orientations budg\u00e9taires, l\u2019impact des derni\u00e8res mesures fiscales prises par l\u2019Etat nous invitent \u00e0 la prudence<\/p>\n<ul>\n<li>Pour rappel, <strong>DMTO tributaires de la conjoncture \u00e9conomique\u00a0:<\/strong> si le contexte est aujourd\u2019hui favorable, nous savons tr\u00e8s bien que structurellement, nous devons tous faire face \u00e0 un <strong>effet ciseaux infernal<\/strong> = des charges sociales en hausse continuelle et une enveloppe financi\u00e8re de l\u2019Etat toujours plus maigre<\/li>\n<li>Il faut avancer en ayant toujours bien en t\u00eate que nous n\u2019avons pas d\u2019autres leviers fiscaux<\/li>\n<\/ul>\n<p>&nbsp;<\/p>\n<p><strong>Un budget de solidarit\u00e9 <\/strong><\/p>\n<ul>\n<li><strong>Nous assumons pleinement nos responsabilit\u00e9s en mati\u00e8re d\u2019actions sociales et de solidarit\u00e9s. Mieux, nous faisons plus\u00a0!<\/strong><\/li>\n<li>70% du budget de fonctionnement d\u00e9di\u00e9 aux actions de solidarit\u00e9 \/ <strong>+ 12,8 millions d\u2019euros pour 2022<\/strong><\/li>\n<li>En 2022, nous allons poursuivre sans rel\u00e2che notre action sociale pour la protection de ceux qui n\u2019en ont pas<\/li>\n<\/ul>\n<p>&nbsp;<\/p>\n<p><strong>Un budget volontariste<\/strong> pour des projets au plus pr\u00e8s des habitants et pour maintenir notre soutien aux territoires.<\/p>\n<p>&nbsp;<\/p>\n<p><strong>Poursuivre et amplifier notre dynamique d\u2019investissements\u00a0: <\/strong><\/p>\n<ul>\n<li>23% du budget consacr\u00e9 aux investissements \/ hausse du budget en investissement de plus de 20% = <strong>+ 15,8 millions d\u2019euros<\/strong><\/li>\n<li>Investir, ce n\u2019est pas un gros mot = <strong>l\u2019investissement, c\u2019est de l\u2019activit\u00e9, et plus d\u2019activit\u00e9, c\u2019est de l\u2019emploi, c\u2019est du travail pour nos entreprises, pour nos habitants <\/strong><\/li>\n<li>De l\u2019investissement pour pr\u00e9parer les jeunes g\u00e9n\u00e9rations aux emplois de demain, pour faire de la Vienne un territoire d\u2019exp\u00e9rimentation et d\u2019innovation<\/li>\n<\/ul>\n<p>&nbsp;<\/p>\n<p>Quand la p\u00e9riode est un peu morose, il faut des perspectives.<\/p>\n<p>C\u2019est ce que je souhaite impulser, ce que nous souhaitons impulser, <strong>un nouveau souffle et de nouvelles perspectives\u00a0!<\/strong><\/p>\n<p>Pour 2022, aucune de nos priorit\u00e9s n\u2019\u00e9chappe \u00e0 une liste soutenue d\u2019ambitions et de projets puissants\u00a0:<\/p>\n<ul>\n<li>Sur les solidarit\u00e9s et les actions sociales<\/li>\n<li>Sur l\u2019am\u00e9nagement du territoire et le d\u00e9veloppement durable<\/li>\n<li>Sur l\u2019\u00e9ducation, la jeunesse et l\u2019\u00e9panouissement de tous<\/li>\n<\/ul>\n<p>&nbsp;<\/p>\n<p><strong>Maintenir la dynamique de la Vienne en amplifiant et en am\u00e9liorant notre action, c\u2019est le sens de ce budget 2022. <\/strong><\/p>\n<ul>\n<li>Sur le handicap, avec le lancement d\u2019Etats G\u00e9n\u00e9raux<\/li>\n<li>Sur l\u2019autonomie, avec la revalorisation des salaires des aides \u00e0 domicile<\/li>\n<li>Sur le volet enfance et famille, avec des engagements forts pris pour lutter contre les violences intrafamiliales<\/li>\n<li>Sur l\u2019\u00e9ducation, avec la mont\u00e9e en puissance du Plan coll\u00e8ges<\/li>\n<li>Sur les routes, avec + 7,6 millions d\u2019euros pour tout le r\u00e9seau routier d\u00e9partemental<\/li>\n<li>Sur l\u2019environnement, avec davantage d\u2019investissements \/ une vision transversale pour plus d\u2019efficacit\u00e9<\/li>\n<li>Sans oublier l\u2019\u00e9closion en 2022 des grands projets phares<\/li>\n<\/ul>\n<p>&nbsp;<\/p>\n<p><strong>Cette dynamique, elle est possible que dans la confiance et le collectif\u00a0: <\/strong><\/p>\n<ul>\n<li>Remercier tous les coll\u00e8gues\u00a0: vice-pr\u00e9sidentes et vice-pr\u00e9sidents + pr\u00e9sidentes et pr\u00e9sidents de commission pour le travail remarquable qu\u2019ils ont fourni = un grand travail d\u2019\u00e9quipe\u00a0!<\/li>\n<li>Merci \u00e0 Claude et H\u00e9l\u00e8ne<\/li>\n<li>Saluer le travail de concertation avec les oppositions<\/li>\n<li>Remercier tous les agents de notre collectivit\u00e9 = le d\u00e9partement peut compter sur des personnels engag\u00e9s et nous les remercions<\/li>\n<\/ul>\n<p>&nbsp;<\/p>\n<p><strong>Une dynamique collective, de l\u2019attractivit\u00e9 et bien s\u00fbr de la solidarit\u00e9, c\u2019est ce que nous voulons pour la Vienne, c\u2019est ce qu\u2019attendent de nous nos concitoyens. <\/strong><\/p>\n<p>Nous sommes au rendez-vous de la reprise et pr\u00e9sents dans tous nos domaines de comp\u00e9tences et bien au-del\u00e0. C\u2019est notre force\u00a0!<\/p>\n<p>J\u2019ai confiance dans notre majorit\u00e9 d\u2019action et de projets.<\/p>\n<p><strong>Redonner confiance par l\u2019action, c\u2019est notre ADN, c\u2019est notre boussole. <\/strong><\/p>\n<p><strong>\u00a0<\/strong><\/p>\n<p>Je vous remercie.<\/p>\n","protected":false},"excerpt":{"rendered":"<p>Discours d&rsquo;ouverture de s\u00e9ance&#8230;<\/p>\n","protected":false},"author":1,"featured_media":3985,"comment_status":"closed","ping_status":"open","sticky":false,"template":"","format":"standard","meta":[],"categories":[1],"tags":[14],"_links":{"self":[{"href":"https:\/\/unionpourlavienne.fr\/Union_Vienne_2016\/wordpress\/wp-json\/wp\/v2\/posts\/3984"}],"collection":[{"href":"https:\/\/unionpourlavienne.fr\/Union_Vienne_2016\/wordpress\/wp-json\/wp\/v2\/posts"}],"about":[{"href":"https:\/\/unionpourlavienne.fr\/Union_Vienne_2016\/wordpress\/wp-json\/wp\/v2\/types\/post"}],"author":[{"embeddable":true,"href":"https:\/\/unionpourlavienne.fr\/Union_Vienne_2016\/wordpress\/wp-json\/wp\/v2\/users\/1"}],"replies":[{"embeddable":true,"href":"https:\/\/unionpourlavienne.fr\/Union_Vienne_2016\/wordpress\/wp-json\/wp\/v2\/comments?post=3984"}],"version-history":[{"count":2,"href":"https:\/\/unionpourlavienne.fr\/Union_Vienne_2016\/wordpress\/wp-json\/wp\/v2\/posts\/3984\/revisions"}],"predecessor-version":[{"id":3988,"href":"https:\/\/unionpourlavienne.fr\/Union_Vienne_2016\/wordpress\/wp-json\/wp\/v2\/posts\/3984\/revisions\/3988"}],"wp:featuredmedia":[{"embeddable":true,"href":"https:\/\/unionpourlavienne.fr\/Union_Vienne_2016\/wordpress\/wp-json\/wp\/v2\/media\/3985"}],"wp:attachment":[{"href":"https:\/\/unionpourlavienne.fr\/Union_Vienne_2016\/wordpress\/wp-json\/wp\/v2\/media?parent=3984"}],"wp:term":[{"taxonomy":"category","embeddable":true,"href":"https:\/\/unionpourlavienne.fr\/Union_Vienne_2016\/wordpress\/wp-json\/wp\/v2\/categories?post=3984"},{"taxonomy":"post_tag","embeddable":true,"href":"https:\/\/unionpourlavienne.fr\/Union_Vienne_2016\/wordpress\/wp-json\/wp\/v2\/tags?post=3984"}],"curies":[{"name":"wp","href":"https:\/\/api.w.org\/{rel}","templated":true}]}}