{"id":3989,"date":"2021-12-17T15:34:05","date_gmt":"2021-12-17T14:34:05","guid":{"rendered":"http:\/\/unionpourlavienne.fr\/Union_Vienne_2016\/wordpress\/?p=3989"},"modified":"2021-12-17T15:34:05","modified_gmt":"2021-12-17T14:34:05","slug":"vote-du-budget-primitif-2022","status":"publish","type":"post","link":"https:\/\/unionpourlavienne.fr\/Union_Vienne_2016\/wordpress\/vote-du-budget-primitif-2022\/","title":{"rendered":"Vote du Budget Primitif 2022"},"content":{"rendered":"<p>Le Budget Primitif 2022 (BP 2022) est le premier budget de la mandature 2021-2028. Il traduit la volont\u00e9 du D\u00e9partement de la Vienne de confirmer sa place au c\u0153ur des politiques de solidarit\u00e9, de la jeunesse et des technologies num\u00e9riques, mais aussi de poursuivre et r\u00e9affirmer les engagements pris en faveur d\u2019une politique d\u2019investissement ambitieuse et volontariste pour l\u2019environnement, l\u2019\u00e9ducation, le r\u00e9seau routier d\u00e9partemental ou encore les aides aux tiers dans le cadre de diff\u00e9rents appels \u00e0 projets.<\/p>\n<p>&nbsp;<\/p>\n<p>Ce BP 2022 int\u00e8gre les engagements suivants :<\/p>\n<p>&nbsp;<\/p>\n<p>Le D\u00e9partement de la Vienne, solidaire et engag\u00e9 pour toutes les solidarit\u00e9s :<\/p>\n<ul>\n<li><strong>Les solidarit\u00e9s, au c\u0153ur des comp\u00e9tences d\u00e9partementales : <\/strong>+12,8 M\u20ac pour les budgets de solidarit\u00e9s consacr\u00e9s au public vuln\u00e9rable. Plus de 69% des d\u00e9penses r\u00e9elles de fonctionnement sont consacr\u00e9es aux politiques de l&rsquo;enfance, l\u2019autonomie, l\u2019insertion, l\u2019action sociale et la sant\u00e9.<\/li>\n<li><strong>La Vienne solidaire et \u00e9coresponsable<\/strong>\n<ul>\n<li>3,4 M\u20ac consacr\u00e9s aux actions en faveur de l\u2019environnement,<\/li>\n<li>poursuite de la mise en \u0153uvre des actions du plan SEVE vot\u00e9 par d\u00e9lib\u00e9ration du 3 juillet 2020 et des d\u00e9marches impuls\u00e9es pour renforcer l\u2019int\u00e9gration de la pr\u00e9servation de l\u2019environnement dans la mise en \u0153uvre de toutes les politiques d\u00e9partementales.<\/li>\n<\/ul>\n<\/li>\n<li><strong>La Vienne citoyenne <\/strong>: mise en \u0153uvre d\u2019un plan d\u2019action transversal en faveur de la citoyennet\u00e9 aupr\u00e8s de la jeunesse.<\/li>\n<\/ul>\n<p>&nbsp;<\/p>\n<p>Le D\u00e9partement de la Vienne, partenaire des acteurs du territoire :<\/p>\n<ul>\n<li><strong>Plus de 20% du budget consacr\u00e9 \u00e0 l&rsquo;investissement dont pr\u00e8s de 19 M\u20ac <\/strong>pour le dispositif Accompagnement des Communes et des Territoires pour l\u2019Investissement dans la Vienne (<strong>ACTIV<\/strong>\u2019) pour les communes, les groupements de communes, mais \u00e9galement les appels \u00e0 projets sp\u00e9cifiques (sch\u00e9ma de l\u2019eau, patrimoine, habitat, centre-bourgs\u2026).<\/li>\n<li><strong>Partenaire du SDIS : <\/strong>13,3 M\u20ac pour le fonctionnement du Service D\u00e9partemental d\u2019Incendie et de Secours (+1,2%).<\/li>\n<\/ul>\n<p>&nbsp;<\/p>\n<p>Le D\u00e9partement de la Vienne, porteur d\u2019une politique d\u2019investissement ambitieuse pour un territoire connect\u00e9 et attractif avec des infrastructures modernis\u00e9es :<\/p>\n<ul>\n<li>Le lancement d\u2019un plan d\u2019actions pour <strong>faire de la Vienne un territoire d\u2019excellence num\u00e9rique \u00e9ducatif <\/strong>via le d\u00e9veloppement d\u2019\u00e9quipements, de ressources et de moyens en formation.<\/li>\n<li><strong>Des infrastructures modernis\u00e9es et r\u00e9nov\u00e9es pour les coll\u00e9giens de la Vienne <\/strong>avec plus de 20,3 M\u20ac pour les travaux dans les coll\u00e8ges int\u00e9grant un axe<\/li>\n<li>important sur les volets \u00e9nerg\u00e9tiques et environnementaux. L\u2019ann\u00e9e 2022 sera ainsi marqu\u00e9e par l\u2019inauguration et la mise en service du coll\u00e8ge Jos\u00e9phine BAKER \u00e0 Vouneuil-sous-Biard et le d\u00e9marrage des travaux du coll\u00e8ge Henri IV.<\/li>\n<li><strong>Plus de 21 M\u20ac pour le r\u00e9seau routier d\u00e9partemental.<\/strong><\/li>\n<li><strong>Pr\u00e8s de 5 M\u20ac pour la d\u00e9viation de Lussac-Les-Ch\u00e2teaux \/ Mazerolles <\/strong>dans le cadre du contrat de Plan Etat-R\u00e9gion sur la RN147<strong>.<\/strong><\/li>\n<li>Inauguration et mise en service de <strong>l\u2019Ar\u00e9na-Fututuroscope <\/strong>\u00e0 compter d\u2019avril 2022 puis du Ch\u00e2teau de Monts-sur-Guesnes.<\/li>\n<\/ul>\n<p>&nbsp;<\/p>\n<p>Une gestion responsable et ma\u00eetris\u00e9e du budget de la collectivit\u00e9 :<\/p>\n<ul>\n<li><strong>Ma\u00eetrise des charges de fonctionnement de l&rsquo;institution d\u00e9partementale <\/strong>avec une \u00e9volution contenue des charges de personnel (+2,1%) et un budget<\/li>\n<li>d&rsquo;administration g\u00e9n\u00e9rale ma\u00eetris\u00e9 gr\u00e2ce \u00e0 des d\u00e9marches de rationalisation et de mutualisation des d\u00e9penses tout en pr\u00e9servant la qualit\u00e9 du service-public rendu.<\/li>\n<li><strong>Gestion active de la dette d\u00e9partementale <\/strong>caract\u00e9ris\u00e9e par un encours de dette stable (187 M\u20ac fin 2021) et une dette saine.<\/li>\n<li><strong>Equilibre budg\u00e9taire atteint avec des projections de recettes prudentes li\u00e9es au contexte sanitaire et \u00e9conomique. <\/strong>Pour m\u00e9moire, depuis le 01\/01\/2021, le produit de la taxe sur le foncier b\u00e2ti a \u00e9t\u00e9 transf\u00e9r\u00e9 au bloc communal et remplac\u00e9 par une fraction de TVA. Le D\u00e9partement ne dispose donc plus, \u00e0 ce jour, de la moindre marge de man\u0153uvre en terme de fiscalit\u00e9.<\/li>\n<\/ul>\n<p>&nbsp;<\/p>\n<p>Les montants consacr\u00e9s \u00e0 l\u2019investissement sont financ\u00e9s par :<\/p>\n<ul>\n<li>Plus de 7,9 M\u20ac de dotations de l\u2019Etat (Fonds de Compensation de la TVA (FCTVA), dotation de soutien \u00e0 l\u2019investissement des D\u00e9partements, dotation d\u2019\u00e9quipement des coll\u00e8ges). <em>A noter que jusqu\u2019en 2021, la Dotation de Soutien \u00e0 l\u2019Investissement des D\u00e9partements (DSID) comportait une part \u00ab p\u00e9r\u00e9quation \u00bb d\u2019environ 600 K\u20ac non fl\u00e9ch\u00e9e, et une part \u00ab projet \u00bb affect\u00e9e \u00e0 des projets d\u2019investissements sp\u00e9cifiques. Le projet de Loi de Finances 2022 pr\u00e9voit que la DSID sera d\u00e9sormais int\u00e9gralement attribu\u00e9e par le Pr\u00e9fet de R\u00e9gion sous forme d\u2019investissement dans les domaines jug\u00e9s prioritaires au niveau local.<\/em><\/li>\n<li>Plus de 4 M\u20ac de financements divers : en particulier 2,06 M\u20ac de subventions pour les travaux routiers et 1,325 M\u20ac de subventions et remboursements divers.<\/li>\n<li>Emprunt pour le financement des programmes traditionnels : 40,756 M\u20ac.<\/li>\n<li>Emprunt pour le financement des travaux sur la RN147 : 4,980 M\u20ac.<\/li>\n<li>Autofinancement de 37 M\u20ac.<\/li>\n<\/ul>\n<p>&nbsp;<\/p>\n<p>Le BP 2022 a \u00e9t\u00e9 adopt\u00e9 \u00e0 l\u2019unanimit\u00e9 des membres du Groupe Union pour la Vienne de la Majorit\u00e9 D\u00e9partementale. Le bin\u00f4me d\u2019\u00e9lus ind\u00e9pendants ont vot\u00e9 Pour et cinq membres du Groupe Vienne en Transition ont vot\u00e9 Contre.<\/p>\n<p>&nbsp;<\/p>\n","protected":false},"excerpt":{"rendered":"<p>Le Budget Primitif 2022 est le premier budget de la mandature 2021-2028. Il traduit la volont\u00e9 du D\u00e9partement de la Vienne de confirmer sa place au c\u0153ur des politiques de solidarit\u00e9, de la jeunesse et des technologies num\u00e9riques, mais aussi de poursuivre et r\u00e9affirmer les engagements pris en faveur d\u2019une politique d\u2019investissement ambitieuse et volontariste pour l\u2019environnement, l\u2019\u00e9ducation, le r\u00e9seau routier d\u00e9partemental ou encore les aides aux tiers dans le cadre de diff\u00e9rents appels \u00e0 projets.<\/p>\n","protected":false},"author":1,"featured_media":3990,"comment_status":"closed","ping_status":"open","sticky":false,"template":"","format":"standard","meta":[],"categories":[1],"tags":[14],"_links":{"self":[{"href":"https:\/\/unionpourlavienne.fr\/Union_Vienne_2016\/wordpress\/wp-json\/wp\/v2\/posts\/3989"}],"collection":[{"href":"https:\/\/unionpourlavienne.fr\/Union_Vienne_2016\/wordpress\/wp-json\/wp\/v2\/posts"}],"about":[{"href":"https:\/\/unionpourlavienne.fr\/Union_Vienne_2016\/wordpress\/wp-json\/wp\/v2\/types\/post"}],"author":[{"embeddable":true,"href":"https:\/\/unionpourlavienne.fr\/Union_Vienne_2016\/wordpress\/wp-json\/wp\/v2\/users\/1"}],"replies":[{"embeddable":true,"href":"https:\/\/unionpourlavienne.fr\/Union_Vienne_2016\/wordpress\/wp-json\/wp\/v2\/comments?post=3989"}],"version-history":[{"count":1,"href":"https:\/\/unionpourlavienne.fr\/Union_Vienne_2016\/wordpress\/wp-json\/wp\/v2\/posts\/3989\/revisions"}],"predecessor-version":[{"id":3991,"href":"https:\/\/unionpourlavienne.fr\/Union_Vienne_2016\/wordpress\/wp-json\/wp\/v2\/posts\/3989\/revisions\/3991"}],"wp:featuredmedia":[{"embeddable":true,"href":"https:\/\/unionpourlavienne.fr\/Union_Vienne_2016\/wordpress\/wp-json\/wp\/v2\/media\/3990"}],"wp:attachment":[{"href":"https:\/\/unionpourlavienne.fr\/Union_Vienne_2016\/wordpress\/wp-json\/wp\/v2\/media?parent=3989"}],"wp:term":[{"taxonomy":"category","embeddable":true,"href":"https:\/\/unionpourlavienne.fr\/Union_Vienne_2016\/wordpress\/wp-json\/wp\/v2\/categories?post=3989"},{"taxonomy":"post_tag","embeddable":true,"href":"https:\/\/unionpourlavienne.fr\/Union_Vienne_2016\/wordpress\/wp-json\/wp\/v2\/tags?post=3989"}],"curies":[{"name":"wp","href":"https:\/\/api.w.org\/{rel}","templated":true}]}}