{"id":3996,"date":"2022-01-01T11:07:58","date_gmt":"2022-01-01T10:07:58","guid":{"rendered":"http:\/\/unionpourlavienne.fr\/Union_Vienne_2016\/wordpress\/?p=3996"},"modified":"2022-01-01T11:07:58","modified_gmt":"2022-01-01T10:07:58","slug":"les-voeux-dalain-pichon-president-du-departement-de-la-vienne-de-la-proximite-de-la-solidarite-et-des-projets","status":"publish","type":"post","link":"https:\/\/unionpourlavienne.fr\/Union_Vienne_2016\/wordpress\/les-voeux-dalain-pichon-president-du-departement-de-la-vienne-de-la-proximite-de-la-solidarite-et-des-projets\/","title":{"rendered":"Les v\u0153ux d\u2019Alain PICHON, Pr\u00e9sident du D\u00e9partement de la Vienne : de la proximit\u00e9, de la solidarit\u00e9 et des projets !"},"content":{"rendered":"<p>Le D\u00e9partement c\u2019est l\u2019action ! Je me battrai pour un D\u00e9partement toujours plus proche, solidaire\u00a0et ambitieux pour ses habitants.<\/p>\n<p>Plus que jamais, je veux que nous demeurions cet \u00e9chelon de proximit\u00e9 que nous entretenons\u00a0avec les territoires. Par nos actions, nous apportons la preuve qu\u2019avec du bon sens et de la volont\u00e9\u00a0il est possible d\u2019avancer ensemble au service de la Vienne.<\/p>\n<p>En 2021, cette crise sans pr\u00e9c\u00e9dent nous a oblig\u00e9 \u00e0 nous adapter et \u00e0 nous r\u00e9inventer, je salue\u00a0notre capacit\u00e9 collective \u00e0 croire en l\u2019avenir. Je remercie une nouvelle fois les personnels soignants\u00a0et tous ceux qui ont fait vivre notre pays.<\/p>\n<p>En 2022, nous continuerons de r\u00e9pondre aux besoins du plus grand nombre et en particulier\u00a0des plus fragiles et nous conforterons notre dynamique d\u2019investissements pour l\u2019attractivit\u00e9 de\u00a0la Vienne.<\/p>\n<p>2022 marquera l\u2019\u00e9closion de grandes r\u00e9alisations \u2013 l\u2019Arena Futuroscope, le coll\u00e8ge Jos\u00e9phine\u00a0BAKER \u00e0 Vouneuil-sous-Biard, le ch\u00e2teau de Monts sur Guesnes \u2013 et verra na\u00eetre d\u2019autres grands\u00a0projets comme l\u2019Institut International Jo\u00ebl Robuchon ou le P\u00f4le Num\u00e9rique pour l\u2019Education et\u00a0la Formation.<\/p>\n<p>En confiance, je souhaite \u00e0 tous les habitants de la Vienne une belle et heureuse ann\u00e9e !<br \/>\nA noter :\u00a0les v\u0153ux d\u2019Alain PICHON seront diffus\u00e9s sur le <a href=\"http:\/\/lavienne86.fr\" target=\"_blank\" rel=\"noopener noreferrer\">site\u00a0du D\u00e9partement<\/a> et les r\u00e9seaux sociaux du D\u00e9partement le lundi 3 janvier \u00e0 12h.<\/p>\n","protected":false},"excerpt":{"rendered":"<p>Le D\u00e9partement c\u2019est l\u2019action ! Je me battrai pour un D\u00e9partement toujours plus proche, solidaire<br \/>\net ambitieux pour ses habitants&#8230;<\/p>\n","protected":false},"author":1,"featured_media":3951,"comment_status":"closed","ping_status":"open","sticky":false,"template":"","format":"standard","meta":[],"categories":[1],"tags":[14],"_links":{"self":[{"href":"https:\/\/unionpourlavienne.fr\/Union_Vienne_2016\/wordpress\/wp-json\/wp\/v2\/posts\/3996"}],"collection":[{"href":"https:\/\/unionpourlavienne.fr\/Union_Vienne_2016\/wordpress\/wp-json\/wp\/v2\/posts"}],"about":[{"href":"https:\/\/unionpourlavienne.fr\/Union_Vienne_2016\/wordpress\/wp-json\/wp\/v2\/types\/post"}],"author":[{"embeddable":true,"href":"https:\/\/unionpourlavienne.fr\/Union_Vienne_2016\/wordpress\/wp-json\/wp\/v2\/users\/1"}],"replies":[{"embeddable":true,"href":"https:\/\/unionpourlavienne.fr\/Union_Vienne_2016\/wordpress\/wp-json\/wp\/v2\/comments?post=3996"}],"version-history":[{"count":1,"href":"https:\/\/unionpourlavienne.fr\/Union_Vienne_2016\/wordpress\/wp-json\/wp\/v2\/posts\/3996\/revisions"}],"predecessor-version":[{"id":3997,"href":"https:\/\/unionpourlavienne.fr\/Union_Vienne_2016\/wordpress\/wp-json\/wp\/v2\/posts\/3996\/revisions\/3997"}],"wp:featuredmedia":[{"embeddable":true,"href":"https:\/\/unionpourlavienne.fr\/Union_Vienne_2016\/wordpress\/wp-json\/wp\/v2\/media\/3951"}],"wp:attachment":[{"href":"https:\/\/unionpourlavienne.fr\/Union_Vienne_2016\/wordpress\/wp-json\/wp\/v2\/media?parent=3996"}],"wp:term":[{"taxonomy":"category","embeddable":true,"href":"https:\/\/unionpourlavienne.fr\/Union_Vienne_2016\/wordpress\/wp-json\/wp\/v2\/categories?post=3996"},{"taxonomy":"post_tag","embeddable":true,"href":"https:\/\/unionpourlavienne.fr\/Union_Vienne_2016\/wordpress\/wp-json\/wp\/v2\/tags?post=3996"}],"curies":[{"name":"wp","href":"https:\/\/api.w.org\/{rel}","templated":true}]}}