{"id":4022,"date":"2022-01-25T10:13:35","date_gmt":"2022-01-25T09:13:35","guid":{"rendered":"http:\/\/unionpourlavienne.fr\/Union_Vienne_2016\/wordpress\/?p=4022"},"modified":"2022-01-28T10:23:48","modified_gmt":"2022-01-28T09:23:48","slug":"semaine-olympique-et-paralympique-2022","status":"publish","type":"post","link":"https:\/\/unionpourlavienne.fr\/Union_Vienne_2016\/wordpress\/semaine-olympique-et-paralympique-2022\/","title":{"rendered":"Semaine Olympique et Paralympique 2022"},"content":{"rendered":"<p>Alain PICHON, Pr\u00e9sident du D\u00e9partement de la Vienne, Henri COLIN, Vice-Pr\u00e9sident du D\u00e9partement en charge de l\u2019\u00c9ducation, des Coll\u00e8ges et des B\u00e2timents et Fabrice BARTH\u00c9L\u00c9MY, Directeur des Services D\u00e9partementaux de l\u2019\u00c9ducation Nationale de la Vienne ont \u00e9t\u00e9 re\u00e7us, ce jour, par Fr\u00e9d\u00e9ric PLUCHART, Principal du coll\u00e8ge Ren\u00e9 Descartes \u00e0 Ch\u00e2tellerault pour pr\u00e9senter, dans le cadre de la Semaine Olympique et Paralympique 2022, la nouvelle mallette Sciences et Sport mise en place par le CRITT Sport Loisirs de Ch\u00e2tellerault (Centre R\u00e9gional d\u2019Innovation et de Transfert de Technologies en Sport et Loisirs), dirig\u00e9 par Franck LEPLANQUAIS.<\/p>\n<p>Etaient \u00e9galement pr\u00e9sents Val\u00e9rie DAUGE, Anne-Florence BOURAT, Pascale MOREAU, Val\u00e9rie CHEBASSIER et G\u00e9rard PEROCHON, Conseillers D\u00e9partementaux et Jean-Pierre ABELIN, Maire de Ch\u00e2tellerault.<\/p>\n<p><img loading=\"lazy\" class=\"aligncenter size-full wp-image-4023\" src=\"https:\/\/unionpourlavienne.fr\/Union_Vienne_2016\/wordpress\/wp-content\/uploads\/2022\/01\/SOP2022-2.jpg\" alt=\"\" width=\"700\" height=\"525\" srcset=\"https:\/\/unionpourlavienne.fr\/Union_Vienne_2016\/wordpress\/wp-content\/uploads\/2022\/01\/SOP2022-2.jpg 700w, https:\/\/unionpourlavienne.fr\/Union_Vienne_2016\/wordpress\/wp-content\/uploads\/2022\/01\/SOP2022-2-300x225.jpg 300w\" sizes=\"(max-width: 700px) 100vw, 700px\" \/><\/p>\n<p>En 2013, suite aux travaux de recherche de l\u2019\u00e9quipe ROBIOSS (RObotique, BIOm\u00e9canique, Sport et Sant\u00e9) et de l\u2019Institut P\u2019 (laboratoire de recherche de l\u2019Universit\u00e9 de Poitiers), le Comit\u00e9 National Olympique et Sportif Fran\u00e7ais et l\u2019Universit\u00e9 de Poitiers ont confi\u00e9 au CRITT Sport Loisirs de Ch\u00e2tellerault le d\u00e9veloppement du concept des Classes Olympiques Sciences et Sport. L\u2019objectif \u00e9tait de <strong>consid\u00e9rer le sport comme un vecteur d\u2019apprentissage <\/strong>pour d\u2019autres mati\u00e8res : m\u00e9canique et sciences de l\u2019ing\u00e9nieur en particulier. On \u00e9veille ainsi le go\u00fbt des jeunes \u00e0 la culture scientifique en utilisant comme support l\u2019\u00e9tude et l\u2019analyse du mouvement sportif \u00e0 l\u2019aide de l\u2019outil informatique. Cela leur permet d\u2019abor- der d\u2019une mani\u00e8re plus pratique les sciences physiques, les math\u00e9matiques et la biologie en analysant leurs propres gestes \u00e0 l\u2019aide d\u2019outils scientifiques.<\/p>\n<p>A l\u2019initiative du professeur Alain JUNQUA et sous la responsabilit\u00e9 scientifique du professeur Patrick LACOUTURE, ces classes \u00e9taient organis\u00e9es \u00e0 la facult\u00e9 des Sciences du Sport de Poitiers. Les \u00e9l\u00e8ves participaient, durant deux jours, \u00e0 quatre ateliers scientifiques mis\u00a0 au point par Arnaud DECATOIRE, ing\u00e9nieur de recherche :<\/p>\n<p>\u2611 Je mesure ma d\u00e9tente verticale<\/p>\n<p>\u2611 La musculation, c\u2019est quoi ?<\/p>\n<p>\u2611 Je saute en longueur et je me compare au champion<\/p>\n<p>\u2611 J\u2019analyse ma foul\u00e9e de course<\/p>\n<p><strong>Cette action a \u00e9t\u00e9 retenue par PARIS 2024 comme projet p\u00e9dagogique r\u00e9pondant au souhait d\u2019associer la jeunesse et l\u2019\u00e9ducation aux Jeux Olympiques et Paralympiques de Paris 2024.<\/strong><\/p>\n<p><strong><img loading=\"lazy\" class=\"aligncenter size-full wp-image-4024\" src=\"https:\/\/unionpourlavienne.fr\/Union_Vienne_2016\/wordpress\/wp-content\/uploads\/2022\/01\/SOP2022-3.jpg\" alt=\"\" width=\"433\" height=\"700\" srcset=\"https:\/\/unionpourlavienne.fr\/Union_Vienne_2016\/wordpress\/wp-content\/uploads\/2022\/01\/SOP2022-3.jpg 433w, https:\/\/unionpourlavienne.fr\/Union_Vienne_2016\/wordpress\/wp-content\/uploads\/2022\/01\/SOP2022-3-186x300.jpg 186w\" sizes=\"(max-width: 433px) 100vw, 433px\" \/><\/strong><\/p>\n<p>Depuis 2019, pour des raisons de logistique et de disponibilit\u00e9, cette action n\u2019a pas pu\u00a0 \u00eatre propos\u00e9e aux coll\u00e9giens du d\u00e9partement. C\u2019est pourquoi, le CRITT Sport Loisirs de Ch\u00e2tellerault, avec l\u2019appui de l\u2019Universit\u00e9 de Poitiers, a d\u00e9velopp\u00e9 une <strong>nouvelle m\u00e9thode d\u2019enseignement des Classes Olympiques <\/strong>permettant d\u2019organiser cette action au sein de chaque \u00e9tablissement scolaire. Ainsi la <strong>mallette p\u00e9dagogique <\/strong>mise \u00e0 disposition dans les coll\u00e8ges permet d\u2019utiliser les nouvelles technologies pour enregistrer des mouvements sportifs et r\u00e9aliser, \u00e0 l\u2019issue, des calculs num\u00e9riques. <strong>Faire du sport tout en faisant des math\u00e9matiques ou de la physique, c\u2019est le d\u00e9fi de cette mallette <\/strong>!<\/p>\n<p>Le D\u00e9partement de la Vienne a investi 13 000 \u20ac en mat\u00e9riel informatique et didactique et il participe, \u00e9galement, financi\u00e8rement \u00e0 la formation des enseignants des coll\u00e8ges, dispens\u00e9e par le CRITT.<\/p>\n<p><strong>Le programme de la Semaine Olympique et Paralympique 2022 dans les coll\u00e8ges<\/strong><\/p>\n<p>Lors de la Semaine Olympique et Paralympique 2022 dont le th\u00e8me est le sport pour l\u2019environnement et le climat, des coll\u00e8ges de la Vienne, lab\u00e9lis\u00e9s G\u00e9n\u00e9ration 2024 ou en cours de lab\u00e9lisation, organisent des actions au sein de leur \u00e9tablissement. En partenariat avec le Comit\u00e9 D\u00e9partemental Olympique et Sportif et l\u2019Union Nationale du Sport Scolaire (UNSS), le D\u00e9partement de la Vienne a mis en place un concours ouvert aux coll\u00e8ges pour leur per- mettre de mettre en valeur les actions propos\u00e9es au cours de la semaine.<\/p>\n<p>&nbsp;<\/p>\n<h4>Plusieurs coll\u00e8ges ont r\u00e9pondu \u00e0 l\u2019appel \u00e0 projets.<\/h4>\n<ul>\n<li>Lundi 24 janvier : Coll\u00e8ge Joachim du Bellay \u00e0 Loudun.<br \/>\nMise en place d\u2019une formation Savoir Rouler A V\u00e9lo, afin de pr\u00e9parer les \u00e9l\u00e8ves pour le projet v\u00e9lo de fin d\u2019ann\u00e9e.<\/li>\n<li>Mardi 25 janvier: Coll\u00e8ge Ren\u00e9 Descartes \u00e0 Ch\u00e2tellerault.<br \/>\nLe CRITT Sport Loisirs propose la d\u00e9couverte de sa\u00a0 nouvelle mallette Sciences et \u00a0Sports\u00a0 au coll\u00e8ge dans deux Classes Sciences et Sports lors de travaux pratiques m\u00ealant sciences, num\u00e9rique et sport.<\/li>\n<li>Mercredi 26 janvier : Coll\u00e8ge Jean Monnet \u00e0 Lusignan.<br \/>\nOrganisation d\u2019un cin\u00e9-d\u00e9bat avec le film\u00a0 La\u00a0 couleur de\u00a0 la\u00a0 victoire, en\u00a0 partenariat avec\u00a0 le Comit\u00e9 D\u00e9partemental Olympique et Sportif. La lutte contre les discriminations est le th\u00e8me de cette action soutenue par la Pr\u00e9fecture de la Vienne et la D\u00e9l\u00e9gation interminist\u00e9rielle \u00e0 la lutte contre le racisme, l\u2019antis\u00e9mitisme et la haine anti LGBT.<\/li>\n<li>Jeudi 27 janvier :<br \/>\nColl\u00e8ge Maurice Bedel \u00e0 Saint-Gervais-les-Trois-Clochers.<br \/>\nEngag\u00e9s dans un projet de travers\u00e9e de la Vienne en suivant la Scandib\u00e9rique, les coll\u00e9giens vont recevoir Alexis Poupault, cycliste paralympique, pour \u00e9changer sur le sport de haut niveau et participer \u00e0 une randonn\u00e9e \u00e0 ses c\u00f4t\u00e9s.<br \/>\nColl\u00e8ge George Sand de Ch\u00e2tellerault.<br \/>\nLes coll\u00e9giens iront visiter le si\u00e8ge de l\u2019\u00e9quipe cycliste FDJ Nouvelle Aquitaine Futuroscope. \u00e0 Jaunay-Marigny. Ils pourront alors d\u00e9couvrir la salle v\u00e9lo connect\u00e9e.<\/li>\n<li>Vendredi 28 janvier : Coll\u00e8ge Pierre de Ronsard \u00e0 Poitiers.<br \/>\nLes coll\u00e9giens vont recevoir l\u2019association Run Eco Team pour apprendre \u00e0 ramasser et \u00e0 trier les d\u00e9chets. La quantit\u00e9 de d\u00e9chets ramass\u00e9s lors des randonn\u00e9es de la semaine sera bonifi\u00e9e par la plantation d\u2019une for\u00eat \u00abOlympique\u00bb.<\/li>\n<\/ul>\n<p>&nbsp;<\/p>\n<p>&nbsp;<\/p>\n","protected":false},"excerpt":{"rendered":"<p>Alain PICHON, Henri COLIN et Fabrice BARTH\u00c9L\u00c9MY ont \u00e9t\u00e9 re\u00e7us par Fr\u00e9d\u00e9ric PLUCHART \u00e0 Ch\u00e2tellerault pour pr\u00e9senter, dans le cadre de la Semaine Olympique et Paralympique 2022, la nouvelle mallette Sciences et Sport mise en place par le CRITT Sport Loisirs de Ch\u00e2tellerault&#8230;<\/p>\n","protected":false},"author":1,"featured_media":4025,"comment_status":"closed","ping_status":"open","sticky":false,"template":"","format":"standard","meta":[],"categories":[59,65],"tags":[14,15,96,26,36,99,40],"_links":{"self":[{"href":"https:\/\/unionpourlavienne.fr\/Union_Vienne_2016\/wordpress\/wp-json\/wp\/v2\/posts\/4022"}],"collection":[{"href":"https:\/\/unionpourlavienne.fr\/Union_Vienne_2016\/wordpress\/wp-json\/wp\/v2\/posts"}],"about":[{"href":"https:\/\/unionpourlavienne.fr\/Union_Vienne_2016\/wordpress\/wp-json\/wp\/v2\/types\/post"}],"author":[{"embeddable":true,"href":"https:\/\/unionpourlavienne.fr\/Union_Vienne_2016\/wordpress\/wp-json\/wp\/v2\/users\/1"}],"replies":[{"embeddable":true,"href":"https:\/\/unionpourlavienne.fr\/Union_Vienne_2016\/wordpress\/wp-json\/wp\/v2\/comments?post=4022"}],"version-history":[{"count":3,"href":"https:\/\/unionpourlavienne.fr\/Union_Vienne_2016\/wordpress\/wp-json\/wp\/v2\/posts\/4022\/revisions"}],"predecessor-version":[{"id":4028,"href":"https:\/\/unionpourlavienne.fr\/Union_Vienne_2016\/wordpress\/wp-json\/wp\/v2\/posts\/4022\/revisions\/4028"}],"wp:featuredmedia":[{"embeddable":true,"href":"https:\/\/unionpourlavienne.fr\/Union_Vienne_2016\/wordpress\/wp-json\/wp\/v2\/media\/4025"}],"wp:attachment":[{"href":"https:\/\/unionpourlavienne.fr\/Union_Vienne_2016\/wordpress\/wp-json\/wp\/v2\/media?parent=4022"}],"wp:term":[{"taxonomy":"category","embeddable":true,"href":"https:\/\/unionpourlavienne.fr\/Union_Vienne_2016\/wordpress\/wp-json\/wp\/v2\/categories?post=4022"},{"taxonomy":"post_tag","embeddable":true,"href":"https:\/\/unionpourlavienne.fr\/Union_Vienne_2016\/wordpress\/wp-json\/wp\/v2\/tags?post=4022"}],"curies":[{"name":"wp","href":"https:\/\/api.w.org\/{rel}","templated":true}]}}