{"id":4030,"date":"2022-02-07T15:59:16","date_gmt":"2022-02-07T14:59:16","guid":{"rendered":"http:\/\/unionpourlavienne.fr\/Union_Vienne_2016\/wordpress\/?p=4030"},"modified":"2022-02-07T16:02:42","modified_gmt":"2022-02-07T15:02:42","slug":"semaine-olympique-et-paralympique-2022-jeu-concours","status":"publish","type":"post","link":"https:\/\/unionpourlavienne.fr\/Union_Vienne_2016\/wordpress\/semaine-olympique-et-paralympique-2022-jeu-concours\/","title":{"rendered":"Semaine Olympique et Paralympique 2022 : Jeu concours"},"content":{"rendered":"<p>Dans le cadre de la Semaine Olympique et Paralympique 2022 &#8211; du 24 au 28\u00a0 janvier 2022 &#8211; le D\u00e9partement de la Vienne et l\u2019Union Nationale du Sport Scolaire (UNSS) ont organis\u00e9 <strong>un jeu concours avec les coll\u00e8ges de la Vienne<\/strong>, lab\u00e9lis\u00e9s G\u00e9n\u00e9ration 2024 ou en cours de lab\u00e9lisation.<\/p>\n<p>L\u2019objectif \u00e9tait de mettre en valeur les actions organis\u00e9es au sein des \u00e9tablissements pendant cette Semaine Olympique dont le th\u00e8me \u00e9tait Le sport pour l\u2019environnement\u00a0 et le climat.<\/p>\n<p>&nbsp;<\/p>\n<p>Ainsi de nombreuses manifestations ont rythm\u00e9 la semaine, comme par exemple :<\/p>\n<ul>\n<li>au coll\u00e8ge <strong>Joachim du Bellay<\/strong> \u00e0 Loudun<br \/>\nMise en place d\u2019une formation Savoir Rouler A V\u00e9lo, afin de pr\u00e9parer les \u00e9l\u00e8ves pour le projet v\u00e9lo de fin d\u2019ann\u00e9e.<\/li>\n<li>au coll\u00e8ge <strong>Ren\u00e9 Descartes<\/strong> \u00e0 Ch\u00e2tellerault<br \/>\nD\u00e9couverte de sa nouvelle mallette Sciences et Sports au coll\u00e8ge du CRITT Sport Loisirs dans deux Classes Sciences et Sports lors de travaux pratiques m\u00ealant sciences, num\u00e9rique et sport.<\/li>\n<li>au coll\u00e8ge <strong>Jean Monnet<\/strong> \u00e0 Lusignan<br \/>\nOrganisation d\u2019un cin\u00e9-d\u00e9bat avec le film La couleur de la victoire, en partenariat avec\u00a0 le Comit\u00e9 D\u00e9partemental Olympique et Sportif. La lutte contre les discriminations est le th\u00e8me de cette action soutenue par la Pr\u00e9fecture de la Vienne et la D\u00e9l\u00e9gation interminist\u00e9rielle \u00e0 la lutte contre le racisme, l\u2019antis\u00e9mitisme et la haine anti LGBT.<\/li>\n<li>au coll\u00e8ge <strong>Maurice Bedel<\/strong> \u00e0 Saint-Gervais-les-Trois-Clochers<br \/>\nEngag\u00e9s dans un projet de travers\u00e9e de la Vienne en suivant la Scandib\u00e9rique, les coll\u00e9giens ont re\u00e7u Alexis Poupault, cycliste paralympique, pour \u00e9changer sur le sport de haut niveau et participer \u00e0 une randonn\u00e9e \u00e0 ses c\u00f4t\u00e9s.<\/li>\n<li>au coll\u00e8ge <strong>George Sand<\/strong> \u00e0 Ch\u00e2tellerault<br \/>\nLes coll\u00e9giens ont visit\u00e9 le si\u00e8ge de l\u2019\u00e9quipe cycliste FDJ Nouvelle Aquitaine Futuroscope. \u00e0 Jaunay-Marigny et ils ont d\u00e9couvert la salle v\u00e9lo connect\u00e9e.<\/li>\n<li>au coll\u00e8ge <strong>Pierre de Ronsard<\/strong> \u00e0 Poitiers<br \/>\nLes coll\u00e9giens ont re\u00e7u l\u2019association Run Eco Team pour apprendre \u00e0 ramasser et \u00e0 trier les d\u00e9chets. La quantit\u00e9 de d\u00e9chets ramass\u00e9s lors des randonn\u00e9es de la semaine sera bonifi\u00e9e par la plantation d\u2019une for\u00eat \u00abOlympique\u00bb.<\/li>\n<li>au coll\u00e8ge <strong>Ren\u00e9 Cassin<\/strong> \u00e0 L\u2019Isle-Jourdain<br \/>\nLes coll\u00e9giens des classes de 3e ont mis en place le parcours Tous en forme pour d\u00e9terminer leur niveau de forme. Plusieurs ateliers ont \u00e9t\u00e9 organis\u00e9s au cours de la semaine.<\/li>\n<\/ul>\n<p>&nbsp;<\/p>\n<p>&nbsp;<\/p>\n<p>A l\u2019issue de cette semaine, le jury a d\u00e9cern\u00e9 trois prix :<\/p>\n<p style=\"padding-left: 60px;\">\u2776 prix &#8211; coll\u00e8ge Pierre Ronsard &#8211; Poitiers<br \/>\n40 places pour assister au match de rugby Bordeaux \/ La Rochelle, en avril 2022, \u00e0 Bordeaux<\/p>\n<p style=\"padding-left: 60px;\">\u2777 prix &#8211; coll\u00e8ge Maurice Bedel &#8211; Saint-Gervais-les-Trois-Clochers<br \/>\n30 places pour assister aux 1\/2 finales du simple et \u00e0 la finale du double du tournoi de tennis l\u2019Open Masculin 86, avec un temps d\u2019initiation au paddle, en mars 2022, \u00e0 Poitiers<\/p>\n<p style=\"padding-left: 60px;\"><em>\u2778\u00a0<\/em>prix &#8211; coll\u00e8ge Ren\u00e9 CASSIN &#8211; L\u2019Isle Jourdain<br \/>\n30 places pour assister \u00e0 un match de basket du PB86 (lieu et date en attente)<\/p>\n<p>&nbsp;<\/p>\n<p><strong>\u25ba Prix coup de c\u0153ur : <\/strong>Ren\u00e9 Descartes Ch\u00e2tellerault : goodies offerts par le D\u00e9partement de la Vienne<\/p>\n<p>&nbsp;<\/p>\n<p>&nbsp;<\/p>\n","protected":false},"excerpt":{"rendered":"<p>Dans le cadre de la Semaine Olympique et Paralympique 2022 &#8211; du 24 au 28  janvier 2022 &#8211; le D\u00e9partement de la Vienne et l\u2019Union Nationale du Sport Scolaire (UNSS) ont organis\u00e9 un jeu concours avec les coll\u00e8ges de la Vienne, lab\u00e9lis\u00e9s G\u00e9n\u00e9ration 2024 ou en cours de lab\u00e9lisation&#8230;<\/p>\n","protected":false},"author":1,"featured_media":4031,"comment_status":"closed","ping_status":"open","sticky":false,"template":"","format":"standard","meta":[],"categories":[59,65],"tags":[14],"_links":{"self":[{"href":"https:\/\/unionpourlavienne.fr\/Union_Vienne_2016\/wordpress\/wp-json\/wp\/v2\/posts\/4030"}],"collection":[{"href":"https:\/\/unionpourlavienne.fr\/Union_Vienne_2016\/wordpress\/wp-json\/wp\/v2\/posts"}],"about":[{"href":"https:\/\/unionpourlavienne.fr\/Union_Vienne_2016\/wordpress\/wp-json\/wp\/v2\/types\/post"}],"author":[{"embeddable":true,"href":"https:\/\/unionpourlavienne.fr\/Union_Vienne_2016\/wordpress\/wp-json\/wp\/v2\/users\/1"}],"replies":[{"embeddable":true,"href":"https:\/\/unionpourlavienne.fr\/Union_Vienne_2016\/wordpress\/wp-json\/wp\/v2\/comments?post=4030"}],"version-history":[{"count":4,"href":"https:\/\/unionpourlavienne.fr\/Union_Vienne_2016\/wordpress\/wp-json\/wp\/v2\/posts\/4030\/revisions"}],"predecessor-version":[{"id":4035,"href":"https:\/\/unionpourlavienne.fr\/Union_Vienne_2016\/wordpress\/wp-json\/wp\/v2\/posts\/4030\/revisions\/4035"}],"wp:featuredmedia":[{"embeddable":true,"href":"https:\/\/unionpourlavienne.fr\/Union_Vienne_2016\/wordpress\/wp-json\/wp\/v2\/media\/4031"}],"wp:attachment":[{"href":"https:\/\/unionpourlavienne.fr\/Union_Vienne_2016\/wordpress\/wp-json\/wp\/v2\/media?parent=4030"}],"wp:term":[{"taxonomy":"category","embeddable":true,"href":"https:\/\/unionpourlavienne.fr\/Union_Vienne_2016\/wordpress\/wp-json\/wp\/v2\/categories?post=4030"},{"taxonomy":"post_tag","embeddable":true,"href":"https:\/\/unionpourlavienne.fr\/Union_Vienne_2016\/wordpress\/wp-json\/wp\/v2\/tags?post=4030"}],"curies":[{"name":"wp","href":"https:\/\/api.w.org\/{rel}","templated":true}]}}