{"id":4047,"date":"2022-03-03T09:54:19","date_gmt":"2022-03-03T08:54:19","guid":{"rendered":"http:\/\/unionpourlavienne.fr\/Union_Vienne_2016\/wordpress\/?p=4047"},"modified":"2022-03-04T10:07:43","modified_gmt":"2022-03-04T09:07:43","slug":"33e-open-masculin-de-la-vienne","status":"publish","type":"post","link":"https:\/\/unionpourlavienne.fr\/Union_Vienne_2016\/wordpress\/33e-open-masculin-de-la-vienne\/","title":{"rendered":"33<sup>e<\/sup> Open Masculin de la Vienne"},"content":{"rendered":"<p>Pascale GUITTET, Vice-Pr\u00e9sidente du D\u00e9partement de la Vienne en charge de la Jeunesse, des Sports et de la Citoyennet\u00e9, Jean-Paul ORILLARD, Directeur de l\u2019Open Masculin 86, et Florence JARDIN, Pr\u00e9sidente de la Communaut\u00e9 Urbaine de Grand Poitiers, ont pr\u00e9sent\u00e9 l\u2019\u00e9dition 2022 des Internationaux Masculins de Tennis, en pr\u00e9sence d\u2019Odile CHAUVET, Pr\u00e9sidente G\u00e9n\u00e9rale du Stade Poitevin Omnisports et Didier PERRAUD, Pr\u00e9sident du Comit\u00e9 D\u00e9partemental de Tennis de la Vienne.<\/p>\n<p><iframe loading=\"lazy\" style=\"width: 700px; height: 470px; max-width: 100%; overflow: hidden; border: none; padding: 0; margin: 0 auto; display: block;\" src=\"http:\/\/unionpourlavienne.fr\/2022-03-03\/index.html\" width=\"300\" height=\"150\" marginwidth=\"0\" marginheight=\"0\"><\/iframe><\/p>\n<p>Du <span style=\"color: #ff6600;\"><strong>13 au 20 mars<\/strong><\/span>, le Stade Poitevin Tennis Club organise la 33<sup>e<\/sup> \u00e9dition de l\u2019Open Masculin 86.<\/p>\n<p>R\u00e9solument tourn\u00e9 vers la formation des jeunes, le club a souhait\u00e9 organiser un tournoi mettant en avant la jeune garde du tennis mondial. La dotation du tournoi reste inchang\u00e9e avec 15 000 $ distribu\u00e9s aux joueurs.<\/p>\n<p>L\u2019Open Masculin 86 a r\u00e9v\u00e9l\u00e9 de nombreux jeunes talents qui ont fait leur preuve sur le circuit. Les victoires des Fran\u00e7ais, Antoine Hoang (2018), Quentin Robert (2019) et Lucas Poullain en 2021 en sont des exemples. Ce dernier succ\u00e8de \u00e0 des grands noms du tennis tricolore comme Nicolas Mahut, grand vainqueur de l\u2019Open en 2003, ou encore Jo-Wilfried Tsonga qui s\u2019\u00e9tait impos\u00e9 en 2007.<\/p>\n<p>&nbsp;<\/p>\n<p>&nbsp;<\/p>\n<p><span style=\"color: #ff6600;\"><strong>Des joueurs de classe internationale<\/strong><\/span><\/p>\n<p>La 33<sup>e<\/sup> \u00e9dition de ce tournoi international se d\u00e9roulera sur les terrains couverts et chauff\u00e9s du Stade Poitevin Tennis Club. Le spectacle sportif sera assur\u00e9ment au rendez-vous gr\u00e2ce\u00a0 \u00e0 la venue de joueurs class\u00e9s parmi les 450 meilleurs joueurs du monde.<\/p>\n<p>Comme l\u2019ann\u00e9e derni\u00e8re, les matchs seront retransmis en direct sur la page Facebook du Stade Poitevin Tennis et celle du D\u00e9partement de la Vienne.<\/p>\n<p>&nbsp;<\/p>\n<p><span style=\"color: #ff6600;\"><strong>Programme de la semaine<\/strong><\/span><\/p>\n<p>\u25ba <strong>Lundi 14 mars <\/strong>&#8211; 11h &#8211; Grand Poitiers : tirage au sort du tableau<\/p>\n<p>\u25ba <strong>Mercredi 16 mars <\/strong>&#8211; Kids day &#8211; Journ\u00e9e des clubs de tennis (Le D\u00e9partement de la Vienne invite les jeunes qui lui sont confi\u00e9s dans les lieux de vie)<\/p>\n<p>\u25ba <strong>Samedi 19 mars <\/strong>&#8211; 1\/2 finales simple et finale double. Les jeunes du coll\u00e8ge Maurice Bedel, laur\u00e9ats du concours organis\u00e9 par l\u2019UNSS et le D\u00e9partement de la Vienne dans le cadre de la Semaine Olympique et Paralympique 2022 sont invit\u00e9s aux matchs et pourront b\u00e9n\u00e9ficier d\u2019une initiation au padel<\/p>\n<p>\u25ba <strong>Dimanche 20 mars <\/strong>&#8211; Finale du simple<\/p>\n<p>A l\u2019occasion du tirage au sort de la tombola, le D\u00e9partement de la Vienne offre un pass deux ans au Futuroscope et de nombreuses entr\u00e9es dans des sites touristiques de la Vienne.<\/p>\n<p>Toute la semaine, les matchs seront comment\u00e9s par Dominique Poey et Thierry Montero. Ils seront accompagn\u00e9s d\u2019invit\u00e9s sportifs et des milieux associatifs et institutionnels.<\/p>\n<p>&nbsp;<\/p>\n<p><span style=\"color: #ff6600;\"><strong>Palmar\u00e8s r\u00e9cent du tournoi<\/strong><\/span><\/p>\n<ul>\n<li>2017 : Oscar OTTE (ALL)<\/li>\n<li>2018 : Antoine HOANG (FRA)<\/li>\n<li>2019 : Quentin ROBERT (FRA)<\/li>\n<li>2021 : Lucas POULLAIN (FRA)<\/li>\n<\/ul>\n<p>&nbsp;<\/p>\n","protected":false},"excerpt":{"rendered":"<p>Pascale GUITTET, Jean-Paul ORILLARD et Florence JARDIN ont pr\u00e9sent\u00e9 l\u2019\u00e9dition 2022 des Internationaux Masculins de Tennis, en pr\u00e9sence d\u2019Odile CHAUVET et Didier PERRAUD&#8230;<\/p>\n","protected":false},"author":1,"featured_media":4048,"comment_status":"closed","ping_status":"open","sticky":false,"template":"","format":"standard","meta":[],"categories":[1],"tags":[35],"_links":{"self":[{"href":"https:\/\/unionpourlavienne.fr\/Union_Vienne_2016\/wordpress\/wp-json\/wp\/v2\/posts\/4047"}],"collection":[{"href":"https:\/\/unionpourlavienne.fr\/Union_Vienne_2016\/wordpress\/wp-json\/wp\/v2\/posts"}],"about":[{"href":"https:\/\/unionpourlavienne.fr\/Union_Vienne_2016\/wordpress\/wp-json\/wp\/v2\/types\/post"}],"author":[{"embeddable":true,"href":"https:\/\/unionpourlavienne.fr\/Union_Vienne_2016\/wordpress\/wp-json\/wp\/v2\/users\/1"}],"replies":[{"embeddable":true,"href":"https:\/\/unionpourlavienne.fr\/Union_Vienne_2016\/wordpress\/wp-json\/wp\/v2\/comments?post=4047"}],"version-history":[{"count":1,"href":"https:\/\/unionpourlavienne.fr\/Union_Vienne_2016\/wordpress\/wp-json\/wp\/v2\/posts\/4047\/revisions"}],"predecessor-version":[{"id":4049,"href":"https:\/\/unionpourlavienne.fr\/Union_Vienne_2016\/wordpress\/wp-json\/wp\/v2\/posts\/4047\/revisions\/4049"}],"wp:featuredmedia":[{"embeddable":true,"href":"https:\/\/unionpourlavienne.fr\/Union_Vienne_2016\/wordpress\/wp-json\/wp\/v2\/media\/4048"}],"wp:attachment":[{"href":"https:\/\/unionpourlavienne.fr\/Union_Vienne_2016\/wordpress\/wp-json\/wp\/v2\/media?parent=4047"}],"wp:term":[{"taxonomy":"category","embeddable":true,"href":"https:\/\/unionpourlavienne.fr\/Union_Vienne_2016\/wordpress\/wp-json\/wp\/v2\/categories?post=4047"},{"taxonomy":"post_tag","embeddable":true,"href":"https:\/\/unionpourlavienne.fr\/Union_Vienne_2016\/wordpress\/wp-json\/wp\/v2\/tags?post=4047"}],"curies":[{"name":"wp","href":"https:\/\/api.w.org\/{rel}","templated":true}]}}