{"id":4054,"date":"2022-03-07T15:56:56","date_gmt":"2022-03-07T14:56:56","guid":{"rendered":"http:\/\/unionpourlavienne.fr\/Union_Vienne_2016\/wordpress\/?p=4054"},"modified":"2022-04-07T10:40:22","modified_gmt":"2022-04-07T09:40:22","slug":"journee-internationale-des-droits-des-femmes-le-college-georges-david-de-mirebeau-mobilise","status":"publish","type":"post","link":"https:\/\/unionpourlavienne.fr\/Union_Vienne_2016\/wordpress\/journee-internationale-des-droits-des-femmes-le-college-georges-david-de-mirebeau-mobilise\/","title":{"rendered":"Journ\u00e9e Internationale des Droits des Femmes&nbsp;: le coll\u00e8ge Georges David de Mirebeau mobilis\u00e9"},"content":{"rendered":"<p>Dans le cadre de la Journ\u00e9e Internationale des Droits des Femmes, le 8 mars, le D\u00e9partement de la Vienne donne la parole \u00e0 des jeunes. Ainsi, depuis le vendredi 4 mars, le D\u00e9partement diffuse, sur ses r\u00e9seaux sociaux, des sayn\u00e8tes tourn\u00e9es par des \u00e9l\u00e8ves du coll\u00e8ge Georges David de Mirebeau mettant en valeur des femmes.<\/p>\n<p>&nbsp;<\/p>\n<p><span style=\"color: #ff6600;\"><strong>Une vingtaine d\u2019\u00e9l\u00e8ves de 3<\/strong><strong>e du coll\u00e8ge de Mirebeau <\/strong><\/span>ont planch\u00e9 sur le th\u00e8me des Droits des femmes, en r\u00e9alisant un travail interdisciplinaire en Fran\u00e7ais et en Enseignement moral et civique (EMC).<\/p>\n<p>En fran\u00e7ais, les \u00e9l\u00e8ves, guid\u00e9s par Rachel de Vendeuil, professeur de Fran\u00e7ais et Sandrine Marchand, professeur d\u2019EMC, ont \u00e9tudi\u00e9 des textes issus de pi\u00e8ces de th\u00e9\u00e2tre mettant en sc\u00e8ne des \u00ab femmes rebelles \u00bb, et en Enseignement moral et civique, ils ont fait des recherches sur des figures de femmes c\u00e9l\u00e8bres s\u2019\u00e9tant affirm\u00e9es dans divers domaines.<\/p>\n<p>Il s\u2019agissait ensuite pour les \u00e9l\u00e8ves de choisir <span style=\"color: #ff6600;\"><strong>une femme qui les avaient marqu\u00e9s et d\u2019en faire un portrait \u00e0 ins\u00e9rer dans une sayn\u00e8te<\/strong><\/span>. Cette sayn\u00e8te avec comme fil di- recteur, une phrase issue d\u2019Antigone de Jean Anouilh, qu\u2019il fallait r\u00e9\u00e9crire et remettre en cause : \u00ab C\u2019est bon pour les hommes de croire aux id\u00e9es et de mourir pour elle\u00bb.<\/p>\n<p>&nbsp;<\/p>\n<p><span style=\"color: #ff6600;\"><strong>Cinq femmes, c\u00e9l\u00e8bres pour leur implication dans les domaines artistique, sportif, m\u00e9dical<\/strong><\/span>\u2026 sont ainsi mises \u00e0 l\u2019honneur :<\/p>\n<ul>\n<li>Maria MONTESSORI &#8211; M\u00e9decin et p\u00e9dagogue italienne, elle est \u00e0 l\u2019origine de la m\u00e9thode p\u00e9dagogique qui porte son nom, Montessori<\/li>\n<li>Marie MARVINGT &#8211; Pionni\u00e8re de l\u2019aviation, inventrice, sportive, alpiniste, infirmi\u00e8re et journaliste fran\u00e7aise<\/li>\n<li>Jos\u00e9phine BAKER &#8211; Chanteuse, danseuse, actrice, meneuse de revue et r\u00e9sistante fran\u00e7aise d\u2019origine am\u00e9ricaine<\/li>\n<li>Emma WATSON &#8211; Actrice anglaise connue pour avoir jou\u00e9, pendant 10 ans, le r\u00f4le d\u2019Hermione Granger dans la s\u00e9rie Harry Potter<\/li>\n<li>Megan RAPINOE &#8211; Joueuse de football internationale am\u00e9ricaine, sacr\u00e9e cham- pionne du Monde en 2015 et 2019<\/li>\n<\/ul>\n<p>&nbsp;<\/p>\n<p>La derni\u00e8re partie du travail consistait \u00e0 filmer les sayn\u00e8tes qui sont diffus\u00e9es depuis <span style=\"color: #ff6600;\"><strong>le vendredi 4 mars sur les r\u00e9seaux sociaux du D\u00e9partement de la Vienne (Facebook et sa chaine Youtube)<\/strong><\/span>. Outre l\u2019enrichissement de leur culture personnelle, ce projet p\u00e9dagogique a notamment permis aux \u00e9l\u00e8ves de participer \u00e0 un projet collectif les engageant dans la d\u00e9fense d\u2019une cause internationale.<\/p>\n<p>&nbsp;<\/p>\n","protected":false},"excerpt":{"rendered":"<p>Dans le cadre de la Journ\u00e9e Internationale des Droits des Femmes, le 8 mars, le D\u00e9partement de la Vienne donne la parole \u00e0 des jeunes&#8230;<\/p>\n","protected":false},"author":1,"featured_media":4055,"comment_status":"closed","ping_status":"open","sticky":false,"template":"","format":"standard","meta":[],"categories":[66,59],"tags":[],"_links":{"self":[{"href":"https:\/\/unionpourlavienne.fr\/Union_Vienne_2016\/wordpress\/wp-json\/wp\/v2\/posts\/4054"}],"collection":[{"href":"https:\/\/unionpourlavienne.fr\/Union_Vienne_2016\/wordpress\/wp-json\/wp\/v2\/posts"}],"about":[{"href":"https:\/\/unionpourlavienne.fr\/Union_Vienne_2016\/wordpress\/wp-json\/wp\/v2\/types\/post"}],"author":[{"embeddable":true,"href":"https:\/\/unionpourlavienne.fr\/Union_Vienne_2016\/wordpress\/wp-json\/wp\/v2\/users\/1"}],"replies":[{"embeddable":true,"href":"https:\/\/unionpourlavienne.fr\/Union_Vienne_2016\/wordpress\/wp-json\/wp\/v2\/comments?post=4054"}],"version-history":[{"count":2,"href":"https:\/\/unionpourlavienne.fr\/Union_Vienne_2016\/wordpress\/wp-json\/wp\/v2\/posts\/4054\/revisions"}],"predecessor-version":[{"id":4083,"href":"https:\/\/unionpourlavienne.fr\/Union_Vienne_2016\/wordpress\/wp-json\/wp\/v2\/posts\/4054\/revisions\/4083"}],"wp:featuredmedia":[{"embeddable":true,"href":"https:\/\/unionpourlavienne.fr\/Union_Vienne_2016\/wordpress\/wp-json\/wp\/v2\/media\/4055"}],"wp:attachment":[{"href":"https:\/\/unionpourlavienne.fr\/Union_Vienne_2016\/wordpress\/wp-json\/wp\/v2\/media?parent=4054"}],"wp:term":[{"taxonomy":"category","embeddable":true,"href":"https:\/\/unionpourlavienne.fr\/Union_Vienne_2016\/wordpress\/wp-json\/wp\/v2\/categories?post=4054"},{"taxonomy":"post_tag","embeddable":true,"href":"https:\/\/unionpourlavienne.fr\/Union_Vienne_2016\/wordpress\/wp-json\/wp\/v2\/tags?post=4054"}],"curies":[{"name":"wp","href":"https:\/\/api.w.org\/{rel}","templated":true}]}}