{"id":4065,"date":"2022-03-16T15:58:44","date_gmt":"2022-03-16T14:58:44","guid":{"rendered":"http:\/\/unionpourlavienne.fr\/Union_Vienne_2016\/wordpress\/?p=4065"},"modified":"2022-03-16T15:58:44","modified_gmt":"2022-03-16T14:58:44","slug":"rencontres-dans-le-canton-de-chatellerault-1","status":"publish","type":"post","link":"https:\/\/unionpourlavienne.fr\/Union_Vienne_2016\/wordpress\/rencontres-dans-le-canton-de-chatellerault-1\/","title":{"rendered":"Rencontres dans le canton de Ch\u00e2tellerault-1"},"content":{"rendered":"<p>Alain PICHON, Pr\u00e9sident du D\u00e9partement de la Vienne, accompagn\u00e9 d\u2019Anne-Florence BOURAT et Henri COLIN, Conseillers D\u00e9partementaux du canton de Ch\u00e2tellerault 1, ont rencontr\u00e9, ce jour, les dirigeants de l\u2019entreprise AI Group de Naintr\u00e9 et les agents du coll\u00e8ge George Sand de Ch\u00e2tellerault.<\/p>\n<p>Etaient \u00e9galement pr\u00e9sents Christian MICHAUD, Maire de Naintr\u00e9 et Jean-Pierre ABELIN, Maire de Ch\u00e2tellerault.<\/p>\n<p>&nbsp;<\/p>\n<p><span style=\"color: #ff6600;\"><strong>Entreprise AI Group \u2013 Naintr\u00e9<\/strong><\/span><\/p>\n<p><img loading=\"lazy\" class=\"aligncenter size-full wp-image-4068\" src=\"https:\/\/unionpourlavienne.fr\/Union_Vienne_2016\/wordpress\/wp-content\/uploads\/2022\/03\/AI-GROUP.jpg\" alt=\"\" width=\"700\" height=\"525\" srcset=\"https:\/\/unionpourlavienne.fr\/Union_Vienne_2016\/wordpress\/wp-content\/uploads\/2022\/03\/AI-GROUP.jpg 700w, https:\/\/unionpourlavienne.fr\/Union_Vienne_2016\/wordpress\/wp-content\/uploads\/2022\/03\/AI-GROUP-300x225.jpg 300w\" sizes=\"(max-width: 700px) 100vw, 700px\" \/><\/p>\n<p><strong>Sp\u00e9cialiste incendie des grands risques industriels<\/strong>, AI Group con\u00e7oit, fabrique et entre- tien les installations cl\u00e9s en main, v\u00e9hicules, mat\u00e9riels, \u00e9mulseurs et poudres de protection contre les feux industriels. <strong>Elle intervient principalement dans les secteurs des hydro- carbures, nucl\u00e9aire, chimie, pharmacie, ports, a\u00e9roports, sites militaires, Seveso\u2026 <\/strong>Leader national de la protection incendie des risques industriels, la soci\u00e9t\u00e9 AI Group a \u00e9t\u00e9 cr\u00e9\u00e9e en 1900 par l\u2019ing\u00e9nieur hongrois Vlamos Biro qui a d\u00e9couvert les propri\u00e9t\u00e9s extinctives de certaines poudres contre le feu pour prot\u00e9ger la vie des mineurs de fond.<\/p>\n<p>En 1929, son fils Paul, ancien \u00e9tudiant \u00e0 l\u2019\u00e9cole des Mines de Paris, invente la <strong>poudre Granito <\/strong>qui poss\u00e8de toutes les qualit\u00e9s requises d\u2019un agent extincteur. Au fil des ann\u00e9es, la soci\u00e9t\u00e9 n\u2019a cess\u00e9 de se d\u00e9velopper. Tout en gardant son si\u00e8ge social \u00e0 Paris, elle a construit une usine \u00e0 Ch\u00e2tellerault en 1971, puis en 1987, les ateliers de fabrication \u00e0 Naintr\u00e9.<\/p>\n<p>Parall\u00e8lement, la soci\u00e9t\u00e9 a \u00e9t\u00e9 rachet\u00e9e par la soci\u00e9t\u00e9 SABO France puis, en 2015, par le groupe Gorg\u00e9.<\/p>\n<p>En 2017, AI Group lance sont premier catalogue de produits standards de protection incendie. <strong>Une quarantaine de salari\u00e9s <\/strong>travaillent sur le site de Naintr\u00e9.<\/p>\n<p>&nbsp;<\/p>\n<p><span style=\"color: #ff6600;\"><strong>Coll\u00e8ge George Sand \u2013 Ch\u00e2tellerault<\/strong><\/span><\/p>\n<p><img loading=\"lazy\" class=\"aligncenter size-full wp-image-4067\" src=\"https:\/\/unionpourlavienne.fr\/Union_Vienne_2016\/wordpress\/wp-content\/uploads\/2022\/03\/COLLEGE-GS.jpg\" alt=\"\" width=\"700\" height=\"438\" srcset=\"https:\/\/unionpourlavienne.fr\/Union_Vienne_2016\/wordpress\/wp-content\/uploads\/2022\/03\/COLLEGE-GS.jpg 700w, https:\/\/unionpourlavienne.fr\/Union_Vienne_2016\/wordpress\/wp-content\/uploads\/2022\/03\/COLLEGE-GS-300x188.jpg 300w\" sizes=\"(max-width: 700px) 100vw, 700px\" \/><\/p>\n<p><strong>Neuf agents du D\u00e9partement de la Vienne et une personne en contrat aid\u00e9 <\/strong>travaillent au coll\u00e8ge George Sand de Ch\u00e2tellerault, class\u00e9 en r\u00e9seau d\u2019\u00e9ducation prioritaire. A la rentr\u00e9e de septembre dernier, l\u2019\u00e9tablissement a accueilli <strong>618 \u00e9l\u00e8ves <\/strong>dont <strong>quatre sessions de SEGPA <\/strong>avec une soixantaine d\u2019\u00e9l\u00e8ves.<\/p>\n<p>Depuis le 1er septembre 2017, l\u2019ensemble des coll\u00e8ges du D\u00e9partement utilise la plate- forme Agrilocal86 afin de d\u00e9velopper l\u2019approvisionnement en produits locaux dans la restauration des coll\u00e8ges. Le coll\u00e8ge George Sand a progress\u00e9 de 6,27 % de produits locaux en 2016 \u00e0 27,75 % de produits locaux, BIO et labellis\u00e9s en 2019, pour passer \u00e0 <strong>30,92 % en 2020 <\/strong>(dont 1,97 % de produits bio et 3,85 % de produits labellis\u00e9s).<\/p>\n<p>De plus, Le coll\u00e8ge a \u00e9t\u00e9 accompagn\u00e9 par le D\u00e9partement de la Vienne dans le cadre du dispositif Z\u00e9rogaspi86 pour lutter contre le gaspillage alimentaire. Il a notamment \u00e9t\u00e9 dot\u00e9 d\u2019un bar \u00e0 salades. <strong>Pr\u00e8s <\/strong><strong>de 300 \u00e9l\u00e8ves sont demi-pensionnaires.<\/strong><\/p>\n<p>Enfin, en mati\u00e8re de num\u00e9rique, le D\u00e9partement de la Vienne, contribue, chaque ann\u00e9e, au renouvellement du parc num\u00e9rique. En 2020, suite \u00e0 la crise sanitaire un Plan exceptionnel d\u2019\u00e9quipement num\u00e9rique des coll\u00e8ges publics a \u00e9t\u00e9 vot\u00e9 par l\u2019Assembl\u00e9e d\u00e9partementale. Le coll\u00e8ge George Sand a alors \u00e9t\u00e9 dot\u00e9 de 54 ordinateurs portables suppl\u00e9mentaires. Plus de <strong>210 ordinateurs sont ainsi mis \u00e0 la disposition des \u00e9l\u00e8ves. <\/strong>En mai 2021, une dotation en num\u00e9rique a \u00e9galement \u00e9t\u00e9 vot\u00e9e en Commission Permanente avec l\u2019attribution de huit vid\u00e9oprojecteurs, livr\u00e9s en octobre 2021.<\/p>\n<p>&nbsp;<\/p>\n<p>&nbsp;<\/p>\n","protected":false},"excerpt":{"rendered":"<p>Alain PICHON accompagn\u00e9 d\u2019Anne-Florence BOURAT et Henri COLIN ont rencontr\u00e9 les dirigeants de l\u2019entreprise AI Group de Naintr\u00e9 et les agents du coll\u00e8ge George Sand de Ch\u00e2tellerault&#8230;<\/p>\n","protected":false},"author":1,"featured_media":4066,"comment_status":"closed","ping_status":"open","sticky":false,"template":"","format":"standard","meta":[],"categories":[87,68,59],"tags":[14,15,26],"_links":{"self":[{"href":"https:\/\/unionpourlavienne.fr\/Union_Vienne_2016\/wordpress\/wp-json\/wp\/v2\/posts\/4065"}],"collection":[{"href":"https:\/\/unionpourlavienne.fr\/Union_Vienne_2016\/wordpress\/wp-json\/wp\/v2\/posts"}],"about":[{"href":"https:\/\/unionpourlavienne.fr\/Union_Vienne_2016\/wordpress\/wp-json\/wp\/v2\/types\/post"}],"author":[{"embeddable":true,"href":"https:\/\/unionpourlavienne.fr\/Union_Vienne_2016\/wordpress\/wp-json\/wp\/v2\/users\/1"}],"replies":[{"embeddable":true,"href":"https:\/\/unionpourlavienne.fr\/Union_Vienne_2016\/wordpress\/wp-json\/wp\/v2\/comments?post=4065"}],"version-history":[{"count":1,"href":"https:\/\/unionpourlavienne.fr\/Union_Vienne_2016\/wordpress\/wp-json\/wp\/v2\/posts\/4065\/revisions"}],"predecessor-version":[{"id":4069,"href":"https:\/\/unionpourlavienne.fr\/Union_Vienne_2016\/wordpress\/wp-json\/wp\/v2\/posts\/4065\/revisions\/4069"}],"wp:featuredmedia":[{"embeddable":true,"href":"https:\/\/unionpourlavienne.fr\/Union_Vienne_2016\/wordpress\/wp-json\/wp\/v2\/media\/4066"}],"wp:attachment":[{"href":"https:\/\/unionpourlavienne.fr\/Union_Vienne_2016\/wordpress\/wp-json\/wp\/v2\/media?parent=4065"}],"wp:term":[{"taxonomy":"category","embeddable":true,"href":"https:\/\/unionpourlavienne.fr\/Union_Vienne_2016\/wordpress\/wp-json\/wp\/v2\/categories?post=4065"},{"taxonomy":"post_tag","embeddable":true,"href":"https:\/\/unionpourlavienne.fr\/Union_Vienne_2016\/wordpress\/wp-json\/wp\/v2\/tags?post=4065"}],"curies":[{"name":"wp","href":"https:\/\/api.w.org\/{rel}","templated":true}]}}