{"id":4090,"date":"2022-04-13T11:13:00","date_gmt":"2022-04-13T10:13:00","guid":{"rendered":"http:\/\/unionpourlavienne.fr\/Union_Vienne_2016\/wordpress\/?p=4090"},"modified":"2022-04-15T11:15:34","modified_gmt":"2022-04-15T10:15:34","slug":"les-laureats-de-la-vienne-au-concours-general-agricole","status":"publish","type":"post","link":"https:\/\/unionpourlavienne.fr\/Union_Vienne_2016\/wordpress\/les-laureats-de-la-vienne-au-concours-general-agricole\/","title":{"rendered":"Les laur\u00e9ats de la Vienne au Concours g\u00e9n\u00e9ral agricole"},"content":{"rendered":"<p>Alain PICHON, Pr\u00e9sident du D\u00e9partement de la Vienne et Jean-Louis LEDEUX, Vice-Pr\u00e9sident du D\u00e9partement en charge de l\u2019Agriculture et de la Ruralit\u00e9 ont r\u00e9compens\u00e9 les producteurs et agriculteurs de la Vienne pr\u00e9sents lors du Salon International de l\u2019Agriculture 2022 et ayant \u00e9t\u00e9 prim\u00e9s au Concours g\u00e9n\u00e9ral agricole. Un troph\u00e9e, un dipl\u00f4me et des produits locaux leur ont \u00e9t\u00e9 remis.<\/p>\n<p>&nbsp;<\/p>\n<ul>\n<li><strong>EARL de l\u2019Epinay <\/strong>\u2013 Quentin et Laurent Menestreau \u2013 Pouancay \u2013 Vins Val-de- Loire et Centre<\/li>\n<li><strong>SARL Gargouil <\/strong>\u2013 Eric Gargouil \u2013 Charroux \u2013Jus de fruits artisanaux<\/li>\n<li><strong>EARL de la Treille <\/strong>\u2013 Christine Renard \u2013 Loudun \u2013 Fromage de ch\u00e8vre<\/li>\n<li><strong>Lyc\u00e9e agricole r\u00e9gional Xavier Bernard <\/strong>\u2013 Venours \u2013 Jakarta, vache de race Jersiaise<\/li>\n<li><strong>Olivier Bouet <\/strong>\u2013 Boivre-la-Vall\u00e9e \u2013 Eleveur d\u2019Ouf de la Vall\u00e9e de la Seulles, un \u00e9pagneul fran\u00e7ais<\/li>\n<li><strong>Philippe Berger <\/strong>\u2013 Niueil-l\u2019Espoir \u2013 Mouton Ile de France<\/li>\n<li><strong>SCEA G\u00e9rard Brault <\/strong>\u2013 G\u00e9rard Brault \u2013 Boivre-la-Vall\u00e9e \u2013 Mouton Vend\u00e9en<\/li>\n<li><strong>Beno\u00eet Billy <\/strong>\u2013 Ayron \u2013 Mouton Vend\u00e9en<\/li>\n<li><strong>Christophe Morisset <\/strong>\u2013 Boivre-la-Vall\u00e9e \u2013 Mouton Vend\u00e9en<\/li>\n<li><strong>GAEC Rollin <\/strong>\u2013 Alexandre et Jean-S\u00e9bastien Rollin \u2013 Persac \u2013 Mouton Suffolk<\/li>\n<\/ul>\n<p>&nbsp;<\/p>\n<p>&nbsp;<\/p>\n","protected":false},"excerpt":{"rendered":"<p>Alain PICHON et Jean-Louis LEDEUX ont r\u00e9compens\u00e9 les producteurs et agriculteurs de la Vienne pr\u00e9sents lors du Salon International de l\u2019Agriculture 2022 et ayant \u00e9t\u00e9 prim\u00e9s au Concours g\u00e9n\u00e9ral agricole&#8230;<\/p>\n","protected":false},"author":1,"featured_media":4091,"comment_status":"closed","ping_status":"open","sticky":false,"template":"","format":"standard","meta":[],"categories":[62],"tags":[14,28],"_links":{"self":[{"href":"https:\/\/unionpourlavienne.fr\/Union_Vienne_2016\/wordpress\/wp-json\/wp\/v2\/posts\/4090"}],"collection":[{"href":"https:\/\/unionpourlavienne.fr\/Union_Vienne_2016\/wordpress\/wp-json\/wp\/v2\/posts"}],"about":[{"href":"https:\/\/unionpourlavienne.fr\/Union_Vienne_2016\/wordpress\/wp-json\/wp\/v2\/types\/post"}],"author":[{"embeddable":true,"href":"https:\/\/unionpourlavienne.fr\/Union_Vienne_2016\/wordpress\/wp-json\/wp\/v2\/users\/1"}],"replies":[{"embeddable":true,"href":"https:\/\/unionpourlavienne.fr\/Union_Vienne_2016\/wordpress\/wp-json\/wp\/v2\/comments?post=4090"}],"version-history":[{"count":1,"href":"https:\/\/unionpourlavienne.fr\/Union_Vienne_2016\/wordpress\/wp-json\/wp\/v2\/posts\/4090\/revisions"}],"predecessor-version":[{"id":4092,"href":"https:\/\/unionpourlavienne.fr\/Union_Vienne_2016\/wordpress\/wp-json\/wp\/v2\/posts\/4090\/revisions\/4092"}],"wp:featuredmedia":[{"embeddable":true,"href":"https:\/\/unionpourlavienne.fr\/Union_Vienne_2016\/wordpress\/wp-json\/wp\/v2\/media\/4091"}],"wp:attachment":[{"href":"https:\/\/unionpourlavienne.fr\/Union_Vienne_2016\/wordpress\/wp-json\/wp\/v2\/media?parent=4090"}],"wp:term":[{"taxonomy":"category","embeddable":true,"href":"https:\/\/unionpourlavienne.fr\/Union_Vienne_2016\/wordpress\/wp-json\/wp\/v2\/categories?post=4090"},{"taxonomy":"post_tag","embeddable":true,"href":"https:\/\/unionpourlavienne.fr\/Union_Vienne_2016\/wordpress\/wp-json\/wp\/v2\/tags?post=4090"}],"curies":[{"name":"wp","href":"https:\/\/api.w.org\/{rel}","templated":true}]}}