{"id":4093,"date":"2022-04-15T11:29:59","date_gmt":"2022-04-15T10:29:59","guid":{"rendered":"http:\/\/unionpourlavienne.fr\/Union_Vienne_2016\/wordpress\/?p=4093"},"modified":"2022-04-15T11:29:59","modified_gmt":"2022-04-15T10:29:59","slug":"les-heures-vagabondes-de-la-vienne","status":"publish","type":"post","link":"https:\/\/unionpourlavienne.fr\/Union_Vienne_2016\/wordpress\/les-heures-vagabondes-de-la-vienne\/","title":{"rendered":"Les Heures Vagabondes de la Vienne"},"content":{"rendered":"<p>La dix-huiti\u00e8me \u00e9dition du festival organis\u00e9 par le D\u00e9partement de la Vienne se d\u00e9roulera du 8 juillet au 13 ao\u00fbt. Les Heures Vagabondes offriront onze concerts gratuits dans les communes principalement rurales du d\u00e9partement avec des grands noms de la sc\u00e8ne hexagonale. Une programmation plurielle qui revient aux sources du festival apr\u00e8s une \u00e9dition 2021 uniquement rythm\u00e9e par des artistes locaux. Pour faire face \u00e0 la situation sanitaire in\u00e9dite, le festival s&rsquo;\u00e9tait, en effet, r\u00e9invent\u00e9 pour poursuivre la belle aventure musicale !<\/p>\n<p><img loading=\"lazy\" class=\"aligncenter size-full wp-image-4095\" src=\"https:\/\/unionpourlavienne.fr\/Union_Vienne_2016\/wordpress\/wp-content\/uploads\/2022\/04\/hv.jpg\" alt=\"\" width=\"570\" height=\"823\" srcset=\"https:\/\/unionpourlavienne.fr\/Union_Vienne_2016\/wordpress\/wp-content\/uploads\/2022\/04\/hv.jpg 570w, https:\/\/unionpourlavienne.fr\/Union_Vienne_2016\/wordpress\/wp-content\/uploads\/2022\/04\/hv-208x300.jpg 208w\" sizes=\"(max-width: 570px) 100vw, 570px\" \/><\/p>\n<p>&nbsp;<\/p>\n<p><span style=\"color: #ff6600;\"><strong>DIFFUSER LA CULTURE AU C\u0152UR DES TERRITOIRES<\/strong><\/span><br \/>\nDepuis 2004, le festival Les Heures Vagabondes enchante les soir\u00e9es d\u2019\u00e9t\u00e9, aux quatre coins du d\u00e9partement, avec l\u2019objectif de diffuser la culture en milieu rural et de la rendre accessible au plus grand nombre en favorisant le m\u00e9lange des g\u00e9n\u00e9rations. Festival de tous les publics, Les Heures Vagabondes, est d\u00e9sormais reconnu pour sa diversit\u00e9 et la qualit\u00e9 de sa programmation musicale, ainsi que son ambiance si particuli\u00e8re et familiale notamment li\u00e9e aux nombreux b\u00e9n\u00e9voles associ\u00e9s \u00e0 cette op\u00e9ration.<\/p>\n<p><span style=\"color: #ff6600;\"><strong>LES HEURES VAGABONDES : RETOUR AUX FONDAMENTAUX !<\/strong><\/span><br \/>\nApr\u00e8s l&rsquo;annulation en 2020 et le mode Sc\u00e8ne locale en 2021, Le D\u00e9partement revient \u00e0 la formule initiale de son embl\u00e9matique festival. Des t\u00eates d\u2019affiche cette ann\u00e9e dans une dizaine de communes sur l\u2019ensemble du d\u00e9partement, pour le faire vibrer avec de belles rencontres, de belles d\u00e9couvertes !<br \/>\nOnze concerts sont donc propos\u00e9s au public. De Lenclo\u00eetre \u00e0 Avanton, en passant par Verri\u00e8res, Saint-Beno\u00eet, Monts-sur-Guesnes, Ch\u00e2tellerault ou encore Valence en Poitou, Ingrandes, Chalandray, Saint-Martin-la-Pallu et Voul\u00eame, le reggae, la pop, le rock\u2026 r\u00e9sonneront sur le territoire.<br \/>\nL\u2019occasion de (re)d\u00e9couvrir des grands noms de la vari\u00e9t\u00e9 fran\u00e7aise que sont B\u00e9nabar, Native ou bien encore les N\u00e9gresses Vertes et de se laisser emporter par la voix puissante de Barbara Pravi qui enchante la sc\u00e8ne nationale depuis son passage tr\u00e8s remarqu\u00e9 \u00e0 l&rsquo;Eurovision en 2021.<\/p>\n<p>Nouveaut\u00e9 2022 : Mise en avant de notre partenaire la Province de Jujuy (Argentine) avec la pr\u00e9sence du groupe Tunay, \u00e0 Valence en Poitou, le 23 juillet prochain.<\/p>\n","protected":false},"excerpt":{"rendered":"<p>La 18<sup>e<\/sup> \u00e9dition du festival organis\u00e9 par le D\u00e9partement de la Vienne se d\u00e9roulera du 8 juillet au 13 ao\u00fbt. Les Heures Vagabondes offriront onze concerts gratuits dans les communes principalement rurales du d\u00e9partement avec des grands  noms  de  la  sc\u00e8ne  hexagonale&#8230;<\/p>\n","protected":false},"author":1,"featured_media":4094,"comment_status":"closed","ping_status":"open","sticky":false,"template":"","format":"standard","meta":[],"categories":[66],"tags":[],"_links":{"self":[{"href":"https:\/\/unionpourlavienne.fr\/Union_Vienne_2016\/wordpress\/wp-json\/wp\/v2\/posts\/4093"}],"collection":[{"href":"https:\/\/unionpourlavienne.fr\/Union_Vienne_2016\/wordpress\/wp-json\/wp\/v2\/posts"}],"about":[{"href":"https:\/\/unionpourlavienne.fr\/Union_Vienne_2016\/wordpress\/wp-json\/wp\/v2\/types\/post"}],"author":[{"embeddable":true,"href":"https:\/\/unionpourlavienne.fr\/Union_Vienne_2016\/wordpress\/wp-json\/wp\/v2\/users\/1"}],"replies":[{"embeddable":true,"href":"https:\/\/unionpourlavienne.fr\/Union_Vienne_2016\/wordpress\/wp-json\/wp\/v2\/comments?post=4093"}],"version-history":[{"count":1,"href":"https:\/\/unionpourlavienne.fr\/Union_Vienne_2016\/wordpress\/wp-json\/wp\/v2\/posts\/4093\/revisions"}],"predecessor-version":[{"id":4096,"href":"https:\/\/unionpourlavienne.fr\/Union_Vienne_2016\/wordpress\/wp-json\/wp\/v2\/posts\/4093\/revisions\/4096"}],"wp:featuredmedia":[{"embeddable":true,"href":"https:\/\/unionpourlavienne.fr\/Union_Vienne_2016\/wordpress\/wp-json\/wp\/v2\/media\/4094"}],"wp:attachment":[{"href":"https:\/\/unionpourlavienne.fr\/Union_Vienne_2016\/wordpress\/wp-json\/wp\/v2\/media?parent=4093"}],"wp:term":[{"taxonomy":"category","embeddable":true,"href":"https:\/\/unionpourlavienne.fr\/Union_Vienne_2016\/wordpress\/wp-json\/wp\/v2\/categories?post=4093"},{"taxonomy":"post_tag","embeddable":true,"href":"https:\/\/unionpourlavienne.fr\/Union_Vienne_2016\/wordpress\/wp-json\/wp\/v2\/tags?post=4093"}],"curies":[{"name":"wp","href":"https:\/\/api.w.org\/{rel}","templated":true}]}}