{"id":4098,"date":"2022-04-28T10:12:58","date_gmt":"2022-04-28T09:12:58","guid":{"rendered":"http:\/\/unionpourlavienne.fr\/Union_Vienne_2016\/wordpress\/?p=4098"},"modified":"2022-05-02T10:16:52","modified_gmt":"2022-05-02T09:16:52","slug":"rencontres-dans-le-canton-de-chatellerault-2","status":"publish","type":"post","link":"https:\/\/unionpourlavienne.fr\/Union_Vienne_2016\/wordpress\/rencontres-dans-le-canton-de-chatellerault-2\/","title":{"rendered":"Rencontres dans le canton de Ch\u00e2tellerault-2"},"content":{"rendered":"<p>Alain PICHON, Pr\u00e9sident du D\u00e9partement de la Vienne accompagn\u00e9 de Val\u00e9rie DAUGE, 1re Vice-Pr\u00e9sidente du D\u00e9partement, Conseillers D\u00e9partementaux sur le canton de Ch\u00e2tellerault-2 ont \u00e9chang\u00e9, ce jour, avec Gilbert Busseau, dirigeant de la Sarl Busseau \u00e0 S\u00e9rigny et Ang\u00e9lique Pignon, la responsable de La Pignonette, lieu de vie et d\u2019accueil pour jeunes m\u00e8res \u00e0 Vell\u00e8ches.<\/p>\n<p>Etaient \u00e9galement pr\u00e9sents Marc CHAINEAU, Maire de S\u00e9rigny et Fr\u00e9d\u00e9ric SCHMITT, Maire de Vell\u00e8ches.<\/p>\n<p>&nbsp;<\/p>\n<p><span style=\"color: #ff6600;\"><strong>Sarl Busseau \u2013 S\u00e9rigny<\/strong><\/span><\/p>\n<p><img loading=\"lazy\" class=\"aligncenter size-full wp-image-4100\" src=\"https:\/\/unionpourlavienne.fr\/Union_Vienne_2016\/wordpress\/wp-content\/uploads\/2022\/05\/2022-05-02b.jpg\" alt=\"\" width=\"700\" height=\"525\" srcset=\"https:\/\/unionpourlavienne.fr\/Union_Vienne_2016\/wordpress\/wp-content\/uploads\/2022\/05\/2022-05-02b.jpg 700w, https:\/\/unionpourlavienne.fr\/Union_Vienne_2016\/wordpress\/wp-content\/uploads\/2022\/05\/2022-05-02b-300x225.jpg 300w\" sizes=\"(max-width: 700px) 100vw, 700px\" \/><\/p>\n<p>En 2004, Gilbert Busseau a cr\u00e9\u00e9 son entreprise de menuiserie. Il \u00e9tait alors sp\u00e9cialis\u00e9 en menuiseries ext\u00e9rieures (bois, pvc, alu) et fabriquait des pi\u00e8ces pour l\u2019agence- ment int\u00e9rieur et ext\u00e9rieur.<\/p>\n<p>En mars 2020, d\u00e9sireux de se diversifier, il se lance dans la fabrication et la livraison de Tiny House, petite maison sur roue. L\u2019id\u00e9e est alors de cr\u00e9er des logements \u00e0 co\u00fbt moindre, mobiles pour s\u2019adapter aussi bien en ville qu\u2019\u00e0 la campagne. L\u2019objectif est aujourd\u2019hui de trouver des terrains de 1 000 m2 pour installer trois \u00e0 quatre Tiny House, moyennant une redevance associ\u00e9e notamment au foncier. Gilbert Busseau souhaite sensibiliser les collectivit\u00e9s mais aussi l\u2019habitat priv\u00e9 \u00e0 l\u2019opportunit\u00e9 de cr\u00e9er ces habitations pour pallier le manque de logement pour les personnes ayant des moyens modestes, les \u00e9tudiants\u2026<\/p>\n<p>&nbsp;<\/p>\n<p><span style=\"color: #ff6600;\"><strong>La Pignonette, lieu de vie et d\u2019accueil \u2013 Vell\u00e8ches<\/strong><\/span><\/p>\n<p>Cr\u00e9\u00e9e en septembre 2018 \u00e0 l\u2019initiative d\u2019Ang\u00e9lique Pignon, qui fut pendant 15 ans assistante familiale, La Pignonette est un lieu de vie et d\u2019accueil d\u2019enfants en bas\u00a0 \u00e2ge et de mamans mineures avec leurs b\u00e9b\u00e9s. L\u2019\u00e9quipe de La Pignonette compte neuf professionnelles. Un psychologue-psychoth\u00e9rapeute, une sophrologue et une sp\u00e9cialiste en m\u00e9diation animale interviennent aussi sur place.<\/p>\n<p>Ang\u00e9lique Pignon et son \u00e9quipe accompagnent les parents pour leur permettre de valoriser leurs comp\u00e9tences dans le cadre du placement de leur enfant. La Pignonette compte huit places : six dans la maison principale et deux dans la Marylou, une annexe r\u00e9nov\u00e9e. Les six places de la maison principale sont occup\u00e9es prioritairement par les enfants les plus jeunes, les deux de l\u2019annexe par une m\u00e8re mineure ou une fratrie selon les n\u00e9cessit\u00e9s d\u2019accueil. Tous les enfants accueillis sont originaires de\u00a0\u00a0\u00a0 la Vienne. Si La Pignonette accueille les enfants en bas \u00e2ge, l\u2019\u00e9quipe souhaite pour- suivre l\u2019accompagnement des enfants sur le long terme et ainsi \u00e9viter les ruptures de placement.<\/p>\n<p>A terme une nouvelle extension est envisag\u00e9e avec :<\/p>\n<ul>\n<li>la maison centrale qui accueillera les plus jeunes pour six places<\/li>\n<li>la Marylou qui h\u00e9bergera une fratrie de deux enfants ou une m\u00e8re mineure avec son enfant<\/li>\n<li>une nouvelle annexe de trois places pour accueillir les enfants de plus de six ans<\/li>\n<\/ul>\n<p>&nbsp;<\/p>\n<p>&nbsp;<\/p>\n","protected":false},"excerpt":{"rendered":"<p>Alain PICHON, accompagn\u00e9 de Val\u00e9rie DAUGE,  ont \u00e9chang\u00e9, ce jour, avec Gilbert Busseau et Ang\u00e9lique Pignon&#8230;<\/p>\n","protected":false},"author":1,"featured_media":4099,"comment_status":"closed","ping_status":"open","sticky":false,"template":"","format":"standard","meta":[],"categories":[86],"tags":[14,40],"_links":{"self":[{"href":"https:\/\/unionpourlavienne.fr\/Union_Vienne_2016\/wordpress\/wp-json\/wp\/v2\/posts\/4098"}],"collection":[{"href":"https:\/\/unionpourlavienne.fr\/Union_Vienne_2016\/wordpress\/wp-json\/wp\/v2\/posts"}],"about":[{"href":"https:\/\/unionpourlavienne.fr\/Union_Vienne_2016\/wordpress\/wp-json\/wp\/v2\/types\/post"}],"author":[{"embeddable":true,"href":"https:\/\/unionpourlavienne.fr\/Union_Vienne_2016\/wordpress\/wp-json\/wp\/v2\/users\/1"}],"replies":[{"embeddable":true,"href":"https:\/\/unionpourlavienne.fr\/Union_Vienne_2016\/wordpress\/wp-json\/wp\/v2\/comments?post=4098"}],"version-history":[{"count":1,"href":"https:\/\/unionpourlavienne.fr\/Union_Vienne_2016\/wordpress\/wp-json\/wp\/v2\/posts\/4098\/revisions"}],"predecessor-version":[{"id":4101,"href":"https:\/\/unionpourlavienne.fr\/Union_Vienne_2016\/wordpress\/wp-json\/wp\/v2\/posts\/4098\/revisions\/4101"}],"wp:featuredmedia":[{"embeddable":true,"href":"https:\/\/unionpourlavienne.fr\/Union_Vienne_2016\/wordpress\/wp-json\/wp\/v2\/media\/4099"}],"wp:attachment":[{"href":"https:\/\/unionpourlavienne.fr\/Union_Vienne_2016\/wordpress\/wp-json\/wp\/v2\/media?parent=4098"}],"wp:term":[{"taxonomy":"category","embeddable":true,"href":"https:\/\/unionpourlavienne.fr\/Union_Vienne_2016\/wordpress\/wp-json\/wp\/v2\/categories?post=4098"},{"taxonomy":"post_tag","embeddable":true,"href":"https:\/\/unionpourlavienne.fr\/Union_Vienne_2016\/wordpress\/wp-json\/wp\/v2\/tags?post=4098"}],"curies":[{"name":"wp","href":"https:\/\/api.w.org\/{rel}","templated":true}]}}