{"id":4132,"date":"2022-05-12T13:07:15","date_gmt":"2022-05-12T12:07:15","guid":{"rendered":"http:\/\/unionpourlavienne.fr\/Union_Vienne_2016\/wordpress\/?p=4132"},"modified":"2022-05-13T13:15:51","modified_gmt":"2022-05-13T12:15:51","slug":"retour-des-foulees-neuvilloises-la-fete-dans-la-course","status":"publish","type":"post","link":"https:\/\/unionpourlavienne.fr\/Union_Vienne_2016\/wordpress\/retour-des-foulees-neuvilloises-la-fete-dans-la-course\/","title":{"rendered":"Retour des Foul\u00e9es Neuvilloises : la f\u00eate dans la course"},"content":{"rendered":"<p>Pascale GUITTET, Vice-Pr\u00e9sidente du D\u00e9partement de la Vienne en charge de la Jeunesse, des Sports et de la Citoyennet\u00e9, et R\u00e9my BERGEON, Pr\u00e9sident du club CA Pictave, ont pr\u00e9sent\u00e9,\u00a0 ce jour, la nouvelle formule des Foul\u00e9es Neuvilloises qui auront lieu le samedi 11 juin \u00e0 Neuville-de-Poitou. Outre les deux courses de 5 et 10 km, un village des produits du Haut-Poitou, des animations et des courses pour les scolaires et les coll\u00e9giens sont programm\u00e9s.<\/p>\n<p>Etaient \u00e9galement pr\u00e9sents S\u00e9verine SAINT-P\u00c9, Maire de Neuville-de-Poitou, et Beno\u00eet PRINCAY, Pr\u00e9sident de la Communaut\u00e9 de Communes du Haut-Poitou, tous les deux Conseillers D\u00e9partementaux du canton de Mign\u00e9-Auxances et Philippe GUELLERIN, Pr\u00e9sident de Vivre et Entreprendre en Haut-Poitou.<\/p>\n<p>&nbsp;<\/p>\n<p><span style=\"color: #ff6600;\"><strong>40 ans d\u2019histoire<\/strong><\/span><\/p>\n<p>Le Clain Athl\u00e9tic Club Neuvillois, plus connu sous le nom CA Pictave, a \u00e9t\u00e9 cr\u00e9\u00e9 \u00e0 Neuville-de-Poitou en 1982. A l\u2019origine du club, qui s\u2019appelait alors le <strong>Chardonchamp Athl\u00e9tic club<\/strong>, il y a un groupe de six copains coureurs. Roland Gaignerot \u00e9tait alors pr\u00e9sident avant de c\u00e9der la main \u00e0 R\u00e9my Bergeon.<\/p>\n<p>40 ans plus tard, le CA Pictave compte <strong>280 adh\u00e9rents dont 50 sont licenci\u00e9s \u00e0 la F\u00e9d\u00e9ration Fran\u00e7aise d\u2019Athl\u00e9tisme <\/strong>\u00e0 laquelle le club est affili\u00e9. Tous les dimanches, on retrouve les mail- lots bleus du club sur les courses d\u00e9partementales et nationales pour les licenci\u00e9s FFA. Si tous les niveaux sont repr\u00e9sent\u00e9s, plusieurs coureurs tirent leur \u00e9pingle du jeu. Ainsi une vingtaine d\u2019entre eux se sont qualifi\u00e9s cette ann\u00e9e pour les championnats de France de semi-marathon et plusieurs courent le marathon sous les 2h40. Mais pour la grande majorit\u00e9 des coureurs, l\u2019objectif est surtout de se retrouver, le dimanche matin, entre amis pour se faire plaisir sur un parcours plus ou moins long et selon son rythme !<\/p>\n<p>&nbsp;<\/p>\n<p><strong><span style=\"color: #ff6600;\">Les Foul\u00e9es Neuvilloises, nouvelle formule<\/span><\/strong><\/p>\n<p>En juin 2019, le CA Pictave organisait sa traditionnelle corrida en soir\u00e9e avec 400 coureurs adultes et enfants pour un \u00e9v\u00e9nement \u00e0 port\u00e9e d\u00e9partementale. En 2020 et 2021, il devait se r\u00e9soudre \u00e0 annuler sa course annuelle. Cette ann\u00e9e, les Foul\u00e9es Neuvilloises sont de retour avec des nouveaut\u00e9s en termes d\u2019animations mais aussi de sport.<\/p>\n<p style=\"padding-left: 30px;\"><span style=\"color: #ff6600;\"><strong>\u2713\u00a0 Des animations\u2026<\/strong><\/span><\/p>\n<p style=\"padding-left: 30px;\">Pour la premi\u00e8re fois, le club s\u2019est associ\u00e9 \u00e0 l\u2019association Vivre et Entreprendre en Haut-Poi- tou pour proposer un Village des produits du Haut-Poitou. Une vingtaine de stands seront ainsi pr\u00e9sents, d\u00e8s 14h, devant la salle Jean Dousset, tels que Martine \u00e0 la ferme, La Ruche\u00a0 qui dit oui, La Toque du bocal, Pictavino, Huilerie de Neuville, Essentielle vannerie, En voiture Simone, Les biscuits de la Boivre, le Brasseur de Vouill\u00e9&#8230; Une boutique d\u2019articles de sports, l\u2019office de tourisme de Neuville-de-Poitou, une banda&#8230; compl\u00e8teront la partie animation.<\/p>\n<p style=\"padding-left: 30px;\">Le D\u00e9partement de la Vienne, partenaire de la manifestation, proposera des animations sur son stand.<\/p>\n<p style=\"padding-left: 30px;\">\n<p style=\"padding-left: 30px;\"><span style=\"color: #ff6600;\"><strong>\u2713\u2026et des coureurs \u00e9lite<\/strong><\/span><\/p>\n<p style=\"padding-left: 30px;\">C\u00f4t\u00e9 sport, le CA Pictave porte une double ambition pour cette course tr\u00e8s roulante sur route :<\/p>\n<p style=\"padding-left: 60px;\">\u25ba Hisser les Foul\u00e9es Neuvilloises au rang de <strong>course internationale <\/strong>au sein du calendrier fran\u00e7ais des courses sur route<\/p>\n<p style=\"padding-left: 60px;\">\u25ba Porter une candidature \u00e0 l\u2019organisation des <strong>championnats de France de 10 km d\u00e8s 2023 <\/strong>Pour cela, les organisateurs ont sollicit\u00e9 certains des meilleurs coureurs fran\u00e7ais pour aligner sur la ligne de d\u00e9part un plateau d\u2019exception. \u00ab L\u2019id\u00e9e est de donner un nouvel \u00e9lan \u00e0 la course en \u00e9levant le niveau et en permettant aussi \u00e0 nos coureurs locaux de se confronter \u00e0 des pointures \u00bb, souligne J\u00e9r\u00f4me Christiany, membre du club en charge de l\u2019organisation sportive de la course. Sont ainsi annonc\u00e9s au d\u00e9part du 10 km :<\/p>\n<ul>\n<li style=\"padding-left: 60px;\"><u>Julie Chuberre<\/u>, de L\u2019A3 Tours Free Run, record \u00e0 33\u201938 sur 10 km, 6e aux championnats de France de 10 km 2022 et 2e Master 0.<\/li>\n<li style=\"padding-left: 60px;\"><u>Sylvain Dod\u00e9,<\/u> de L\u2019A3 Tours Free Run, record \u00e0 29\u201916 sur 10 km, 25e aux championnats de France de 10 km 2022 et 2e Master 0.<\/li>\n<li style=\"padding-left: 60px;\"><u>Manuel Sainjon<\/u>, de l\u2019Entente Athl\u00e9tique Grenoble 38, record \u00e0 30\u201906 sur 10 km, 1h04\u201916 au semi et 2h17\u201945 au marathon<\/li>\n<li style=\"padding-left: 60px;\"><u>Geoffrey Le Dean<\/u>, du CA Montreuil, record \u00e0 29\u201909 sur 10 km, 28\u201953 sur 10 000 piste, 1h03\u201915 au semi et 2h15\u201919 au marathon<\/li>\n<\/ul>\n<p style=\"padding-left: 60px;\">Si le 5 km sera classant, le 10 km sera qualificatif pour le championnat de France &#8211; label r\u00e9gional. Une premi\u00e8re dans l\u2019histoire du club !<\/p>\n<p style=\"padding-left: 60px;\">Dans l\u2019apr\u00e8s-midi, deux courses sont \u00e9galement pr\u00e9vues : pour les enfants (primaires et maternelles) et les coll\u00e9giens.<\/p>\n<p>&nbsp;<\/p>\n<p><span style=\"color: #ff6600;\"><strong>Infos pratiques<\/strong><\/span><\/p>\n<p>Les Foul\u00e9es Neuvilloises, <strong>samedi 11 juin<\/strong>, Espace Jean Dousset, rue de la Jeunesse<\/p>\n<ul>\n<li>A partir de 14h, ouverture du Village des produits du Haut-Poitou, buvette et restauration<\/li>\n<li>16h30 : course des coll\u00e9giens de 4e et 3e (3 km)<\/li>\n<li>17h15 : course des coll\u00e9giens de 6e et 5e (1,5 km)<\/li>\n<li>18h : Primaires et maternelles<\/li>\n<li>19h : D\u00e9part du 5 km Classant FFA<\/li>\n<li>20h : D\u00e9part du 10 km qualificatif au championnat de France &#8211; label r\u00e9gional<\/li>\n<\/ul>\n<p><strong>Inscription <\/strong>: <a href=\"http:\/\/www.runchrono.fr\/\">www.runchrono.fr<\/a>\u00a0<strong>Renseignement <\/strong>: <a href=\"mailto:capictave@hotmail.fr\">capictave@hotmail.fr<\/a><\/p>\n<p>&nbsp;<\/p>\n","protected":false},"excerpt":{"rendered":"<p>Pascale GUITTET et R\u00e9my BERGEON ont pr\u00e9sent\u00e9 la nouvelle formule des Foul\u00e9es Neuvilloises qui auront lieu le samedi 11 juin \u00e0 Neuville-de-Poitou. Outre les deux courses de 5 et 10 km, un village des produits du Haut-Poitou, des animations et des courses pour les scolaires et les coll\u00e9giens sont programm\u00e9s&#8230;<\/p>\n","protected":false},"author":1,"featured_media":4133,"comment_status":"closed","ping_status":"open","sticky":false,"template":"","format":"standard","meta":[],"categories":[78,65],"tags":[17,35,38],"_links":{"self":[{"href":"https:\/\/unionpourlavienne.fr\/Union_Vienne_2016\/wordpress\/wp-json\/wp\/v2\/posts\/4132"}],"collection":[{"href":"https:\/\/unionpourlavienne.fr\/Union_Vienne_2016\/wordpress\/wp-json\/wp\/v2\/posts"}],"about":[{"href":"https:\/\/unionpourlavienne.fr\/Union_Vienne_2016\/wordpress\/wp-json\/wp\/v2\/types\/post"}],"author":[{"embeddable":true,"href":"https:\/\/unionpourlavienne.fr\/Union_Vienne_2016\/wordpress\/wp-json\/wp\/v2\/users\/1"}],"replies":[{"embeddable":true,"href":"https:\/\/unionpourlavienne.fr\/Union_Vienne_2016\/wordpress\/wp-json\/wp\/v2\/comments?post=4132"}],"version-history":[{"count":1,"href":"https:\/\/unionpourlavienne.fr\/Union_Vienne_2016\/wordpress\/wp-json\/wp\/v2\/posts\/4132\/revisions"}],"predecessor-version":[{"id":4134,"href":"https:\/\/unionpourlavienne.fr\/Union_Vienne_2016\/wordpress\/wp-json\/wp\/v2\/posts\/4132\/revisions\/4134"}],"wp:featuredmedia":[{"embeddable":true,"href":"https:\/\/unionpourlavienne.fr\/Union_Vienne_2016\/wordpress\/wp-json\/wp\/v2\/media\/4133"}],"wp:attachment":[{"href":"https:\/\/unionpourlavienne.fr\/Union_Vienne_2016\/wordpress\/wp-json\/wp\/v2\/media?parent=4132"}],"wp:term":[{"taxonomy":"category","embeddable":true,"href":"https:\/\/unionpourlavienne.fr\/Union_Vienne_2016\/wordpress\/wp-json\/wp\/v2\/categories?post=4132"},{"taxonomy":"post_tag","embeddable":true,"href":"https:\/\/unionpourlavienne.fr\/Union_Vienne_2016\/wordpress\/wp-json\/wp\/v2\/tags?post=4132"}],"curies":[{"name":"wp","href":"https:\/\/api.w.org\/{rel}","templated":true}]}}