{"id":4148,"date":"2022-06-07T15:25:14","date_gmt":"2022-06-07T14:25:14","guid":{"rendered":"http:\/\/unionpourlavienne.fr\/Union_Vienne_2016\/wordpress\/?p=4148"},"modified":"2022-06-08T15:28:40","modified_gmt":"2022-06-08T14:28:40","slug":"rencontres-dans-le-canton-de-jaunay-marigny","status":"publish","type":"post","link":"https:\/\/unionpourlavienne.fr\/Union_Vienne_2016\/wordpress\/rencontres-dans-le-canton-de-jaunay-marigny\/","title":{"rendered":"Rencontres dans le canton de Jaunay-Marigny"},"content":{"rendered":"<p><img loading=\"lazy\" class=\"alignright size-full wp-image-4149\" src=\"https:\/\/unionpourlavienne.fr\/Union_Vienne_2016\/wordpress\/wp-content\/uploads\/2022\/06\/Sans-titre-1.jpg\" alt=\"\" width=\"142\" height=\"137\" \/>Alain PICHON, Pr\u00e9sident du D\u00e9partement de la Vienne, accompagn\u00e9 de Val\u00e9rie CHEBASSIER et J\u00e9r\u00f4me NEVEUX, Conseillers D\u00e9partementaux du canton de Jaunay-Marigny, ont rencontr\u00e9, ce jour, les dirigeants de la Ferme de Blas\u2019lait, \u00e0 Saint-Martin-la-Pallu et de la soci\u00e9t\u00e9 3J D\u00e9veloppement de Dissay, ainsi que les agents de la Maison D\u00e9partementale des Solidarit\u00e9s, \u00e0 Jaunay-Marigny.<\/p>\n<p>Etaient \u00e9galement pr\u00e9sents Beno\u00eet PRIN\u00c7AY, Conseiller D\u00e9partemental, Pr\u00e9sident de\u00a0\u00a0\u00a0 la\u00a0 Communaut\u00e9 de\u00a0 communes du\u00a0 Haut-Poitou, Christian BOISSEAU, Maire d\u00e9l\u00e9gu\u00e9\u00a0 de Blaslay, Henri RENAUDEAU, Maire de Saint-Martin-la-Pallu et Claude EIDELSTEIN, Vice-Pr\u00e9sident du D\u00e9partement de la Vienne, Maire de Chasseneuil-du-Poitou.<\/p>\n<p>&nbsp;<\/p>\n<p><strong><span style=\"color: #ff6600;\">Ferme de Blas\u2019lait &#8211; Saint-Martin-la-Pallu<\/span><\/strong><\/p>\n<p>Cr\u00e9\u00e9e en 1989 suite \u00e0 un regroupement de deux \u00e9levages laitiers, la Ferme de Blas\u2019lait est dirig\u00e9e par Damien Laroche, David Berquin et Guillaume Bouster.<\/p>\n<p><strong>Ces trois associ\u00e9s font partie des derniers producteurs de veau de lait fermier et\u00a0 de\u00a0 vaches laiti\u00e8res du\u00a0 Haut-Poitou<\/strong>. Ils produisent 100 %\u00a0 des fourrages n\u00e9cessaires\u00a0 \u00e0 l\u2019alimentation des animaux. Ils \u00e9l\u00e8vent <strong>145 vaches laiti\u00e8res et 50 veaux de lait <\/strong>et commercialisent la viande et les produits laitiers transform\u00e9s sur place. Viande au d\u00e9tail, yaourts, cr\u00e8me fra\u00eeche, beurre et autres produits transform\u00e9s sont vendus dans la bou- tique de la ferme et dans les grandes surfaces. Fiers des produits qu\u2019ils proposent, ils vivent avec passion leur m\u00e9tier d\u2019\u00e9leveurs.<\/p>\n<p>La construction de l\u2019<strong>atelier de transformation laiti\u00e8re <\/strong>a permis de cr\u00e9er <strong>deux emplois en quatre mois d\u2019activit\u00e9<\/strong>. A l\u2019avenir, d\u2019autres recrutements sont envisag\u00e9s en fonction des ventes. L\u2019\u00e9quipe est compl\u00e9t\u00e9e par un salari\u00e9 agricole qui s\u2019occupe de l\u2019\u00e9levage.<\/p>\n<p>&nbsp;<\/p>\n<p><span style=\"color: #ff6600;\"><strong>Maison D\u00e9partementale des Solidarit\u00e9s &#8211; Jaunay-Marigny<\/strong><\/span><\/p>\n<p>La Maison D\u00e9partementale des Solidarit\u00e9s de Jaunay-Marigny <strong>couvre un territoire de 32 communes <\/strong>dont huit de Grand Poitiers et 24 de la Communaut\u00e9 de communes du Haut-Poitou. 85 000 habitants y sont rattach\u00e9s.<\/p>\n<p>Les <strong>46 agents <\/strong>sont r\u00e9partis dans les directions de l\u2019Action Sociale, de l\u2019Enfance Famille, de l\u2019Autonomie et de l\u2019Insertion et du Retour \u00e0 l\u2019Emploi.<\/p>\n<p>En 2021, <strong>1 700 foyers ont \u00e9t\u00e9 pris en charge par les agents de la MDS, avec 4 340 rendez-vous<\/strong>. Ce qui repr\u00e9sente une augmentation de 9,23 % par rapport \u00e0 2020, pour revenir au niveau de 2019.<\/p>\n<p>Depuis le 1er janvier dernier, la MDS de Jaunay-Marigny a obtenu <strong>une labellisation\u00a0 dans le cadre du r\u00e9seau France Services. <\/strong>Deux r\u00e9f\u00e9rentes sont \u00e0 disposition du public pour l\u2019accompagner dans ses d\u00e9marches administratives aupr\u00e8s de la CPAM, la CAF, la SNCF, le minist\u00e8re de l\u2019Int\u00e9rieur, P\u00f4le emploi, la CARSAT, le Centre D\u00e9partemental d\u2019Acc\u00e8s aux Droits\u2026<\/p>\n<p>&nbsp;<\/p>\n<p><span style=\"color: #ff6600;\"><strong>3J D\u00e9veloppement &#8211; Dissay<\/strong><\/span><\/p>\n<p>L\u2019id\u00e9e d\u00e9velopp\u00e9e par la soci\u00e9t\u00e9 3J D\u00e9veloppement est simple : permettre au consommateur de se servir lui-m\u00eame la quantit\u00e9 voulue, en r\u00e9utilisant son flacon plusieurs fois avec un maximum de s\u00e9curit\u00e9 et d\u2019hygi\u00e8ne. C\u2019est ainsi que depuis 1996, 3J D\u00e9veloppement est l\u2019initiateur en France du march\u00e9 du liquide en vrac en cr\u00e9ant des <strong>solutions de distribution pour les produits liquides vendus en vrac en magasin<\/strong>. Le vrac en self-service n\u2019est pas qu\u2019une recharge, mais un vrai syst\u00e8me de distribution de produits alimentaires ou non alimentaires (produits m\u00e9nagers et cosm\u00e9tiques), de qualit\u00e9 \u00e9cologique, respectueux de l\u2019environnement. Sept personnes travaillent au sein de la soci\u00e9t\u00e9 implant\u00e9e \u00e0 Dissay.<\/p>\n","protected":false},"excerpt":{"rendered":"<p>Alain PICHON, accompagn\u00e9 de Val\u00e9rie CHEBASSIER et J\u00e9r\u00f4me NEVEUX ont rencontr\u00e9 les dirigeants de la Ferme de Blas\u2019lait, \u00e0 Saint-Martin-la-Pallu et de la soci\u00e9t\u00e9 3J D\u00e9veloppement de Dissay, ainsi que les agents de la Maison D\u00e9partementale des Solidarit\u00e9s, \u00e0 Jaunay-Marigny.<\/p>\n","protected":false},"author":1,"featured_media":4150,"comment_status":"closed","ping_status":"open","sticky":false,"template":"","format":"standard","meta":[],"categories":[74],"tags":[14,17,20,94,99],"_links":{"self":[{"href":"https:\/\/unionpourlavienne.fr\/Union_Vienne_2016\/wordpress\/wp-json\/wp\/v2\/posts\/4148"}],"collection":[{"href":"https:\/\/unionpourlavienne.fr\/Union_Vienne_2016\/wordpress\/wp-json\/wp\/v2\/posts"}],"about":[{"href":"https:\/\/unionpourlavienne.fr\/Union_Vienne_2016\/wordpress\/wp-json\/wp\/v2\/types\/post"}],"author":[{"embeddable":true,"href":"https:\/\/unionpourlavienne.fr\/Union_Vienne_2016\/wordpress\/wp-json\/wp\/v2\/users\/1"}],"replies":[{"embeddable":true,"href":"https:\/\/unionpourlavienne.fr\/Union_Vienne_2016\/wordpress\/wp-json\/wp\/v2\/comments?post=4148"}],"version-history":[{"count":1,"href":"https:\/\/unionpourlavienne.fr\/Union_Vienne_2016\/wordpress\/wp-json\/wp\/v2\/posts\/4148\/revisions"}],"predecessor-version":[{"id":4151,"href":"https:\/\/unionpourlavienne.fr\/Union_Vienne_2016\/wordpress\/wp-json\/wp\/v2\/posts\/4148\/revisions\/4151"}],"wp:featuredmedia":[{"embeddable":true,"href":"https:\/\/unionpourlavienne.fr\/Union_Vienne_2016\/wordpress\/wp-json\/wp\/v2\/media\/4150"}],"wp:attachment":[{"href":"https:\/\/unionpourlavienne.fr\/Union_Vienne_2016\/wordpress\/wp-json\/wp\/v2\/media?parent=4148"}],"wp:term":[{"taxonomy":"category","embeddable":true,"href":"https:\/\/unionpourlavienne.fr\/Union_Vienne_2016\/wordpress\/wp-json\/wp\/v2\/categories?post=4148"},{"taxonomy":"post_tag","embeddable":true,"href":"https:\/\/unionpourlavienne.fr\/Union_Vienne_2016\/wordpress\/wp-json\/wp\/v2\/tags?post=4148"}],"curies":[{"name":"wp","href":"https:\/\/api.w.org\/{rel}","templated":true}]}}