{"id":4187,"date":"2022-08-30T13:35:53","date_gmt":"2022-08-30T12:35:53","guid":{"rendered":"http:\/\/unionpourlavienne.fr\/Union_Vienne_2016\/wordpress\/?p=4187"},"modified":"2022-09-02T09:20:09","modified_gmt":"2022-09-02T08:20:09","slug":"rentree-scolaire-2022-2023","status":"publish","type":"post","link":"https:\/\/unionpourlavienne.fr\/Union_Vienne_2016\/wordpress\/rentree-scolaire-2022-2023\/","title":{"rendered":"Rentr\u00e9e scolaire 2022\/2023"},"content":{"rendered":"\n<p>Alain PICHON, Pr\u00e9sident du D\u00e9partement de la Vienne, Henri COLIN, Vice-Pr\u00e9sident du D\u00e9partement en charge de l\u2019\u00c9ducation, des Coll\u00e8ges, des B\u00e2timents et des Relations avec l\u2019Universit\u00e9, et J\u00e9r\u00f4me NEVEUX, Rapporteur de la Commission&nbsp; \u00c9ducation,&nbsp; ont&nbsp; pr\u00e9sent\u00e9,&nbsp; ce&nbsp; jour, les grandes lignes de la rentr\u00e9e scolaire dans les coll\u00e8ges de la Vienne.<\/p>\n\n\n\n<p>R\u00e9novation \u00e9nerg\u00e9tique, maintenance et entretien, investissements, constructions, r\u00e9parations, num\u00e9rique \u00e9ducatif, restauration scolaire&#8230; les 20 648 coll\u00e9giens de la Vienne sont une priorit\u00e9 pour le D\u00e9partement. Parall\u00e8lement, il souhaite apporter les meilleures conditions d\u2019\u00e9ducation, que ce soit \u00e0 travers des actions engag\u00e9es dans les domaines de la culture, du sport, des arts et de la sensibilisation \u00e0 l\u2019environnement.<\/p>\n\n\n\n<p><iframe loading=\"lazy\" style=\"width: 700px; height: 470px; max-width: 100%; overflow: hidden; border: none; padding: 0; margin: 0 auto; display: block;\" src=\"http:\/\/unionpourlavienne.fr\/2022-08-30\/index.html\" width=\"300\" height=\"150\" marginwidth=\"0\" marginheight=\"0\"><\/iframe><\/p>\n<p>\n\n\n\n<p><\/p>\n\n\n\n<p class=\"has-luminous-vivid-orange-color has-text-color\"><strong>Tourner le dos \u00e0 la COVID-19<\/strong><\/p>\n\n\n\n<p>Apr\u00e8s&nbsp; deux&nbsp; ann\u00e9es&nbsp; tr\u00e8s&nbsp; largement&nbsp; perturb\u00e9es&nbsp; et&nbsp; rythm\u00e9es&nbsp; par&nbsp; la&nbsp;&nbsp; crise&nbsp; sanitaire,&nbsp; chacun&nbsp; aspire&nbsp; \u00e0 ce que la nouvelle ann\u00e9e scolaire se d\u00e9roule de mani\u00e8re \u00ab ordinaire \u00bb.<\/p>\n\n\n\n<p>Ce v\u0153u n\u2019exclut pas, n\u00e9anmoins, la n\u00e9cessit\u00e9 de se&nbsp; pr\u00e9parer&nbsp; pour&nbsp; d\u2019\u00e9ventuelles&nbsp; nouvelles&nbsp; difficult\u00e9s sanitaires.<\/p>\n\n\n\n<p><\/p>\n\n\n\n<p class=\"has-luminous-vivid-orange-color has-text-color\"><strong>Les effectifs de la rentr\u00e9e<\/strong><\/p>\n\n\n\n<div class=\"wp-container-1 wp-block-group\">\n<p><strong><em>Coll\u00e8ges publics &#8211; 16 518 \u00e9l\u00e8ves<\/em><\/strong><\/p>\n\n\n\n<p>Le D\u00e9partement de la Vienne ne dispose, \u00e0 ce jour, que des pr\u00e9visions d\u2019effectifs de la Direction des Services D\u00e9partementaux de l\u2019\u00c9ducation Nationale (DSDEN) au 16 juin car les constats de rentr\u00e9e ne sont pas encore r\u00e9alis\u00e9s par les coll\u00e8ges. La pr\u00e9vision est aujourd\u2019hui de 16 518 \u00e9l\u00e8ves.<\/p>\n\n\n\n<p>On constate une augmentation des effectifs des coll\u00e8ges publics (+210 \u00e9l\u00e8ves soit 1,3%).<\/p>\n<\/div>\n\n\n\n<div class=\"wp-container-2 wp-block-group\">\n<p><strong><em>Coll\u00e8ges priv\u00e9s &#8211; 4 130 \u00e9l\u00e8ves<\/em><\/strong><\/p>\n\n\n\n<p>Les pr\u00e9visions transmises par la direction dioc\u00e9saine de l\u2019enseignement catholique montrent \u00e0 cette rentr\u00e9e, et apr\u00e8s trois ann\u00e9es de progression, une stabilit\u00e9 des effectifs des coll\u00e8ges priv\u00e9s (+10 \u00e9l\u00e8ves soit 0,2 %). Pr\u00e9vision \u00e0 4 130 \u00e9l\u00e8ves.<\/p>\n<\/div>\n\n\n\n<p><\/p>\n\n\n\n<p class=\"has-luminous-vivid-orange-color has-text-color\"><strong>185 millions d&rsquo;euros pour le plan Coll\u00e8ges 2015\/2025<\/strong><\/p>\n\n\n\n<p>Pour r\u00e9pondre aux enjeux de mise aux normes, d\u2019adaptation des structures et de modernisation des col- l\u00e8ges, le D\u00e9partement de la Vienne a adopt\u00e9 dans le cadre de son budget primitif 2016, un programme d\u2019investissement pluriannuel ambitieux, le Plan coll\u00e8ges 2015-2025, qui est d\u00e9sormais depuis le budget primitif 2022 financ\u00e9 par une autorisation de programme de 185 M\u20ac.<\/p>\n\n\n\n<p>Pr\u00e9vu jusqu\u2019au terme de l\u2019actuelle mandature, ce plan d\u2019investissement concerne la quasi-totalit\u00e9 des \u00e9tablissements \u00e0 travers des op\u00e9rations de reconstruction, de r\u00e9novation ou de mise aux normes.<\/p>\n\n\n\n<p>Les th\u00e9matiques prioritaires sont :<\/p>\n\n\n\n<ul><li>la mise en accessibilit\u00e9 des sites<\/li><li>l\u2019adaptation des capacit\u00e9s d\u2019accueil<\/li><li>l\u2019am\u00e9lioration thermique, fonctionnelle et technique<\/li><li>l\u2019entretien et l\u2019\u00e9quipement des \u00e9tablissements<\/li><\/ul>\n\n\n\n<p>Ce Plan coll\u00e8ges, par son envergure et la masse financi\u00e8re de travaux qu\u2019il g\u00e9n\u00e8re, apporte un v\u00e9ritable soutien aux fili\u00e8res \u00e9conomiques locales et, en particulier, \u00e0 celles du b\u00e2timent.<\/p>\n\n\n\n<p>Ce programme d\u2019investissement contient :<\/p>\n\n\n\n<ul><li>des op\u00e9rations lourdes pour 152,5 M\u20ac<\/li><li>des op\u00e9rations dites de GREE (Grosses R\u00e9parations Entretien et \u00c9quipement) pour 30 M\u20ac<\/li><li>des travaux relatifs \u00e0 la modernisation des r\u00e9seaux informatiques des coll\u00e8ges pour 2,5 M\u20ac<\/li><\/ul>\n\n\n\n<p><\/p>\n\n\n\n<p class=\"has-luminous-vivid-orange-color has-text-color\"><strong>Le num\u00e9rique pour l&rsquo;\u00e9ducation : un enjeu pour la Vienne<\/strong><\/p>\n\n\n\n<p>Garantir l\u2019\u00e9galit\u00e9 des chances des \u00e9l\u00e8ves dans les apprentissages quel&nbsp; que&nbsp; soit&nbsp; leur&nbsp; environnement scolaire, social, g\u00e9ographique et lutter contre les risques de d\u00e9crochage scolaire li\u00e9s \u00e0 la situation de fracture num\u00e9rique sont des enjeux majeurs pour le D\u00e9partement de&nbsp; la Vienne. Il est&nbsp; tout aussi important de renforcer les alliances&nbsp; entre&nbsp; les&nbsp; parents,&nbsp; les&nbsp; coll\u00e8ges,&nbsp; la&nbsp; collectivit\u00e9,&nbsp; le&nbsp; tissu associatif et de favoriser l\u2019implication des parents dans la scolarit\u00e9 de leurs enfants.<\/p>\n\n\n\n<p>Des investissements d\u2019une importante ampleur vont \u00eatre r\u00e9alis\u00e9s en mati\u00e8re d\u2019\u00e9quipements et d\u2019am\u00e9nagement num\u00e9rique avec le choix de l\u2019\u00c9tat de retenir le territoire de la Vienne comme l\u2019un des 12 \u00ab Territoires Num\u00e9riques Educatifs \u00bb. Ce programme d\u2019une dur\u00e9e de trois ans \u00e0 compter de mai 2022, pr\u00e9voit d\u2019assurer en m\u00eame temps la formation des enseignants, la mise \u00e0 disposition de ressources num\u00e9riques pour les enseignants et les \u00e9l\u00e8ves, d\u2019\u00e9quiper davantage en num\u00e9rique les \u00e9coles et les coll\u00e8ges et d\u2019accompagner les parents.<\/p>\n\n\n\n<p>En sa qualit\u00e9 de collectivit\u00e9 cheffe de file, le D\u00e9partement assure un r\u00f4le majeur sur le dispositif avec les communes pour les \u00e9coles, mais \u00e9galement avec les \u00e9tablissements du priv\u00e9.<\/p>\n\n\n\n<p><\/p>\n\n\n\n<p class=\"has-luminous-vivid-orange-color has-text-color\"><strong>Financement du fonctionnement de tous les coll\u00e8ges &#8211; soutien aux activit\u00e9s \u00e9ducatives et aides aux familles<\/strong><\/p>\n\n\n\n<div class=\"wp-container-3 wp-block-group\">\n<ul><li>Dotations de fonctionnement vers\u00e9es aux 35 coll\u00e8ges publics<\/li><li>Gestion et r\u00e9mun\u00e9ration des agents techniques territoriaux des coll\u00e8ges<\/li><li>Financement des coll\u00e8ges priv\u00e9s<\/li><li>Soutien du D\u00e9partement aux structures \u00e0 vocation \u00e9ducative<\/li><\/ul>\n<\/div>\n\n\n\n<p>=&gt; <strong>En 2022, les d\u00e9penses de fonctionnement pour l\u2019\u00c9ducation s\u2019\u00e9l\u00e8vent \u00e0 7,8 M\u20ac auxquelles s\u2019ajoutent plus 9,06 M\u20ac de masse salariale relative \u00e0 la r\u00e9mun\u00e9ration des agents&nbsp; dans&nbsp; les coll\u00e8ges<\/strong><\/p>\n\n\n\n<p><\/p>\n\n\n\n<p class=\"has-luminous-vivid-orange-color has-text-color\"><strong>Restauration scolaire<\/strong><\/p>\n\n\n\n<p>Le D\u00e9partement de la Vienne est fortement engag\u00e9 afin de mettre en place les \u00e9l\u00e9ments d\u2019une restauration durable et de qualit\u00e9 dans les coll\u00e8ges publics et ainsi offrir aux 13 000 demi-pensionnaires une prestation r\u00e9alis\u00e9e \u00e0 partir de produits bruts, locaux et&nbsp; bio,&nbsp; de&nbsp; saison et&nbsp; permettant&nbsp; de r\u00e9duire le gaspillage alimentaire.<\/p>\n\n\n\n<p>Ainsi, dans une volont\u00e9 de d\u00e9velopper l\u2019approvisionnement de proximit\u00e9 dans les restaurants scolaires, le D\u00e9partement adh\u00e8re depuis 2016 \u00e0 l\u2019association&nbsp; nationale&nbsp; Agrilocal,&nbsp; qui&nbsp; regroupe&nbsp; \u00e0&nbsp; ce&nbsp; jour 38 D\u00e9partements en&nbsp; France,&nbsp; et&nbsp; met&nbsp; \u00e0&nbsp; disposition&nbsp; des&nbsp; acheteurs&nbsp; et&nbsp; fournisseurs&nbsp; de&nbsp; la Vienne la plateforme d\u2019achat <a href=\"https:\/\/www.agrilocal86.fr\/\" data-type=\"URL\" data-id=\"https:\/\/www.agrilocal86.fr\/\" target=\"_blank\" rel=\"noreferrer noopener\">agrilocal86.fr<\/a>.<\/p>\n\n\n\n<p><strong>34 coll\u00e8ges publics = 13 410 demi-pensionnaires (82 % des \u00e9l\u00e8ves) + 550 commensaux (enseignants, personnels administratifs et techniques) = pr\u00e8s de 14 000 repas \/ jour (donn\u00e9es 2021).<\/strong><\/p>\n\n\n\n<p><\/p>\n\n\n\n<p class=\"has-luminous-vivid-orange-color has-text-color\"><strong>Des actions pour l&rsquo;\u00e9panouissement des jeunes<\/strong><\/p>\n\n\n\n<ul><li>Le Conseil D\u00e9partemental des Jeunes de la Vienne<\/li><li>L\u2019\u00e9galit\u00e9 des chances pour le stage de 3e<\/li><li>S\u2019ouvrir \u00e0 l\u2019\u00e9ducation artistique et culturelle<\/li><li>A la d\u00e9couverte de la richesse des milieux naturels<\/li><li>A la d\u00e9couverte du patrimoine<\/li><\/ul>\n\n\n\n<p><\/p>\n","protected":false},"excerpt":{"rendered":"<p>Alain PICHON, Henri COLIN, et J\u00e9r\u00f4me NEVEUX ont  pr\u00e9sent\u00e9 les grandes lignes de la rentr\u00e9e scolaire dans les coll\u00e8ges de la Vienne&#8230;<\/p>\n","protected":false},"author":1,"featured_media":4188,"comment_status":"closed","ping_status":"open","sticky":false,"template":"","format":"standard","meta":[],"categories":[1,59],"tags":[14,26,94],"_links":{"self":[{"href":"https:\/\/unionpourlavienne.fr\/Union_Vienne_2016\/wordpress\/wp-json\/wp\/v2\/posts\/4187"}],"collection":[{"href":"https:\/\/unionpourlavienne.fr\/Union_Vienne_2016\/wordpress\/wp-json\/wp\/v2\/posts"}],"about":[{"href":"https:\/\/unionpourlavienne.fr\/Union_Vienne_2016\/wordpress\/wp-json\/wp\/v2\/types\/post"}],"author":[{"embeddable":true,"href":"https:\/\/unionpourlavienne.fr\/Union_Vienne_2016\/wordpress\/wp-json\/wp\/v2\/users\/1"}],"replies":[{"embeddable":true,"href":"https:\/\/unionpourlavienne.fr\/Union_Vienne_2016\/wordpress\/wp-json\/wp\/v2\/comments?post=4187"}],"version-history":[{"count":3,"href":"https:\/\/unionpourlavienne.fr\/Union_Vienne_2016\/wordpress\/wp-json\/wp\/v2\/posts\/4187\/revisions"}],"predecessor-version":[{"id":4199,"href":"https:\/\/unionpourlavienne.fr\/Union_Vienne_2016\/wordpress\/wp-json\/wp\/v2\/posts\/4187\/revisions\/4199"}],"wp:featuredmedia":[{"embeddable":true,"href":"https:\/\/unionpourlavienne.fr\/Union_Vienne_2016\/wordpress\/wp-json\/wp\/v2\/media\/4188"}],"wp:attachment":[{"href":"https:\/\/unionpourlavienne.fr\/Union_Vienne_2016\/wordpress\/wp-json\/wp\/v2\/media?parent=4187"}],"wp:term":[{"taxonomy":"category","embeddable":true,"href":"https:\/\/unionpourlavienne.fr\/Union_Vienne_2016\/wordpress\/wp-json\/wp\/v2\/categories?post=4187"},{"taxonomy":"post_tag","embeddable":true,"href":"https:\/\/unionpourlavienne.fr\/Union_Vienne_2016\/wordpress\/wp-json\/wp\/v2\/tags?post=4187"}],"curies":[{"name":"wp","href":"https:\/\/api.w.org\/{rel}","templated":true}]}}