{"id":4201,"date":"2022-09-02T14:45:33","date_gmt":"2022-09-02T13:45:33","guid":{"rendered":"http:\/\/unionpourlavienne.fr\/Union_Vienne_2016\/wordpress\/?p=4201"},"modified":"2022-09-02T14:45:35","modified_gmt":"2022-09-02T13:45:35","slug":"les-vacances-de-monsieur-haydn-2022","status":"publish","type":"post","link":"https:\/\/unionpourlavienne.fr\/Union_Vienne_2016\/wordpress\/les-vacances-de-monsieur-haydn-2022\/","title":{"rendered":"Les vacances de Monsieur Haydn 2022"},"content":{"rendered":"\n<p>Rose-Marie BERTAUD, Vice-Pr\u00e9sidente du D\u00e9partement, Rapporteur de la Commission Culture et \u00c9v\u00e9nementiel, Pascale MOREAU, Vice-pr\u00e9sidente du D\u00e9partement, Conseill\u00e8re d\u00e9partementale du canton de Ch\u00e2tellerault-3, G\u00e9rard PEROCHON, Conseiller D\u00e9partemental du canton de Ch\u00e2tellerault-3, Marie-Jos\u00e9 MONNOT, Pr\u00e9sidente du festival, et J\u00e9r\u00f4me PERNOO, Directeur artistique, ont pr\u00e9sent\u00e9 la XVIII<sup>e<\/sup> \u00e9dition du Festival de musique de chambre \u00ab\u00a0Les Vacances de Monsieur Haydn\u00a0\u00bb. Il se d\u00e9roulera les 15, 16, 17 et 18 septembre 2022.<\/p>\n\n\n\n<iframe src=\"http:\/\/unionpourlavienne.fr\/2022-09-02\/index.html\" style=\"width:700px;height:470px;max-width:100%;overflow:hidden;border:none;padding:0;margin:0 auto;display:block;\" marginheight=\"0\" marginwidth=\"0\"><\/iframe>\n\n\n\n<p><\/p>\n\n\n\n<p>Si Monsieur Haydn a encore une fois choisi de passer ses Vacances \u00e0 La Roche-Posay, ville thermale qu&rsquo;il ch\u00e9rit tant, pour cette XVIII<sup>e<\/sup> \u00e9dition, il se contentera de prendre les eaux au tout nouveau, magnifique Centre thermal. Il assistera aux concerts en simple spectateur. En effet, son cadet, Franz Schubert lui vole la vedette de ce festival \u00ab classique qui bouge \u00bb&nbsp;!<\/p>\n\n\n\n<p>C&rsquo;est donc \u00e0 une Schubertiade g\u00e9ante de trois jours que sont convi\u00e9s les spectateurs des Vacances de Monsieur Haydn.<\/p>\n\n\n\n<p>Chaque concert est une invitation \u00e0 se d\u00e9lecter des \u00e9pop\u00e9es romantiques et charg\u00e9es de nostalgie de Franz Schubert. Ce \u00ab jeune Schubert \u00bb fera une place aux jeunes compositeurs d&rsquo;aujourd&rsquo;hui : c&rsquo;est une sp\u00e9cificit\u00e9 des Vacances de Monsieur Haydn. A chaque concert, les \u0153uvres majeures du r\u00e9pertoire romantique seront m\u00eal\u00e9es \u00e0 des \u0153uvres d&rsquo;aujourd&rsquo;hui.<\/p>\n\n\n\n<p>Sur sc\u00e8ne, une \u00e9quipe de chambristes parmi les meilleurs : Iris Scialom, Elise Bertrand, Paul Zientara, J\u00e9r\u00f4me Pernoo, Georgi Anichenko, Ilan Zajtmann ainsi que J\u00e9r\u00f4me Ducros, Anastasya Terenkova et le Quatuor Herm\u00e8s.<\/p>\n\n\n\n<p>Apr\u00e8s avoir travers\u00e9 cette p\u00e9riode difficile ensemble, Monsieur Haydn et son \u00e9quipe sont heureux et impatients de retrouver leur public, leurs musiciens et leur fervente \u00e9quipe de b\u00e9n\u00e9voles, pour partager avec vous ces moments musicaux inspirants, conviviaux et joyeux.\u00a0<\/p>\n\n\n\n<p><\/p>\n\n\n\n<p class=\"has-luminous-vivid-orange-color has-text-color\"><strong>Un double objectif\u00a0:<\/strong><\/p>\n\n\n\n<ol type=\"1\"><li>Des concerts de musique de chambre en milieu rural, dignes des plus grandes salles et avec des artistes renomm\u00e9s.<\/li><li>Jeunes et moins jeunes, passionn\u00e9s, n\u00e9ophytes&#8230; Tous les publics sont invit\u00e9s \u00e0 venir \u00e9couter une musique d&rsquo;o\u00f9 \u00e9manent des \u00e9motions dans lesquelles chacun peut se retrouver.<\/li><\/ol>\n\n\n\n<p><\/p>\n\n\n\n<p class=\"has-luminous-vivid-orange-color has-text-color\"><strong>Deux festivals en 1<\/strong><\/p>\n\n\n\n<p><strong>Festival IN<\/strong> (8 concerts)\u00a0: des musiciens solistes parmi les plus grands noms de la musique de chambre. Ils sont pr\u00e9sents pendant toute la dur\u00e9e du festival et interpr\u00e8tent une programmation originale qui les r\u00e9unit dans des formations cr\u00e9\u00e9es pour cette occasion.<\/p>\n\n\n\n<p><strong>Festival OFF<\/strong> (50 concerts gratuits de 20 minutes chacun)\u00a0: de jeunes musiciens professionnels, \u00e9tudiants, amateurs de haut niveau.<\/p>\n\n\n\n<p><\/p>\n\n\n\n<p class=\"has-luminous-vivid-orange-color has-text-color\"><strong>Le bonus avec l\u2019\u00e9cole des m\u00e9lomanes<\/strong><\/p>\n\n\n\n<p>Par des actions de m\u00e9diation tout au long de l&rsquo;ann\u00e9e, et de fa\u00e7on plus intense \u00e0 partir de septembre au sein de diff\u00e9rentes structures, \u00ab l&rsquo;\u00e9cole des m\u00e9lomanes \u00bb permet la conqu\u00eate de nouveaux publics, donne les cl\u00e9s d&rsquo;\u00e9coute de la musique et pr\u00e9pare ainsi les spectateurs n\u00e9ophytes \u00e0 go\u00fbter pleinement le plaisir de la musique lors du festival \u00ab Les Vacances de Monsieur Haydn\u00bb.<\/p>\n\n\n\n<p><\/p>\n","protected":false},"excerpt":{"rendered":"<p>Rose-Marie BERTAUD, Pascale MOREAU,  G\u00e9rard PEROCHON, Marie-Jos\u00e9 MONNOT et J\u00e9r\u00f4me PERNOO ont pr\u00e9sent\u00e9 la XVIIIe \u00e9dition du Festival de musique de chambre \u00ab\u00a0Les Vacances de Monsieur Haydn\u00a0\u00bb&#8230;<\/p>\n","protected":false},"author":1,"featured_media":4200,"comment_status":"closed","ping_status":"open","sticky":false,"template":"","format":"standard","meta":[],"categories":[85,66],"tags":[96,36,37],"_links":{"self":[{"href":"https:\/\/unionpourlavienne.fr\/Union_Vienne_2016\/wordpress\/wp-json\/wp\/v2\/posts\/4201"}],"collection":[{"href":"https:\/\/unionpourlavienne.fr\/Union_Vienne_2016\/wordpress\/wp-json\/wp\/v2\/posts"}],"about":[{"href":"https:\/\/unionpourlavienne.fr\/Union_Vienne_2016\/wordpress\/wp-json\/wp\/v2\/types\/post"}],"author":[{"embeddable":true,"href":"https:\/\/unionpourlavienne.fr\/Union_Vienne_2016\/wordpress\/wp-json\/wp\/v2\/users\/1"}],"replies":[{"embeddable":true,"href":"https:\/\/unionpourlavienne.fr\/Union_Vienne_2016\/wordpress\/wp-json\/wp\/v2\/comments?post=4201"}],"version-history":[{"count":1,"href":"https:\/\/unionpourlavienne.fr\/Union_Vienne_2016\/wordpress\/wp-json\/wp\/v2\/posts\/4201\/revisions"}],"predecessor-version":[{"id":4202,"href":"https:\/\/unionpourlavienne.fr\/Union_Vienne_2016\/wordpress\/wp-json\/wp\/v2\/posts\/4201\/revisions\/4202"}],"wp:featuredmedia":[{"embeddable":true,"href":"https:\/\/unionpourlavienne.fr\/Union_Vienne_2016\/wordpress\/wp-json\/wp\/v2\/media\/4200"}],"wp:attachment":[{"href":"https:\/\/unionpourlavienne.fr\/Union_Vienne_2016\/wordpress\/wp-json\/wp\/v2\/media?parent=4201"}],"wp:term":[{"taxonomy":"category","embeddable":true,"href":"https:\/\/unionpourlavienne.fr\/Union_Vienne_2016\/wordpress\/wp-json\/wp\/v2\/categories?post=4201"},{"taxonomy":"post_tag","embeddable":true,"href":"https:\/\/unionpourlavienne.fr\/Union_Vienne_2016\/wordpress\/wp-json\/wp\/v2\/tags?post=4201"}],"curies":[{"name":"wp","href":"https:\/\/api.w.org\/{rel}","templated":true}]}}