{"id":4263,"date":"2022-12-13T10:40:25","date_gmt":"2022-12-13T09:40:25","guid":{"rendered":"http:\/\/unionpourlavienne.fr\/Union_Vienne_2016\/wordpress\/?p=4263"},"modified":"2022-12-13T10:44:14","modified_gmt":"2022-12-13T09:44:14","slug":"ouverture-bp-2023","status":"publish","type":"post","link":"https:\/\/unionpourlavienne.fr\/Union_Vienne_2016\/wordpress\/ouverture-bp-2023\/","title":{"rendered":"Ouverture BP 2023"},"content":{"rendered":"\n<p>Chers coll\u00e8gues, <\/p>\n\n\n\n<p> Une semaine consacr\u00e9e au  budget 2023 qui va \u00eatre dense jusqu\u2019\u00e0 vendredi.<\/p>\n\n\n\n<p><strong>Un budget de 511  M\u20ac<\/strong><\/p>\n\n\n\n<p>Constance par rapport  \u00e0 l\u2019ann\u00e9e derni\u00e8re <\/p>\n\n\n\n<p>Un v\u00e9ritable \u00e9quilibre,  une ambition forte pour consolider nos 3 priorit\u00e9s&nbsp;: les solidarit\u00e9s, la  jeunesse et le d\u00e9veloppement durable du territoire.<\/p>\n\n\n\n<p>Merci \u00e0 tous les  coll\u00e8gues de leur engagement dans l\u2019\u00e9laboration de ce budget. <\/p>\n\n\n\n<p><\/p>\n\n\n\n<h1><strong>Un budget qui confirme la place  centrale du D\u00e9partement au c\u0153ur des solidarit\u00e9s <\/strong><\/h1>\n\n\n\n<p><strong>2\/3 du budget avec  plus de 277 M\u20ac<\/strong><\/p>\n\n\n\n<p><strong>Des efforts  budg\u00e9taires consid\u00e9rables avec des d\u00e9penses sociales en hausse constante<\/strong> :\n<\/p>\n\n\n\n<ul><li>13 M\u20ac d\u00e9j\u00e0 l\u2019an en 2022 \/ + 10,5 M\u20ac en 2023<\/li><li>23 M\u20ac sur les 2 derni\u00e8res ann\u00e9es<\/li><\/ul>\n\n\n\n<p><strong>Dans le domaine de l\u2019autonomie&nbsp;: + 7 M\u20ac<\/strong> \/ revalorisation salariale des m\u00e9tiers du secteur  m\u00e9dico-social (S\u00e9gur de la Sant\u00e9)<strong><\/strong><\/p>\n\n\n\n<p><strong>En ce qui concerne le handicap&nbsp;: + 3 M\u20ac<\/strong> \/ les Etats G\u00e9n\u00e9raux ont permis d\u2019enclencher une  nouvelle dynamique avec les associations, les partenaires et les usagers \/ un  programme d\u2019actions qui verra le jour prochainement (travaux de restitution des  ateliers en cours). <strong><\/strong><\/p>\n\n\n\n<p><strong>Dans le secteur de la protection de l\u2019enfance&nbsp;:  + 4 M\u20ac<\/strong> \/ loi Taquet, avec un gros effort  sur la pr\u00e9vention afin de pr\u00e9venir les placements <strong><\/strong><\/p>\n\n\n\n<p><strong>En mati\u00e8re d\u2019insertion<\/strong>, le D\u00e9partement n\u2019est pas en reste, avec la revalorisation  successive du RSA \/ dans ce domaine, nous devons faire du cousu-main, et c\u2019est  le sens du SPIE&nbsp;<strong><\/strong><\/p>\n\n\n\n<p><strong>Ce budget traduit  notre volont\u00e9 de demeurer aux c\u00f4t\u00e9s des plus fragiles et d\u2019aider les habitants  de la Vienne \u00e0 surmonter les crises que nous traversons. <\/strong><\/p>\n\n\n\n<p><\/p>\n\n\n\n<h1><strong>Un budget qui confirme notre  ambition pour la jeunesse<\/strong><\/h1>\n\n\n\n<p><strong>Politique  Jeunesse&nbsp;: 2<sup>e<\/sup> budget de la collectivit\u00e9 avec 32 M\u20ac <\/strong><\/p>\n\n\n\n<p><strong>Sur le volet \u00e9ducation, avec le Plan  Coll\u00e8ges&nbsp;:<\/strong> plan pluriannuel  d\u2019investissement port\u00e9 \u00e0 185 M\u20ac sur le mandat <\/p>\n\n\n\n<p><strong>1er Territoire Num\u00e9rique Educatif de  Nouvelle-Aquitaine&nbsp;:<\/strong> nous travaillons  aux c\u00f4t\u00e9s de l\u2019\u00e9ducation nationale pour faire de la Vienne, un territoire de  r\u00e9ussite et d\u2019\u00e9panouissement pour les jeunes autour du num\u00e9rique \u00e9ducatif <\/p>\n\n\n\n<p><strong>Un CDJ attractif<\/strong>,  avec des coll\u00e9giens heureux de s\u2019engager <\/p>\n\n\n\n<p><strong>La jeunesse, c\u2019est aussi l\u2019enseignement  sup\u00e9rieur&nbsp;:<\/strong> signature d\u2019une  nouvelle convention avec l\u2019Universit\u00e9 de Poitiers et l\u2019installation d\u2019ESIGELEC <\/p>\n\n\n\n<p><\/p>\n\n\n\n<h1><strong>Un budget qui r\u00e9affirme notre engagement  pour un territoire plus durable et plus attractif <\/strong><\/h1>\n\n\n\n<p><strong>Un engagement continu  pour le d\u00e9veloppement durable, la pr\u00e9servation de la biodiversit\u00e9 et  l\u2019accompagnement de productions et de consommations durables<\/strong><\/p>\n\n\n\n<p>Pour ne citer que  quelques exemples&nbsp;: mont\u00e9e en puissance des ENS, d\u2019AGRILOCAL86. <\/p>\n\n\n\n<p>Plus r\u00e9cemment encore  avec le Protocole du Clain, qui va donner un nouveau souffle aupr\u00e8s de tous les  acteurs du territoire <\/p>\n\n\n\n<p>Dans un contexte  international, \u00e9conomique et climatique in\u00e9dit, avec des cons\u00e9quences majeures  pour les territoires et les habitants, notre collectivit\u00e9 prend sa part pour  r\u00e9duire l\u2019empreinte carbone, en agissant sur 2 leviers&nbsp;principaux&nbsp;: &nbsp;\n<\/p>\n\n\n\n<div class=\"wp-container-1 wp-block-group\">\n<ul><li>Les \u00e9conomies d\u2019\u00e9nergie, avec un plan de sobri\u00e9t\u00e9 \u00e9nerg\u00e9tique qui sera vot\u00e9 en 2023 \/ plusieurs r\u00e9flexions en cours\u00a0: centrale biomasse au Futuroscope, station hydrog\u00e8ne autour de la Technopole, covoiturage\u2026<\/li><\/ul>\n\n\n\n<ul><li>La r\u00e9novation \u00e9nerg\u00e9tique et thermique des b\u00e2timents<\/li><\/ul>\n<\/div>\n\n\n\n<p><strong>Une collectivit\u00e9  attractive&nbsp;: 100 M\u20ac d\u2019investissements (20% du Budget) <\/strong><\/p>\n\n\n\n<p>Un appui essentiel \u00e0  l\u2019emploi local <\/p>\n\n\n\n<p>Le meilleur bouclier  social pour prot\u00e9ger les plus modestes et pr\u00e9server l\u2019attractivit\u00e9 de nos territoires <\/p>\n\n\n\n<p>Je l\u2019ai dit lors  des orientations budg\u00e9taires, la conjoncture \u00e9conomique (inflation) \u2013 cumul\u00e9e  aux d\u00e9cisions nationales prises ces derni\u00e8res ann\u00e9es \u2013 nous invitent \u00e0 la  prudence.<\/p>\n\n\n\n<p>Nous n\u2019avons plus de  certitudes fiscales&nbsp;: plus de leviers fiscaux et des DMTO en baisse ces 3  derniers mois. C\u2019\u00e9tait attendu&nbsp;!&nbsp; <\/p>\n\n\n\n<p>A chaque fois que  l\u2019Etat d\u00e9cide d\u2019une nouvelle d\u00e9pense, le compte n\u2019y est pas&nbsp;!<\/p>\n\n\n\n<p>Prudence et vigilance,  oui, mais peur, non, jamais, car malgr\u00e9 l\u2019\u00e9quation de plus en plus d\u00e9licate \u00e0 r\u00e9soudre  pour les collectivit\u00e9s, <strong>j\u2019ai confiance  dans notre budget 2023, confiance dans les projets engag\u00e9s et port\u00e9s par les  \u00e9lus de notre majorit\u00e9, confiance dans le travail des \u00e9quipes, confiance dans  les priorit\u00e9s qu\u2019on porte, dans les choix qu\u2019on assume et dans les engagements  qu\u2019on tient.&nbsp; <\/strong><\/p>\n\n\n\n<p><strong>On fait toujours plus pour notre jeunesse&nbsp;: <\/strong>+ 60 M\u20ac sur le plan Coll\u00e8ges d\u2019ici la fin du mandat <strong><\/strong><\/p>\n\n\n\n<p><strong>On fait toujours plus pour les solidarit\u00e9s&nbsp;:<\/strong> + 10 M\u20ac pour les personnes fragiles et en  difficult\u00e9<strong><\/strong><\/p>\n\n\n\n<p><strong>On reste le premier financeur des communes et des  collectivit\u00e9s.<\/strong> Depuis 2016, ACTIV\u2019,  c\u2019est 100 M\u20ac de subventions qui ont g\u00e9n\u00e9r\u00e9 plus de 700 M\u20ac de chiffre d\u2019affaires  pour les entreprises locales. C\u2019est de l\u2019emploi pour nos habitants, de la  richesse pour le territoire&nbsp;!<strong><\/strong><\/p>\n\n\n\n<p><strong>3 nouveaux sch\u00e9mas&nbsp;:<\/strong> Coll\u00e8ges, Routes et Tourisme<\/p>\n\n\n\n<p><\/p>\n\n\n\n<p>G\u00e9rer une  collectivit\u00e9, c\u2019est sortir de la politique des certitudes pour b\u00e2tir une  politique des projets&nbsp;; c\u2019est construire en proximit\u00e9&nbsp;pour apporter les  solutions qui rendent la vie de nos concitoyens plus facile. <\/p>\n\n\n\n<p> C\u2019est ce pourquoi  nous avons \u00e9t\u00e9 \u00e9lus, c\u2019est le sens de ce budget qui va nous occuper cette  semaine. <\/p>\n\n\n\n<p> Je vous remercie. <\/p>\n","protected":false},"excerpt":{"rendered":"<p>Une semaine consacr\u00e9e au  budget 2023 qui va \u00eatre dense jusqu\u2019\u00e0 vendredi&#8230;<\/p>\n","protected":false},"author":1,"featured_media":4264,"comment_status":"closed","ping_status":"open","sticky":false,"template":"","format":"standard","meta":[],"categories":[1],"tags":[14],"_links":{"self":[{"href":"https:\/\/unionpourlavienne.fr\/Union_Vienne_2016\/wordpress\/wp-json\/wp\/v2\/posts\/4263"}],"collection":[{"href":"https:\/\/unionpourlavienne.fr\/Union_Vienne_2016\/wordpress\/wp-json\/wp\/v2\/posts"}],"about":[{"href":"https:\/\/unionpourlavienne.fr\/Union_Vienne_2016\/wordpress\/wp-json\/wp\/v2\/types\/post"}],"author":[{"embeddable":true,"href":"https:\/\/unionpourlavienne.fr\/Union_Vienne_2016\/wordpress\/wp-json\/wp\/v2\/users\/1"}],"replies":[{"embeddable":true,"href":"https:\/\/unionpourlavienne.fr\/Union_Vienne_2016\/wordpress\/wp-json\/wp\/v2\/comments?post=4263"}],"version-history":[{"count":2,"href":"https:\/\/unionpourlavienne.fr\/Union_Vienne_2016\/wordpress\/wp-json\/wp\/v2\/posts\/4263\/revisions"}],"predecessor-version":[{"id":4267,"href":"https:\/\/unionpourlavienne.fr\/Union_Vienne_2016\/wordpress\/wp-json\/wp\/v2\/posts\/4263\/revisions\/4267"}],"wp:featuredmedia":[{"embeddable":true,"href":"https:\/\/unionpourlavienne.fr\/Union_Vienne_2016\/wordpress\/wp-json\/wp\/v2\/media\/4264"}],"wp:attachment":[{"href":"https:\/\/unionpourlavienne.fr\/Union_Vienne_2016\/wordpress\/wp-json\/wp\/v2\/media?parent=4263"}],"wp:term":[{"taxonomy":"category","embeddable":true,"href":"https:\/\/unionpourlavienne.fr\/Union_Vienne_2016\/wordpress\/wp-json\/wp\/v2\/categories?post=4263"},{"taxonomy":"post_tag","embeddable":true,"href":"https:\/\/unionpourlavienne.fr\/Union_Vienne_2016\/wordpress\/wp-json\/wp\/v2\/tags?post=4263"}],"curies":[{"name":"wp","href":"https:\/\/api.w.org\/{rel}","templated":true}]}}