{"id":4268,"date":"2022-12-11T10:50:00","date_gmt":"2022-12-11T09:50:00","guid":{"rendered":"http:\/\/unionpourlavienne.fr\/Union_Vienne_2016\/wordpress\/?p=4268"},"modified":"2022-12-13T11:01:26","modified_gmt":"2022-12-13T10:01:26","slug":"panneaux-pedagogiques-sur-la-biodiversite-sensibiliser-les-citoyens-de-demain","status":"publish","type":"post","link":"https:\/\/unionpourlavienne.fr\/Union_Vienne_2016\/wordpress\/panneaux-pedagogiques-sur-la-biodiversite-sensibiliser-les-citoyens-de-demain\/","title":{"rendered":"Panneaux p\u00e9dagogiques sur la biodiversit\u00e9 : sensibiliser les citoyens de demain"},"content":{"rendered":"\n<p><em>Alain PICHON, Pr\u00e9sident du D\u00e9partement de la Vienne, Jo\u00eblle PELTIER, Vice-Pr\u00e9sidente en charge du Climat et du D\u00e9veloppement Durable, et Pascale GUITTET, Vice-Pr\u00e9sidente en charge du Sport, de la Jeunesse et de la Citoyennet\u00e9, ont accueilli aujourd\u2019hui \u00e0 l\u2019H\u00f4tel du D\u00e9partement Guy ANDRAULT, Pr\u00e9sident d\u2019ABEILocales, pour la remise officielle de panneaux p\u00e9dagogiques sur la biodiversit\u00e9, r\u00e9alis\u00e9s dans le cadre du dispositif \u00ab Votre mairie tend la main \u00e0 la Nature et \u00e0 sa Biodiversit\u00e9 \u00bb.<\/em><\/p>\n\n\n\n<p>Engag\u00e9 dans une politique publique environnementale ambitieuse, le D\u00e9partement de la Vienne tient \u00e0 soutenir les initiatives locales qui visent \u00e0 sensibiliser \u00e0 la pr\u00e9servation de notre patrimoine naturel et \u00e0 faire conna\u00eetre la biodiversit\u00e9 locale aupr\u00e8s des habitants, et scolaires, futurs citoyens de demain.<\/p>\n\n\n\n<p>&nbsp;<\/p>\n\n\n\n<p class=\"has-luminous-vivid-orange-color has-text-color\"><strong>Mieux conna\u00eetre la biodiversit\u00e9 pour mieux la prot\u00e9ger<\/strong><\/p>\n\n\n\n<p>Le dispositif \u00ab Votre mairie tend la main \u00e0 la Nature et \u00e0 sa Biodiversit\u00e9 \u00bb a pour objectif de sensibiliser les citoyens sur la place de la biodiversit\u00e9 dans notre vie et \u00e0 faire d\u00e9couvrir les bases de son fonctionnement.<\/p>\n\n\n\n<p>Pour cela, 3 jeux de 8 panneaux d\u2019informations sont r\u00e9alis\u00e9s par l\u2019association ABEILocales pour comprendre le r\u00f4le de la biodiversit\u00e9, ainsi que des livrets d\u2019informations disponibles en format papier et num\u00e9rique. D\u00e9sormais, le D\u00e9partement de la Vienne met \u00e0 disposition ces supports d\u2019informations pour mettre en place des actions p\u00e9-dagogiques au sein des coll\u00e8ges du d\u00e9partement.<\/p>\n\n\n\n<p><strong>Les th\u00e9matiques abord\u00e9es sur les panneaux :<\/strong><\/p>\n\n\n\n<ul><li>La biodiversit\u00e9 et son r\u00f4le dans notre vie quotidienne<\/li><\/ul>\n\n\n\n<ul><li>La pollinisation et les pollinisateurs<\/li><\/ul>\n\n\n\n<ul><li>L\u2019importance de la diversit\u00e9 des habitats<\/li><\/ul>\n\n\n\n<ul><li>Les gestes pratiques \u00e0 faire chez soi pour pr\u00e9server la biodiversit\u00e9<\/li><\/ul>\n\n\n\n<p>Ces panneaux p\u00e9dagogiques permettent d\u2019am\u00e9liorer les connaissances des citoyens sur notre milieu, d\u2019observer la place de la biodiversit\u00e9 et de modifier naturellement leurs gestes et leurs pratiques pour pr\u00e9server notre environnement.<\/p>\n\n\n\n<p>&nbsp;<\/p>\n\n\n\n<p class=\"has-luminous-vivid-orange-color has-text-color\"><strong>ABEILocales, une association soutenue par le D\u00e9partement<\/strong><\/p>\n\n\n\n<p>Cr\u00e9\u00e9e en 2018, l\u2019Association ABEILocales (Actions pour la Biodiversit\u00e9, l\u2019Environnement et les Initiatives Locales) a pour mission de promouvoir et valoriser la biodiversit\u00e9 mais aussi de cr\u00e9er du lien social.<br>Elle m\u00e8ne des actions culturelles et p\u00e9dagogiques pour accompagner la d\u00e9couverte de la biodiversit\u00e9 locale afin que chaque citoyenne et citoyen (collectivit\u00e9s, enfants, familles, \u00e9lus, agents, associations, entreprises, agriculteurs, apiculteurs) puisse s\u2019approprier son territoire en vue de s\u2019impliquer dans la gestion d\u2019un bien commun : la nature et sa biodiversit\u00e9.<\/p>\n\n\n\n<p>En 2021, le D\u00e9partement de la Vienne a particip\u00e9 au financement d\u2019un projet de sensibilisation de la biodiversit\u00e9 dans la Vienne et un projet d\u2019extension du dispositif de l\u2019association \u00ab Mon village, Mon Quartier, Espace de Biodiversit\u00e9 \u00bb, dispositif d\u2019accompagnement \u00e0 la d\u00e9couverte de la biodiversit\u00e9 de proximit\u00e9 \u00e0 Mignaloux-Beauvoir, \u00e0 hauteur de 5 640 \u20ac.<\/p>\n\n\n\n<p>En 2022, le D\u00e9partement de la Vienne a \u00e9galement vers\u00e9 une subvention de 640 \u20ac pour la cr\u00e9ation d\u2019un espace p\u00e9dagogique pour la biodiversit\u00e9 de Saint-Julien-l\u2019Ars.<\/p>\n\n\n\n<p><\/p>\n","protected":false},"excerpt":{"rendered":"<p>Alain PICHON, Jo\u00eblle PELTIER et Pascale GUITTET ont accueilli aujourd\u2019hui \u00e0 l\u2019H\u00f4tel du D\u00e9partement Guy ANDRAULT pour la remise officielle de panneaux p\u00e9dagogiques sur la biodiversit\u00e9&#8230;<\/p>\n","protected":false},"author":1,"featured_media":4269,"comment_status":"closed","ping_status":"open","sticky":false,"template":"","format":"standard","meta":[],"categories":[64],"tags":[14,31,35],"_links":{"self":[{"href":"https:\/\/unionpourlavienne.fr\/Union_Vienne_2016\/wordpress\/wp-json\/wp\/v2\/posts\/4268"}],"collection":[{"href":"https:\/\/unionpourlavienne.fr\/Union_Vienne_2016\/wordpress\/wp-json\/wp\/v2\/posts"}],"about":[{"href":"https:\/\/unionpourlavienne.fr\/Union_Vienne_2016\/wordpress\/wp-json\/wp\/v2\/types\/post"}],"author":[{"embeddable":true,"href":"https:\/\/unionpourlavienne.fr\/Union_Vienne_2016\/wordpress\/wp-json\/wp\/v2\/users\/1"}],"replies":[{"embeddable":true,"href":"https:\/\/unionpourlavienne.fr\/Union_Vienne_2016\/wordpress\/wp-json\/wp\/v2\/comments?post=4268"}],"version-history":[{"count":6,"href":"https:\/\/unionpourlavienne.fr\/Union_Vienne_2016\/wordpress\/wp-json\/wp\/v2\/posts\/4268\/revisions"}],"predecessor-version":[{"id":4276,"href":"https:\/\/unionpourlavienne.fr\/Union_Vienne_2016\/wordpress\/wp-json\/wp\/v2\/posts\/4268\/revisions\/4276"}],"wp:featuredmedia":[{"embeddable":true,"href":"https:\/\/unionpourlavienne.fr\/Union_Vienne_2016\/wordpress\/wp-json\/wp\/v2\/media\/4269"}],"wp:attachment":[{"href":"https:\/\/unionpourlavienne.fr\/Union_Vienne_2016\/wordpress\/wp-json\/wp\/v2\/media?parent=4268"}],"wp:term":[{"taxonomy":"category","embeddable":true,"href":"https:\/\/unionpourlavienne.fr\/Union_Vienne_2016\/wordpress\/wp-json\/wp\/v2\/categories?post=4268"},{"taxonomy":"post_tag","embeddable":true,"href":"https:\/\/unionpourlavienne.fr\/Union_Vienne_2016\/wordpress\/wp-json\/wp\/v2\/tags?post=4268"}],"curies":[{"name":"wp","href":"https:\/\/api.w.org\/{rel}","templated":true}]}}