{"id":4277,"date":"2022-12-07T11:11:00","date_gmt":"2022-12-07T10:11:00","guid":{"rendered":"http:\/\/unionpourlavienne.fr\/Union_Vienne_2016\/wordpress\/?p=4277"},"modified":"2022-12-13T11:20:32","modified_gmt":"2022-12-13T10:20:32","slug":"presentation-du-nouveau-conseil-departemental-des-jeunes-de-la-vienne","status":"publish","type":"post","link":"https:\/\/unionpourlavienne.fr\/Union_Vienne_2016\/wordpress\/presentation-du-nouveau-conseil-departemental-des-jeunes-de-la-vienne\/","title":{"rendered":"Pr\u00e9sentation du nouveau Conseil D\u00e9partemental des Jeunes de la Vienne"},"content":{"rendered":"\n<p>Alain PICHON, Pr\u00e9sident du D\u00e9partement de la Vienne, accompagn\u00e9 de Pascale GUITTET, Vice-Pr\u00e9sidente du D\u00e9partement de la Vienne en charge des Sports, de la Jeunesse et de la Citoyennet\u00e9, et Val\u00e9rie CHEBASSIER, Rapporteur de la commission, ont accueilli, ce jour, les coll\u00e9giens de la nouvelle mandature du Conseil D\u00e9partemental des Jeunes pour leur premi\u00e8re journ\u00e9e en commission.<\/p>\n\n\n\n<p>&nbsp;<\/p>\n\n\n\n<p class=\"has-luminous-vivid-orange-color has-text-color\"><strong>Pourquoi un Conseil D\u00e9partemental des Jeunes ?<\/strong><\/p>\n\n\n\n<p>Dans le cadre de sa politique Jeunesse, le D\u00e9partement de la Vienne, en collaboration avec la Direction Acad\u00e9mique des Services de l\u2019Education Nationale, a souhait\u00e9 mettre en place, lors de la rentr\u00e9e scolaire 2020-2021, le premier Conseil D\u00e9partemental des Jeunes (CDJ).<\/p>\n\n\n\n<p>V\u00e9ritable outil d\u2019engagement et de participation des jeunes \u00e0 la vie locale, il a pour objectifs :<\/p>\n\n\n\n<ul><li>de leur faire d\u00e9couvrir le fonctionnement et les missions de la collectivit\u00e9 d\u00e9partementale<\/li><\/ul>\n\n\n\n<ul><li>de les sensibiliser aux notions de d\u00e9mocratie et d\u2019int\u00e9r\u00eat g\u00e9n\u00e9ral<\/li><\/ul>\n\n\n\n<ul><li>d\u2019\u00eatre un lieu d\u2019actions, d\u2019expression et de formation \u00e0 la vie citoyenne<\/li><\/ul>\n\n\n\n<ul><li>de leur permettre de concr\u00e9tiser des projets pour am\u00e9liorer leur vie quotidienne<\/li><\/ul>\n\n\n\n<p>Au cours de cette premi\u00e8re mandature, perturb\u00e9e par la crise sanitaire, quatre commissions de travail ont \u00e9t\u00e9 mises en place : Culture, Sport\/Sant\u00e9, Environnement et Vivre ensemble. Des commissions durant lesquelles les jeunes ont travaill\u00e9 et ont pr\u00e9sent\u00e9, en juin dernier, leur bilan :<\/p>\n\n\n\n<blockquote class=\"wp-block-quote\"><p>&nbsp;La commission Culture a visit\u00e9 la Biblioth\u00e8que D\u00e9partementale de la Vienne&nbsp;et les Archives D\u00e9partementales et a travaill\u00e9 sur le choix d\u2019une compagnie de spectacle vivant, \u00e0 savoir la compagnie le Th\u00e9\u00e2tre dans la for\u00eat et son spectacle Chroniques martiennes &#8211; Nouvelles du Cosmos. La constitution d\u2019un questionnaire adress\u00e9 \u00e0 l\u2019ensemble des coll\u00e8ges de la Vienne, a permis au coll\u00e8ge Ren\u00e9 Cassin de l\u2019Isle-Jourdain de gagner trois repr\u00e9sentations le 23 mai dernier.<\/p><p>&nbsp;La commission Sport\/Sant\u00e9 a visit\u00e9 le chantier de l\u2019Arena Futuroscope et a travaill\u00e9 sur la r\u00e9alisation d\u2019une vid\u00e9o de promotion de l\u2019activit\u00e9 physique et la constitution de tests de forme qui ont permis aux agents du D\u00e9partement de la Vienne de tester leur condition physique. Les jeunes ont \u00e9galement pr\u00e9sent\u00e9 la vid\u00e9o et les tests de forme aux coll\u00e8ges Camille Claudel de Civray, Sacr\u00e9 Coeur de Jaunay-Marigny, et Jean Jaur\u00e9s \u00e0 Gencay.<\/p><p>&nbsp;Les travaux de la commission Environnement ont permis la r\u00e9alisation de cinq affiches pour les coll\u00e9giens au sein des \u00e9tablissements pour les sensibiliser \u00e0 la protection de l\u2019environnement par l\u2019adoption de gestes simples. En parall\u00e8le, les jeunes de la commission ont, entre autres, propos\u00e9 \u00e0 un coll\u00e8ge de gagner l\u2019intervention d\u2019un animateur de l\u2019un des deux CPIE de la Vienne. Pour cela, ils ont cr\u00e9\u00e9 un QR Code et un lien permettant aux coll\u00e9giens de s\u2019inscrire. De plus, suite \u00e0 une sortie \u00e0 l\u2019Espace Naturel Sensible du Bois de la Loge \u00e0 Pouill\u00e9 en juin 2021, o\u00f9 ils avaient observ\u00e9 les esp\u00e8ces animales et v\u00e9g\u00e9tales dans leur milieu naturel, ils ont pu d\u00e9couvrir \u00e0 l\u2019\u00e9cole de l\u2019ADN \u00e0 l\u2019Espace Mend\u00e8s France, une \u00ab invisible biodiversit\u00e9 \u00bb, en observant une simple goutte d\u2019eau (de rivi\u00e8re, mare ou flaque) au microscope.<\/p><p>&nbsp;Dans la commission Vivre ensemble, les travaux ont port\u00e9 sur des activit\u00e9s li\u00e9es aux m\u00e9canismes d\u2019exclusion, \u00e0 la lutte contre les discriminations, suivis de d\u00e9bats, et l\u2019\u00e9criture d\u2019un sc\u00e9nario pour la r\u00e9alisation d\u2019une vid\u00e9o, le 1er juin, au coll\u00e8ge du Jardin des Plantes \u00e0 Poitiers. Les membres de la commission ont visit\u00e9 le chantier de construction du coll\u00e8ge Jos\u00e9phine Baker de Vouneuil-sous-Biard.<br>Pour cl\u00f4turer cette premi\u00e8re mandature, les Conseillers D\u00e9partemetaux Juniors ont visit\u00e9, le 12 juillet dernier, le S\u00e9nat. L\u2019occasion pour eux de comprendre que tout citoyen, en remplissant ses devoirs civiques, avait un r\u00f4le \u00e0 jouer dans la vie publique. La d\u00e9ambulation dans les nombreuses salles qui composent ce lieu et la visite de l\u2019h\u00e9micycle ont suscit\u00e9 beaucoup d\u2019admiration.<\/p><\/blockquote>\n\n\n\n<p>&nbsp;<\/p>\n\n\n\n<p class=\"has-luminous-vivid-orange-color has-text-color\"><strong>La th\u00e9matique de l\u2019Olympisme en 2023<\/strong><\/p>\n\n\n\n<p>Pour cette nouvelle mandature, la th\u00e9matique principale propos\u00e9e aux coll\u00e9giens est \u00ab L\u2019olympisme \u00bb. Quatre nouvelles commissions ont \u00e9t\u00e9 choisies lors du stage d\u2019int\u00e9gration organis\u00e9, les 3 et 4 novembre, \u00e0 Lathus-Saint-R\u00e9my.<\/p>\n\n\n\n<p>L\u2019occasion d\u2019\u00e9lire la nouvelle pr\u00e9sidente et les pr\u00e9sidents des commissions :<\/p>\n\n\n\n<blockquote class=\"wp-block-quote\"><p>&nbsp;La nouvelle pr\u00e9sidente du CDJ 2023 est Garance POUVREAU du coll\u00e8ge Andr\u00e9 Brouillet, Valence-en-Poitou<\/p><p>Commission Sport et Inclusion. Vice-Pr\u00e9sidente : Liana MOREAU du coll\u00e8ge Saint-Jacques-de-Compostelle, Poitiers Rapporteur : So\u00ebn LEVEQUE du coll\u00e8ge Arthur Rimbaud, Latill\u00e9<\/p><p>Commission Eco-Citoyennet\u00e9. Vice-Pr\u00e9sident : T\u00e9va BAUDY du coll\u00e8ge La Chaume la Salle, Vouill\u00e9<br>Rapporteur : Lyly REMY TABURET du coll\u00e8ge Maurice Bedel, Saint-Gervais-les-Trois Clochers<\/p><p>Commission Vivre ensemble. Vice-Pr\u00e9sidente : Garance POUVREAU du coll\u00e8ge Andr\u00e9 Brouillet, Valence-en-Poitou Rapporteur : Hugo PICARD du coll\u00e8ge Prosper M\u00e9rim\u00e9e, Saint-Savin<\/p><p>Commission Ouverture au Monde. Vice-Pr\u00e9sidente : Gabriel SYLVANISE ROBERT du coll\u00e8ge Jardin des Plantes, Poitiers Rapporteur : Fanta KABA du coll\u00e8ge France Bloch S\u00e9razin, Poitiers<\/p><\/blockquote>\n\n\n\n<p>Les quatre commissions travailleront donc sur des projets en rapport avec leur th\u00e8me tout en gardant \u00e0 l\u2019esprit les principales valeurs de l\u2019olympisme. Le tout, \u00e0 destination de l\u2019ensemble des coll\u00e9giens du d\u00e9partement.<\/p>\n\n\n\n<p><\/p>\n","protected":false},"excerpt":{"rendered":"<p>Alain PICHON, accompagn\u00e9 de Pascale GUITTET et Val\u00e9rie CHEBASSIER ont accueilli les coll\u00e9giens de la nouvelle mandature du Conseil D\u00e9partemental des Jeunes &#8230;<\/p>\n","protected":false},"author":1,"featured_media":4279,"comment_status":"closed","ping_status":"open","sticky":false,"template":"","format":"standard","meta":[],"categories":[1],"tags":[14,35,99],"_links":{"self":[{"href":"https:\/\/unionpourlavienne.fr\/Union_Vienne_2016\/wordpress\/wp-json\/wp\/v2\/posts\/4277"}],"collection":[{"href":"https:\/\/unionpourlavienne.fr\/Union_Vienne_2016\/wordpress\/wp-json\/wp\/v2\/posts"}],"about":[{"href":"https:\/\/unionpourlavienne.fr\/Union_Vienne_2016\/wordpress\/wp-json\/wp\/v2\/types\/post"}],"author":[{"embeddable":true,"href":"https:\/\/unionpourlavienne.fr\/Union_Vienne_2016\/wordpress\/wp-json\/wp\/v2\/users\/1"}],"replies":[{"embeddable":true,"href":"https:\/\/unionpourlavienne.fr\/Union_Vienne_2016\/wordpress\/wp-json\/wp\/v2\/comments?post=4277"}],"version-history":[{"count":3,"href":"https:\/\/unionpourlavienne.fr\/Union_Vienne_2016\/wordpress\/wp-json\/wp\/v2\/posts\/4277\/revisions"}],"predecessor-version":[{"id":4281,"href":"https:\/\/unionpourlavienne.fr\/Union_Vienne_2016\/wordpress\/wp-json\/wp\/v2\/posts\/4277\/revisions\/4281"}],"wp:featuredmedia":[{"embeddable":true,"href":"https:\/\/unionpourlavienne.fr\/Union_Vienne_2016\/wordpress\/wp-json\/wp\/v2\/media\/4279"}],"wp:attachment":[{"href":"https:\/\/unionpourlavienne.fr\/Union_Vienne_2016\/wordpress\/wp-json\/wp\/v2\/media?parent=4277"}],"wp:term":[{"taxonomy":"category","embeddable":true,"href":"https:\/\/unionpourlavienne.fr\/Union_Vienne_2016\/wordpress\/wp-json\/wp\/v2\/categories?post=4277"},{"taxonomy":"post_tag","embeddable":true,"href":"https:\/\/unionpourlavienne.fr\/Union_Vienne_2016\/wordpress\/wp-json\/wp\/v2\/tags?post=4277"}],"curies":[{"name":"wp","href":"https:\/\/api.w.org\/{rel}","templated":true}]}}