{"id":4303,"date":"2023-01-13T14:13:45","date_gmt":"2023-01-13T13:13:45","guid":{"rendered":"http:\/\/unionpourlavienne.fr\/Union_Vienne_2016\/wordpress\/?p=4303"},"modified":"2023-01-13T14:13:49","modified_gmt":"2023-01-13T13:13:49","slug":"une-plantation-darbres-a-jaunay-marigny-pour-favoriser-la-biodiversite","status":"publish","type":"post","link":"https:\/\/unionpourlavienne.fr\/Union_Vienne_2016\/wordpress\/une-plantation-darbres-a-jaunay-marigny-pour-favoriser-la-biodiversite\/","title":{"rendered":"Une plantation d\u2019arbres \u00e0 Jaunay-Marigny pour favoriser la biodiversit\u00e9"},"content":{"rendered":"\n<p>Alain PICHON, Pr\u00e9sident du D\u00e9partement de la  Vienne, accompagn\u00e9 de Val\u00e9rie CHEBASSIER et de J\u00e9r\u00f4me NEVEUX, Conseillers  D\u00e9partementaux du canton de Jaunay-Marigny, ont assist\u00e9, ce jour, \u00e0 la  plantation d\u2019arbres, sur la RD 169, le long de la rocade de Jaunay-Marigny.  Cette plantation d\u2019arbres de haute tige sur des terrains appartenant au  D\u00e9partement de la Vienne, s\u2019inscrit dans le cadre du Plan Arbres adopt\u00e9 par  l\u2019Assembl\u00e9e D\u00e9partementale le 20 d\u00e9cembre 2019.<\/p>\n\n\n\n<p>&nbsp;<\/p>\n\n\n\n<p class=\"has-luminous-vivid-orange-color has-text-color\"><strong>100 jeunes arbres plant\u00e9s<\/strong><\/p>\n\n\n\n<p>Une zone a \u00e9t\u00e9 plant\u00e9e sur la RD 169, entre la RD 62 et  la RD 910.<\/p>\n\n\n\n<p> <strong>100  jeunes arbres de haute tige <\/strong>formeront, \u00e0  terme, un alignement d\u2019arbres. Cet alignement est constitu\u00e9 de fr\u00eanes  communs, d\u2019\u00e9rables champ\u00eatres, d\u2019\u00e9rables planes qui, \u00e0 l\u2019\u00e2ge adulte, font entre  10 m et 30 m de haut. Ils ont une long\u00e9vit\u00e9 de 150 \u00e0 200 ans.<\/p>\n\n\n\n<p> <strong>Cent  bottes de paille <\/strong>ont \u00e9galement \u00e9t\u00e9  utilis\u00e9es en amont pour pr\u00e9parer le terrain. Ce chantier a \u00e9t\u00e9 r\u00e9alis\u00e9 par les  agents du centre d\u2019exploitation de la Direction des Routes de  Neuville-de-Poitou, ainsi que ceux de la Direction des Technopoles et des Sites  du Futuroscope.<\/p>\n\n\n\n<p>Au final, <strong>cette plantation chiffr\u00e9e \u00e0 6 000 \u20ac <\/strong>r\u00e9pond  \u00e0 plusieurs objectifs : <\/p>\n\n\n\n<ul><li>  Maintien de la terre des talus par le syst\u00e8me racinaire des  arbres <\/li><li> Favoriser la biodiversit\u00e9 <\/li><li> Capture du CO2 <\/li><li> Assurer, \u00e0 la maturation des arbres, une ombre port\u00e9e sur la  chauss\u00e9e pour limiter la chaleur des rayonnements solaires <\/li><\/ul>\n\n\n\n<p>&nbsp;<\/p>\n\n\n\n<p class=\"has-luminous-vivid-orange-color has-text-color\"><strong>De nombreuses op\u00e9rations de plantation pr\u00e9vues  en 2023<\/strong><\/p>\n\n\n\n<p><strong>Ces  plantations s\u2019inscrivent donc dans le cadre du Plan Arbres <\/strong>qui constitue une des actions du Plan SEVE \u2013 Strat\u00e9gies  et Engagements de la Vienne pour l\u2019Environnement. Il s\u2019agit alors de contribuer  \u00e0 la lutte contre le changement climatique, \u00e0 la protection de la ressource en eau et \u00e0 la pr\u00e9servation  de la biodiversit\u00e9.<\/p>\n\n\n\n<p> Le D\u00e9partement de la Vienne,  par le biais d\u2019un appel  \u00e0 projets, octroie  une aide financi\u00e8re et technique en partenariat  avec des op\u00e9rateurs sp\u00e9cialis\u00e9s (F\u00e9d\u00e9ration D\u00e9partementale des Chasseurs et de  la Faune Sauvage, Prom\u2019haies, LPO\u2026) pour la r\u00e9alisation d\u2019\u00e9tudes d\u2019inventaire  et de diagnostics, mais aussi des plantations.<\/p>\n\n\n\n<p>Haies nouvelles, bosquets, vergers ou  agroforesterie peuvent \u00eatre plant\u00e9s par des  collectivit\u00e9s, des associations, des particuliers ou des agriculteurs. Ceux-ci doivent s\u2019engager  sur la p\u00e9rennit\u00e9 des plantations, privil\u00e9gier les essences locales et  utiliser un paillage 100% v\u00e9g\u00e9tal et biod\u00e9gradable. Les plantations dans les  zones \u00e0 enjeux \u00ab eau \u00bb sont financ\u00e9es en priorit\u00e9. Sont alors exclus du financement, entre autres, les zones urbanis\u00e9es et \u00e0 urbaniser, les projets li\u00e9s \u00e0 des  mesures compensatoires&#8230;<\/p>\n\n\n\n<p> Cette  ann\u00e9e, plusieurs op\u00e9rations de plantation sont pr\u00e9vues :<\/p>\n\n\n\n<p><strong>&gt;&gt;&gt; Plantations group\u00e9es, port\u00e9es par :<\/strong><\/p>\n\n\n\n<ul><li>la F\u00e9d\u00e9ration D\u00e9partementale des Chasseurs en Vienne (12 projets de plantation  de haies \u00e0 Availles-en-Ch\u00e2tellerault, Ayron, Jaunay-Marigny, La Chapelle-B\u00e2ton,  Leignes-sur-Fontaine, Loudun, Messem\u00e9,  Mirebeau, Pouill\u00e9, Saint-Christophe, Saint-Julien-L\u2019Ars et  Vivonne) <\/li><li>la Ligue pour la Protection des Oiseaux  Poitou-Charentes (sept projets de plantation de haies \u00e0  Vic-sur-Gartempe et Lathus-Saint-R\u00e9my, Jaunay-Marigny, Saint-Martin-La-Pallu, Ingrandes-sur-Vienne, Dang\u00e9-Saint-Romain, Vell\u00e8ches et S\u00e9nill\u00e9-Saint-Sauveur) <\/li><\/ul>\n\n\n\n<p><strong>&gt;&gt;&gt; Plantations individuelles  accompagn\u00e9es par :<\/strong><\/p>\n\n\n\n<ul><li>la Communaut\u00e9 de Communes du Pays Loudunais (plantation d\u2019un verger \u00e0 Mazeuil et plantation d\u2019un bosquet et d\u2019un verger \u00e0 Mouterre-Silly) <\/li><li>la Ligue pour la Protection des Oiseaux  Poitou-Charentes (plantation de haies \u00e0 Aslonnes) <\/li><li>la Chambre d\u2019Agriculture de la Vienne (deux plantations de haies \u00e0 Aslonnes et une plantation et restauration de  haies \u00e0 Chenevelles) <\/li><li>Prom\u2019Haies en Nouvelle-Aquitaine (cinq plantations de haies \u00e0 Cherves, Dang\u00e9-Saint-Romain, La Bussi\u00e8re,  Lusignan et Sanxay, une plantation et restauration de haies \u00e0 Chenevelles, une  plantation de haies et d\u2019arbres d\u2019alignement \u00e0 Dienn\u00e9, un projet  d\u2019agroforesterie \u00e0 Pressac, un projet d\u2019inventaire arbor\u00e9 et de plantation de  haies \u00e0 Boivre-la-Vall\u00e9e et une plantation de haies, d\u2019un bosquet et d\u2019un verger) <\/li><\/ul>\n\n\n\n<p><strong>&gt;&gt;&gt; Plantations sans accompagnement :<\/strong><\/p>\n\n\n\n<p>Il s\u2019agit de deux projets  de plantation de haies \u00e0 Antran, Availles-en-Ch\u00e2tellerault, Ch\u00e2tellerault, Colombiers,  S\u00e9nill\u00e9-Saint-Sauveur et Vic-sur-Gartempe, une plantation d\u2019un bosquet \u00e0 Jaunay-Marigny, une plantation d\u2019un verger \u00e0 Buxerolles et une plantation de haies et d\u2019arbres  d\u2019alignement \u00e0 Neuville-de-Poitou).<\/p>\n\n\n\n<p>&nbsp;<\/p>\n\n\n\n<p class=\"has-luminous-vivid-orange-color has-text-color\"><strong>Ces projets de plantation  repr\u00e9sentent au total :<\/strong><\/p>\n\n\n\n<ul><li>18,3 km de  haies (double ou triple) et 640 m de haies restaur\u00e9es de 640 m <\/li><li>15,3 ha de bosquet, 13 ha de verger et 1,2 ha en agroforesterie<\/li><li>29 289 plants<\/li><\/ul>\n","protected":false},"excerpt":{"rendered":"<p>Alain PICHON, accompagn\u00e9 de Val\u00e9rie CHEBASSIER et de J\u00e9r\u00f4me NEVEUX ont assist\u00e9 \u00e0 la plantation d\u2019arbres, sur la RD 169, le long de la rocade de Jaunay-Marigny&#8230; <\/p>\n","protected":false},"author":1,"featured_media":4304,"comment_status":"closed","ping_status":"open","sticky":false,"template":"","format":"standard","meta":[],"categories":[60,64,74,63],"tags":[14,94,99],"_links":{"self":[{"href":"https:\/\/unionpourlavienne.fr\/Union_Vienne_2016\/wordpress\/wp-json\/wp\/v2\/posts\/4303"}],"collection":[{"href":"https:\/\/unionpourlavienne.fr\/Union_Vienne_2016\/wordpress\/wp-json\/wp\/v2\/posts"}],"about":[{"href":"https:\/\/unionpourlavienne.fr\/Union_Vienne_2016\/wordpress\/wp-json\/wp\/v2\/types\/post"}],"author":[{"embeddable":true,"href":"https:\/\/unionpourlavienne.fr\/Union_Vienne_2016\/wordpress\/wp-json\/wp\/v2\/users\/1"}],"replies":[{"embeddable":true,"href":"https:\/\/unionpourlavienne.fr\/Union_Vienne_2016\/wordpress\/wp-json\/wp\/v2\/comments?post=4303"}],"version-history":[{"count":1,"href":"https:\/\/unionpourlavienne.fr\/Union_Vienne_2016\/wordpress\/wp-json\/wp\/v2\/posts\/4303\/revisions"}],"predecessor-version":[{"id":4305,"href":"https:\/\/unionpourlavienne.fr\/Union_Vienne_2016\/wordpress\/wp-json\/wp\/v2\/posts\/4303\/revisions\/4305"}],"wp:featuredmedia":[{"embeddable":true,"href":"https:\/\/unionpourlavienne.fr\/Union_Vienne_2016\/wordpress\/wp-json\/wp\/v2\/media\/4304"}],"wp:attachment":[{"href":"https:\/\/unionpourlavienne.fr\/Union_Vienne_2016\/wordpress\/wp-json\/wp\/v2\/media?parent=4303"}],"wp:term":[{"taxonomy":"category","embeddable":true,"href":"https:\/\/unionpourlavienne.fr\/Union_Vienne_2016\/wordpress\/wp-json\/wp\/v2\/categories?post=4303"},{"taxonomy":"post_tag","embeddable":true,"href":"https:\/\/unionpourlavienne.fr\/Union_Vienne_2016\/wordpress\/wp-json\/wp\/v2\/tags?post=4303"}],"curies":[{"name":"wp","href":"https:\/\/api.w.org\/{rel}","templated":true}]}}