{"id":4332,"date":"2023-03-02T13:58:55","date_gmt":"2023-03-02T12:58:55","guid":{"rendered":"http:\/\/unionpourlavienne.fr\/Union_Vienne_2016\/wordpress\/?p=4332"},"modified":"2023-03-02T13:58:58","modified_gmt":"2023-03-02T12:58:58","slug":"rencontres-dans-le-canton-de-civray-2","status":"publish","type":"post","link":"https:\/\/unionpourlavienne.fr\/Union_Vienne_2016\/wordpress\/rencontres-dans-le-canton-de-civray-2\/","title":{"rendered":"Rencontres dans le canton de Civray"},"content":{"rendered":"\n<p>Alain PICHON, Pr\u00e9sident du D\u00e9partement de la Vienne, accompagn\u00e9 de Lydie NOIRAULT et Jean-Olivier GEOFFROY, Conseillers D\u00e9partementaux du canton de Civray ont rencontr\u00e9, ce jour, les dirigeants de l\u2019entreprise Nault P\u00e8re &amp; Fils d\u2019Availles-Limouzine, ainsi que les responsables des associations Citoyen D\u00e8s Demain \u00e0 La Chapelle-B\u00e2ton et Acti\u2019Start \u00e0 Civray.<\/p>\n\n\n\n<p><\/p>\n\n\n\n<p class=\"has-luminous-vivid-orange-color has-text-color\"><strong>\u25b7 Entreprise Nault &amp; Fils &#8211; Availles-Limouzine<\/strong><\/p>\n\n\n\n<figure class=\"wp-block-image aligncenter size-full\"><img loading=\"lazy\" width=\"700\" height=\"525\" src=\"https:\/\/unionpourlavienne.fr\/Union_Vienne_2016\/wordpress\/wp-content\/uploads\/2023\/03\/Entreprise-Nault.jpg\" alt=\"\" class=\"wp-image-4336\" srcset=\"https:\/\/unionpourlavienne.fr\/Union_Vienne_2016\/wordpress\/wp-content\/uploads\/2023\/03\/Entreprise-Nault.jpg 700w, https:\/\/unionpourlavienne.fr\/Union_Vienne_2016\/wordpress\/wp-content\/uploads\/2023\/03\/Entreprise-Nault-300x225.jpg 300w\" sizes=\"(max-width: 700px) 100vw, 700px\" \/><\/figure>\n\n\n\n<p><strong>En 1961, la famille Nault reprend la boulangerie artisanale du bourg d\u2019Availles-Limouzine. <\/strong>Vingt ans plus tard, l\u2019entreprise prend une nouvelle dimension et commence \u00e0 fournir les rayons boulangerie des sup\u00e9rettes en produisant <strong>pr\u00e8s de 10 000 pains par jour<\/strong>. Forte d\u2019un d\u00e9veloppement constant, la famille Nault d\u00e9localise, en 1984, la boulangerie historique dans un local de 1 800 m\u00b2, toujours \u00e0 Availles-Limouzine. En 2004, Jean Nault laisse la place \u00e0 son fils Philippe Nault. En 2021, l&rsquo;entreprise est reprise par Thanh Hai L\u00ca, d\u00e9j\u00e0 propri\u00e9taire de la saladerie Miss D\u00e9liss, \u00e0 P\u00e9rigueux et du magasin BioCoop, \u00e0 Feytiat, s\u00e9duit par le savoir-faire familial et artisanal.<\/p>\n\n\n\n<p>Aujourd\u2019hui, avec <strong>un chiffre d\u2019affaires annuel de 4,5 M\u20ac et une cinquantaine de collaborateurs <\/strong>(administratifs, boulangers, p\u00e2tissiers, chauffeurs-livreurs&#8230;), la boulangerie Nault est le&nbsp; principal&nbsp; employeur&nbsp; de&nbsp; la&nbsp; commune.&nbsp; La&nbsp; capacit\u00e9&nbsp; de&nbsp; production cons\u00e9quente repose sur des moyens techniques importants : huit p\u00e9trins, quatre lignes de fabrication, 26 fours\u2026 le tout sur une surface de production de 4 800 m2. De plus, 17 v\u00e9hicules de livraison sillonnent sept d\u00e9partements chaque jour.<\/p>\n\n\n\n<p>L\u2019environnement et l\u2019impact carbone de son activit\u00e9 sont des enjeux majeurs pour cette entreprise familiale. Ainsi, <strong>1 600 m<\/strong><strong>2 de panneaux photovolta\u00efques sont install\u00e9s sur la toiture de la boulangerie <\/strong>et, r\u00e9cemment, les fours au fuel ont \u00e9t\u00e9 remplac\u00e9s par des fours \u00e0 gaz. La soci\u00e9t\u00e9 est certifi\u00e9e bio depuis 2012 et propose donc, suite \u00e0 la mise en place d\u2019un local et de mat\u00e9riel d\u00e9di\u00e9, une gamme de produits en agriculture biologique. Au-del\u00e0 de cette certification, la boulangerie Nault a depuis longtemps pris conscience de l\u2019importance des circuits courts pour limiter l\u2019impact carbone mais surtout pour soutenir les producteurs locaux. Ainsi, toutes les <strong>farines utilis\u00e9es sont issues de bl\u00e9 r\u00e9colt\u00e9 en Poitou-Charentes<\/strong>.<\/p>\n\n\n\n<p><strong>De plus, la boulangerie Nault est inscrite depuis 2017 sur la plateforme AgriLocal86, g\u00e9r\u00e9e par le D\u00e9partement de la Vienne<\/strong>. L\u2019animation de la vie\u00a0 locale\u00a0 reste\u00a0 \u00e9galement\u00a0 capitale \u00e0 travers leur participation \u00e0 des march\u00e9s de producteurs ou des festivals locaux comme le Fil du Son \u00e0 Civray.<\/p>\n\n\n\n<p><\/p>\n\n\n\n<p class=\"has-luminous-vivid-orange-color has-text-color\"><strong>\u25b7 Association Citoyen D\u00e8s Demain \u2013 La Chapelle-B\u00e2ton<\/strong><\/p>\n\n\n\n<figure class=\"wp-block-image aligncenter size-full\"><img loading=\"lazy\" width=\"700\" height=\"499\" src=\"https:\/\/unionpourlavienne.fr\/Union_Vienne_2016\/wordpress\/wp-content\/uploads\/2023\/03\/Association-Citoyen-Des-Demain.jpg\" alt=\"\" class=\"wp-image-4335\" srcset=\"https:\/\/unionpourlavienne.fr\/Union_Vienne_2016\/wordpress\/wp-content\/uploads\/2023\/03\/Association-Citoyen-Des-Demain.jpg 700w, https:\/\/unionpourlavienne.fr\/Union_Vienne_2016\/wordpress\/wp-content\/uploads\/2023\/03\/Association-Citoyen-Des-Demain-300x214.jpg 300w\" sizes=\"(max-width: 700px) 100vw, 700px\" \/><\/figure>\n\n\n\n<p><strong>Le lieu de vie et d\u2019accueil Citoyen D\u00e8s Demain a ouvert en avril 2015, \u00e0 La Chapelle-B\u00e2ton<\/strong>, suite \u00e0 un appel \u00e0 projets du D\u00e9partement de la Vienne. La devise du lieu est \u00ab Citoyen D\u00e8s Demain, un lieu de vie et d\u2019accueil qui s\u2019adapte \u00bb. En effet, ici, c\u2019est le projet du lieu de vie qui<\/p>\n\n\n\n<p>s\u2019adapte \u00e0 l\u2019enfant. <strong>L\u2019association \u00e9ponyme qui g\u00e8re le lieu dispose d\u2019un agr\u00e9ment pour 10 places mixtes pour des jeunes de 12 \u00e0 21 ans<\/strong>. Sa prise en charge se fait en trois \u00e9tapes :<\/p>\n\n\n\n<ul><li>Lors de son arriv\u00e9e, le jeune est install\u00e9 \u00e0 l\u2019auberge, b\u00e2timent principal, dans une chambre individuelle avec douche et toilette. Il commence alors \u00e0 travailler l\u2019autonomie<\/li><li>En fonction de l\u2019avanc\u00e9e dans l\u2019autonomie, le jeune peut s\u2019installer dans la maison des \u00ab autonomes \u00bb situ\u00e9e \u00e0 30 m de l\u2019auberge. Il commence alors \u00e0 \u00e9tablir ses menus, faire sa cuisine, sa lessive et tenir son logement propre<\/li><li>Apr\u00e8s la maison des \u00ab autonomes \u00bb et en fonction de son projet de vie, le jeune peut \u00eatre install\u00e9 \u00e0 proximit\u00e9 de ses parents, de son lieu d\u2019apprentissage. Il est alors suivi \u00e0 l\u2019ext\u00e9rieur avec deux visites minimum par semaine de l\u2019\u00e9quipe \u00e9ducative. Lorsque la prise en charge arrive \u00e0 son terme, l\u2019association c\u00e8de le logement au jeune en laissant tout l\u2019\u00e9quipement, ce qui lui permet de bien commencer sa vie d\u2019adulte.<\/li><\/ul>\n\n\n\n<p>Parall\u00e8lement \u00e0 cette prise en charge, divers projets sont r\u00e9alis\u00e9s notamment <strong>un projet humanitaire dans le sud du Maroc qui s\u2019est \u00e9tal\u00e9 sur trois ann\u00e9es (2017, 2019 et 2022)<\/strong>, avec, entre autres, la r\u00e9novation de deux \u00e9coles primaires.<\/p>\n\n\n\n<p>D\u2019autres projets sont \u00e0 l\u2019\u00e9tude : S\u00e9jour humanitaire au S\u00e9n\u00e9gal avec comme objectif la cr\u00e9ation de puits pour permettre aux villageois d\u2019avoir acc\u00e8s \u00e0 l\u2019eau potable ou bien encore, l\u2019\u00e9criture d\u2019une publicit\u00e9 pour alerter sur les risques du tabagisme en partenariat avec la f\u00e9d\u00e9ration de cardiologie et des pneumologues.<\/p>\n\n\n\n<p><\/p>\n\n\n\n<p class=\"has-luminous-vivid-orange-color has-text-color\"><strong>\u25b7 Association Acti\u2019start \u2013 Civray<\/strong><\/p>\n\n\n\n<figure class=\"wp-block-image aligncenter size-full\"><img loading=\"lazy\" width=\"700\" height=\"547\" src=\"https:\/\/unionpourlavienne.fr\/Union_Vienne_2016\/wordpress\/wp-content\/uploads\/2023\/03\/Chantier-insertion-ActiStart.jpg\" alt=\"\" class=\"wp-image-4334\" srcset=\"https:\/\/unionpourlavienne.fr\/Union_Vienne_2016\/wordpress\/wp-content\/uploads\/2023\/03\/Chantier-insertion-ActiStart.jpg 700w, https:\/\/unionpourlavienne.fr\/Union_Vienne_2016\/wordpress\/wp-content\/uploads\/2023\/03\/Chantier-insertion-ActiStart-300x234.jpg 300w\" sizes=\"(max-width: 700px) 100vw, 700px\" \/><\/figure>\n\n\n\n<p><strong>Pr\u00e9sid\u00e9e par Jean-Marie PEIGNE, l\u2019association Acti\u2019start a \u00e9t\u00e9 cr\u00e9\u00e9e en 2013 et s\u2019occupe de la mise en place de chantiers d\u2019insertion <\/strong>aupr\u00e8s des collectivit\u00e9s et des entreprises du pays civraisien. Initialement, les chantiers d\u2019insertion \u00e9taient sp\u00e9cialis\u00e9s dans le domaines des espaces verts. Actuellement, deux \u00e9quipes interviennent pour la tonte, la taille, des plantations ou bien encore l\u2019entretien des sentiers dans des espaces naturels.<\/p>\n\n\n\n<p>Progressivement, la structure s\u2019est d\u00e9velopp\u00e9e et a diversifi\u00e9 son activit\u00e9. Ainsi, <strong>depuis 2016, une \u00e9quipe est sp\u00e9cialis\u00e9e dans la r\u00e9novation de b\u00e2timent. <\/strong>R\u00e9novation de murs et murets en pierres plates, piquetage de mur, r\u00e9fection de joints\u2026 sont r\u00e9alisables. Actuellement, l\u2019association m\u00e8ne une r\u00e9flexion pour renforcer ses \u00e9quipes et d\u00e9velopper une nouvelle activit\u00e9.<\/p>\n\n\n\n<p><strong>En 2022, la structure a employ\u00e9 27 salari\u00e9s en insertion (dont huit b\u00e9n\u00e9ficiaires du Revenu de Solidarit\u00e9 Active) pour une \u00e9quipe de six salari\u00e9s permanents. <\/strong>Les postes en insertion des chantiers d\u2019insertion sont agr\u00e9\u00e9s par l\u2019Etat et cofinanc\u00e9s par le D\u00e9partement de la Vienne pour les b\u00e9n\u00e9ficiaires du RSA recrut\u00e9s. Pour m\u00e9moire, <strong>l\u2019enveloppe d\u00e9partementale globale consacr\u00e9e aux aides pour les postes dans les chantiers d\u2019insertion est de 1,3 M\u20ac.<\/strong><\/p>\n\n\n\n<p><\/p>\n","protected":false},"excerpt":{"rendered":"<p>Alain PICHON, accompagn\u00e9 de Lydie NOIRAULT et Jean-Olivier GEOFFROY ont rencontr\u00e9 les dirigeants de l\u2019entreprise Nault P\u00e8re &#038; Fils d\u2019Availles-Limouzine, ainsi que les responsables des associations Citoyen D\u00e8s Demain \u00e0 La Chapelle-B\u00e2ton et Acti\u2019Start \u00e0 Civray&#8230;<\/p>\n","protected":false},"author":1,"featured_media":4333,"comment_status":"closed","ping_status":"open","sticky":false,"template":"","format":"standard","meta":[],"categories":[73,68],"tags":[14,29,32],"_links":{"self":[{"href":"https:\/\/unionpourlavienne.fr\/Union_Vienne_2016\/wordpress\/wp-json\/wp\/v2\/posts\/4332"}],"collection":[{"href":"https:\/\/unionpourlavienne.fr\/Union_Vienne_2016\/wordpress\/wp-json\/wp\/v2\/posts"}],"about":[{"href":"https:\/\/unionpourlavienne.fr\/Union_Vienne_2016\/wordpress\/wp-json\/wp\/v2\/types\/post"}],"author":[{"embeddable":true,"href":"https:\/\/unionpourlavienne.fr\/Union_Vienne_2016\/wordpress\/wp-json\/wp\/v2\/users\/1"}],"replies":[{"embeddable":true,"href":"https:\/\/unionpourlavienne.fr\/Union_Vienne_2016\/wordpress\/wp-json\/wp\/v2\/comments?post=4332"}],"version-history":[{"count":1,"href":"https:\/\/unionpourlavienne.fr\/Union_Vienne_2016\/wordpress\/wp-json\/wp\/v2\/posts\/4332\/revisions"}],"predecessor-version":[{"id":4337,"href":"https:\/\/unionpourlavienne.fr\/Union_Vienne_2016\/wordpress\/wp-json\/wp\/v2\/posts\/4332\/revisions\/4337"}],"wp:featuredmedia":[{"embeddable":true,"href":"https:\/\/unionpourlavienne.fr\/Union_Vienne_2016\/wordpress\/wp-json\/wp\/v2\/media\/4333"}],"wp:attachment":[{"href":"https:\/\/unionpourlavienne.fr\/Union_Vienne_2016\/wordpress\/wp-json\/wp\/v2\/media?parent=4332"}],"wp:term":[{"taxonomy":"category","embeddable":true,"href":"https:\/\/unionpourlavienne.fr\/Union_Vienne_2016\/wordpress\/wp-json\/wp\/v2\/categories?post=4332"},{"taxonomy":"post_tag","embeddable":true,"href":"https:\/\/unionpourlavienne.fr\/Union_Vienne_2016\/wordpress\/wp-json\/wp\/v2\/tags?post=4332"}],"curies":[{"name":"wp","href":"https:\/\/api.w.org\/{rel}","templated":true}]}}