{"id":4341,"date":"2023-03-08T13:55:10","date_gmt":"2023-03-08T12:55:10","guid":{"rendered":"http:\/\/unionpourlavienne.fr\/Union_Vienne_2016\/wordpress\/?p=4341"},"modified":"2023-03-08T13:57:55","modified_gmt":"2023-03-08T12:57:55","slug":"journee-internationale-des-droits-des-femmes-action-de-sensibilisation-au-college-george-sand-de-chatellerault%ef%bf%bc","status":"publish","type":"post","link":"https:\/\/unionpourlavienne.fr\/Union_Vienne_2016\/wordpress\/journee-internationale-des-droits-des-femmes-action-de-sensibilisation-au-college-george-sand-de-chatellerault%ef%bf%bc\/","title":{"rendered":"Journ\u00e9e internationale des droits des femmes : action de sensibilisation au coll\u00e8ge George Sand de Ch\u00e2tellerault"},"content":{"rendered":"\n<p>Dans le cadre de la journ\u00e9e internationale des droits des femmes, le D\u00e9partement de la Vienne a organis\u00e9 une action de sensibilisation sur l\u2019\u00e9galit\u00e9 filles-gar\u00e7ons au sein du coll\u00e8ge George Sand \u00e0 Ch\u00e2tellerault, en partenariat avec le Centre d\u2019Information sur les Droits des Femmes et des Familles (CDIFF) de la Vienne. Alain PICHON, Pr\u00e9sident du D\u00e9partement de la Vienne, Jean-Pierre ABELIN, Maire de Ch\u00e2tellerault, et Christophe PECATE, Sous-pr\u00e9fet de Ch\u00e2tellerault, ont particip\u00e9 au temps d\u2019\u00e9changes organis\u00e9 avec les \u00e9l\u00e8ves de troisi\u00e8me.<\/p>\n\n\n\n<figure class=\"wp-block-image aligncenter size-full\"><img loading=\"lazy\" width=\"700\" height=\"470\" src=\"https:\/\/unionpourlavienne.fr\/Union_Vienne_2016\/wordpress\/wp-content\/uploads\/2023\/03\/DROITS-DES-FEMMES-1.jpg\" alt=\"\" class=\"wp-image-4342\" srcset=\"https:\/\/unionpourlavienne.fr\/Union_Vienne_2016\/wordpress\/wp-content\/uploads\/2023\/03\/DROITS-DES-FEMMES-1.jpg 700w, https:\/\/unionpourlavienne.fr\/Union_Vienne_2016\/wordpress\/wp-content\/uploads\/2023\/03\/DROITS-DES-FEMMES-1-300x201.jpg 300w\" sizes=\"(max-width: 700px) 100vw, 700px\" \/><\/figure>\n\n\n\n<p>Etaient \u00e9galement pr\u00e9sents, Val\u00e9rie DAUGE, 1<sup>re<\/sup> Vice-Pr\u00e9sidente en charge des personnes \u00e2g\u00e9es et des personnes handicap\u00e9es, Pascale MOREAU, Vice-Pr\u00e9sidente en charge de l\u2019am\u00e9nagement du territoire, Anne-Florence BOURAT, Vice-Pr\u00e9sidente D\u00e9l\u00e9gu\u00e9e en charge de la sant\u00e9, et Val\u00e9rie CHEBASSIER et Aline FONTAINE, conseill\u00e8res d\u00e9partementales ainsi qu\u2019Aliya KERZAZI, conseill\u00e8re d\u00e9partementale junior du coll\u00e8ge George Sand de Ch\u00e2tellerault.<\/p>\n\n\n\n<p class=\"has-luminous-vivid-orange-color has-text-color\"><strong>\u25b7 Egalit\u00e9 filles-gar\u00e7ons, parlons-en !<\/strong><\/p>\n\n\n\n<p>Le D\u00e9partement de la Vienne se mobilise chaque ann\u00e9e pour mettre en place des actions de sensibilisation et d\u2019information dans les coll\u00e8ges afin de <strong>lutter contre les discriminations et les st\u00e9r\u00e9otypes sexistes<\/strong>, et renforcer l\u2019\u00e9galit\u00e9 entre les femmes et les hommes.<\/p>\n\n\n\n<p>Cette ann\u00e9e, le CDIFF de la Vienne a pr\u00e9sent\u00e9 aux \u00e9l\u00e8ves du coll\u00e8ge George Sand une exposition-quiz : \u00ab Egalit\u00e9 filles-gar\u00e7ons, parlons-en ! \u00bb sous forme de panneaux, avec six dessins de presse originaux et 11 questions \u00e0 choix multiples qui balayent les principaux th\u00e8mes li\u00e9s \u00e0 l\u2019\u00e9galit\u00e9 filles-gar\u00e7ons : les droits des femmes \u00e0 travers l\u2019histoire, les discriminations, la parit\u00e9 et l\u2019engagement des femmes en politique, les in\u00e9galit\u00e9s dans le monde du travail, les st\u00e9r\u00e9otypes de genre et le sexisme ordinaire, le harc\u00e8lement, les violences sexuelles.<\/p>\n\n\n\n<p>Con\u00e7ue comme un parcours p\u00e9dagogique, cette exposition leur a permis de d\u00e9battre sur la th\u00e9matique, mais aussi de partager leurs exp\u00e9riences. Au cours des d\u00e9bats, les coll\u00e9giennes et les coll\u00e9giens ont \u00e9t\u00e9 invit\u00e9s \u00e0 r\u00e9fl\u00e9chir aux moyens de tendre vers plus d\u2019\u00e9galit\u00e9 et \u00e0 se questionner sur toutes les dimensions des in\u00e9galit\u00e9s qui structurent la soci\u00e9t\u00e9.<\/p>\n\n\n\n<p>Des \u00e9changes constructifs et enrichissants qu\u2019ils ont poursuivis avec l\u2019ensemble des \u00e9lus et structures pr\u00e9sentes.<\/p>\n\n\n\n<p class=\"has-luminous-vivid-orange-color has-text-color\"><strong>\u25b7 Le Conseil D\u00e9partemental des Jeunes s\u2019engage en faveur de l\u2019\u00e9galit\u00e9 femmes-hommes<\/strong><\/p>\n\n\n\n<p>Au-del\u00e0 de cette journ\u00e9e symbolique, le D\u00e9partement de la Vienne souhaite sensibiliser tout au long de l\u2019ann\u00e9e les coll\u00e9giennes et coll\u00e9giens sur cette th\u00e9matique pour qu\u2019ils deviennent acteurs d\u2019une \u00e9galit\u00e9 r\u00e9elle entre les filles et les gar\u00e7ons au quotidien. Le Conseil D\u00e9partemental des Jeunes a ainsi d\u00e9but\u00e9 ses premiers travaux au sein de la commission Vivre ensemble. Les conseillers d\u00e9partementaux juniors ont fait la d\u00e9couverte de personnalit\u00e9s f\u00e9minines historiques m\u00e9connues du grand public : scientifiques, sportives, inventrices ou encore des autrices pour aborder les droits des femmes \u00e0 travers l\u2019histoire. Des animations sont organis\u00e9es pour faire comprendre la diff\u00e9rence entre sexe, genre et orientation sexuelle afin de d\u00e9construire les st\u00e9r\u00e9otypes de genre. Tous ces ateliers ludiques leur permettent d\u2019identifier et comprendre les in\u00e9galit\u00e9s entre les filles et les gar\u00e7ons dans la soci\u00e9t\u00e9 et d\u2019imaginer des solutions pour y rem\u00e9dier.<\/p>\n\n\n\n<p><\/p>\n\n\n\n<p><\/p>\n","protected":false},"excerpt":{"rendered":"<p>Dans le cadre de la journ\u00e9e internationale des droits des femmes, le D\u00e9partement de la Vienne a organis\u00e9 une action de sensibilisation sur l\u2019\u00e9galit\u00e9 filles-gar\u00e7ons au sein du coll\u00e8ge George Sand \u00e0 Ch\u00e2tellerault&#8230;<\/p>\n","protected":false},"author":1,"featured_media":4343,"comment_status":"closed","ping_status":"open","sticky":false,"template":"","format":"standard","meta":[],"categories":[1],"tags":[14,40],"_links":{"self":[{"href":"https:\/\/unionpourlavienne.fr\/Union_Vienne_2016\/wordpress\/wp-json\/wp\/v2\/posts\/4341"}],"collection":[{"href":"https:\/\/unionpourlavienne.fr\/Union_Vienne_2016\/wordpress\/wp-json\/wp\/v2\/posts"}],"about":[{"href":"https:\/\/unionpourlavienne.fr\/Union_Vienne_2016\/wordpress\/wp-json\/wp\/v2\/types\/post"}],"author":[{"embeddable":true,"href":"https:\/\/unionpourlavienne.fr\/Union_Vienne_2016\/wordpress\/wp-json\/wp\/v2\/users\/1"}],"replies":[{"embeddable":true,"href":"https:\/\/unionpourlavienne.fr\/Union_Vienne_2016\/wordpress\/wp-json\/wp\/v2\/comments?post=4341"}],"version-history":[{"count":5,"href":"https:\/\/unionpourlavienne.fr\/Union_Vienne_2016\/wordpress\/wp-json\/wp\/v2\/posts\/4341\/revisions"}],"predecessor-version":[{"id":4348,"href":"https:\/\/unionpourlavienne.fr\/Union_Vienne_2016\/wordpress\/wp-json\/wp\/v2\/posts\/4341\/revisions\/4348"}],"wp:featuredmedia":[{"embeddable":true,"href":"https:\/\/unionpourlavienne.fr\/Union_Vienne_2016\/wordpress\/wp-json\/wp\/v2\/media\/4343"}],"wp:attachment":[{"href":"https:\/\/unionpourlavienne.fr\/Union_Vienne_2016\/wordpress\/wp-json\/wp\/v2\/media?parent=4341"}],"wp:term":[{"taxonomy":"category","embeddable":true,"href":"https:\/\/unionpourlavienne.fr\/Union_Vienne_2016\/wordpress\/wp-json\/wp\/v2\/categories?post=4341"},{"taxonomy":"post_tag","embeddable":true,"href":"https:\/\/unionpourlavienne.fr\/Union_Vienne_2016\/wordpress\/wp-json\/wp\/v2\/tags?post=4341"}],"curies":[{"name":"wp","href":"https:\/\/api.w.org\/{rel}","templated":true}]}}