{"id":4456,"date":"2023-08-30T15:09:47","date_gmt":"2023-08-30T14:09:47","guid":{"rendered":"http:\/\/unionpourlavienne.fr\/Union_Vienne_2016\/wordpress\/?p=4456"},"modified":"2023-08-30T15:09:49","modified_gmt":"2023-08-30T14:09:49","slug":"don-record-pour-la-recherche-contre-le-cancer-la-29e-edition-de-sport-collection-recolte-470-000-e","status":"publish","type":"post","link":"https:\/\/unionpourlavienne.fr\/Union_Vienne_2016\/wordpress\/don-record-pour-la-recherche-contre-le-cancer-la-29e-edition-de-sport-collection-recolte-470-000-e\/","title":{"rendered":"Don record pour la recherche contre le cancer : la 29e \u00e9dition de Sport &#038; Collection r\u00e9colte 470 000 \u20ac"},"content":{"rendered":"\n<figure class=\"wp-block-image aligncenter size-full\"><img loading=\"lazy\" width=\"700\" height=\"467\" src=\"https:\/\/unionpourlavienne.fr\/Union_Vienne_2016\/wordpress\/wp-content\/uploads\/2023\/08\/2023-08-28b.jpg\" alt=\"\" class=\"wp-image-4457\" srcset=\"https:\/\/unionpourlavienne.fr\/Union_Vienne_2016\/wordpress\/wp-content\/uploads\/2023\/08\/2023-08-28b.jpg 700w, https:\/\/unionpourlavienne.fr\/Union_Vienne_2016\/wordpress\/wp-content\/uploads\/2023\/08\/2023-08-28b-300x200.jpg 300w\" sizes=\"(max-width: 700px) 100vw, 700px\" \/><\/figure>\n\n\n\n<p>La 29e \u00e9dition de Sport &amp; Collection \u00ab 500 Ferrari contre le cancer \u00bb, s\u2019est tenue du 2 au 4 juin dernier sur le circuit du Val de Vienne au Vigeant. Une fois de plus, cette \u00e9dition a \u00e9t\u00e9 un grand succ\u00e8s et a permis de r\u00e9colter un don record au profit de la recherche sur le cancer au Centre Hospitalier Universitaire de Poitiers.<\/p>\n\n\n\n<p>Alain PICHON, Pr\u00e9sident du D\u00e9partement de la Vienne et Jean-Pierre DOURY, Pr\u00e9sident de l\u2019Association Sport &amp; Collection ont remis un ch\u00e8que de 470 000 \u20ac, don de l\u2019\u00e9dition 2023 \u00ab 500 Ferrari contre le cancer \u00bb, aux canc\u00e9rologues du CHU de Poitiers, pour soutenir les projets de recherches s\u00e9lectionn\u00e9s par le Conseil Scientifique. Au total, plus de 6M\u20ac ont \u00e9t\u00e9 collect\u00e9s par l\u2019Association Sport et Collection pour le CHU de Poitiers depuis la premi\u00e8re \u00e9dition.<\/p>\n\n\n\n<p>Etaient \u00e9galement pr\u00e9sents Val\u00e9rie DAUGE, Premi\u00e8re Vice-Pr\u00e9sidente en charge des Personnes \u00e2g\u00e9es et Personnes handicap\u00e9es, Anne-Florence BOURAT, Vice-Pr\u00e9sidente d\u00e9l\u00e9gu\u00e9e en charge de la Sant\u00e9, S\u00e9verine MASSON, Directrice g\u00e9n\u00e9rale adjointe du CHU de Poitiers, William COUET, Vice-Pr\u00e9sident du directoire en charge de la recherche, Xavier LELEU, Chef du service d\u2019oncologie h\u00e9matologique et th\u00e9rapie cellulaire, Lucie KARAYAN- TAPON, Chef du laboratoire de canc\u00e9rologie biologique, Maud BRECHET, Infirmi\u00e8re en pratique avanc\u00e9e.<\/p>\n\n\n\n<p>A noter : En 2024, \u00ab 500 Ferrari contre le cancer \u00bb Sport &amp; Collection f\u00eate ses 30 ans ! Rendez-vous l\u2019ann\u00e9e prochaine pour le 30e anniversaire de la manifestation Sport &amp; Collection, \u00ab 500 Ferrari contre le Cancer \u00bb, qui se d\u00e9roulera du 31 mai au 2 juin 2024 avec des voitures exceptionnelles : Formule 1 historiques et Ferrari historiques.<\/p>\n","protected":false},"excerpt":{"rendered":"<p>Alain PICHON et Jean-Pierre DOURY ont remis un ch\u00e8que de 470 000 \u20ac, don de l\u2019\u00e9dition 2023 \u00ab 500 Ferrari contre le cancer \u00bb, aux canc\u00e9rologues du CHU de Poitiers&#8230;<\/p>\n","protected":false},"author":1,"featured_media":4458,"comment_status":"closed","ping_status":"open","sticky":false,"template":"","format":"standard","meta":[],"categories":[1],"tags":[14,15,40],"_links":{"self":[{"href":"https:\/\/unionpourlavienne.fr\/Union_Vienne_2016\/wordpress\/wp-json\/wp\/v2\/posts\/4456"}],"collection":[{"href":"https:\/\/unionpourlavienne.fr\/Union_Vienne_2016\/wordpress\/wp-json\/wp\/v2\/posts"}],"about":[{"href":"https:\/\/unionpourlavienne.fr\/Union_Vienne_2016\/wordpress\/wp-json\/wp\/v2\/types\/post"}],"author":[{"embeddable":true,"href":"https:\/\/unionpourlavienne.fr\/Union_Vienne_2016\/wordpress\/wp-json\/wp\/v2\/users\/1"}],"replies":[{"embeddable":true,"href":"https:\/\/unionpourlavienne.fr\/Union_Vienne_2016\/wordpress\/wp-json\/wp\/v2\/comments?post=4456"}],"version-history":[{"count":1,"href":"https:\/\/unionpourlavienne.fr\/Union_Vienne_2016\/wordpress\/wp-json\/wp\/v2\/posts\/4456\/revisions"}],"predecessor-version":[{"id":4459,"href":"https:\/\/unionpourlavienne.fr\/Union_Vienne_2016\/wordpress\/wp-json\/wp\/v2\/posts\/4456\/revisions\/4459"}],"wp:featuredmedia":[{"embeddable":true,"href":"https:\/\/unionpourlavienne.fr\/Union_Vienne_2016\/wordpress\/wp-json\/wp\/v2\/media\/4458"}],"wp:attachment":[{"href":"https:\/\/unionpourlavienne.fr\/Union_Vienne_2016\/wordpress\/wp-json\/wp\/v2\/media?parent=4456"}],"wp:term":[{"taxonomy":"category","embeddable":true,"href":"https:\/\/unionpourlavienne.fr\/Union_Vienne_2016\/wordpress\/wp-json\/wp\/v2\/categories?post=4456"},{"taxonomy":"post_tag","embeddable":true,"href":"https:\/\/unionpourlavienne.fr\/Union_Vienne_2016\/wordpress\/wp-json\/wp\/v2\/tags?post=4456"}],"curies":[{"name":"wp","href":"https:\/\/api.w.org\/{rel}","templated":true}]}}