{"id":4472,"date":"2023-09-05T14:16:00","date_gmt":"2023-09-05T13:16:00","guid":{"rendered":"http:\/\/unionpourlavienne.fr\/Union_Vienne_2016\/wordpress\/?p=4472"},"modified":"2023-09-07T14:23:36","modified_gmt":"2023-09-07T13:23:36","slug":"rencontres-dans-le-canton-de-loudun-2","status":"publish","type":"post","link":"https:\/\/unionpourlavienne.fr\/Union_Vienne_2016\/wordpress\/rencontres-dans-le-canton-de-loudun-2\/","title":{"rendered":"Rencontres dans le canton de Loudun"},"content":{"rendered":"\n<p><em>Alain PICHON, Pr\u00e9sident du D\u00e9partement de la Vienne, accompagn\u00e9 de Marie-Jeanne BELLAMY et Bruno <\/em><em>BELIN, Conseillers D\u00e9partementaux du Canton de Loudun, ont visit\u00e9 l\u2019EARL La Neuraye aux Trois- Moutiers, sont all\u00e9s \u00e0 la rencontre des professionnels de sant\u00e9 de la Maison de Sant\u00e9 de Loudun et se sont rendus au Village d\u2019enfants et d\u2019adolescents de Monts-sur-Guesnes.<\/em><\/p>\n\n\n\n<p class=\"has-luminous-vivid-orange-color has-text-color\"><strong>EARL La Neuraye \u2013 Les Trois-Moutiers<\/strong><\/p>\n\n\n\n<figure class=\"wp-block-image aligncenter size-full\"><img loading=\"lazy\" width=\"700\" height=\"525\" src=\"https:\/\/unionpourlavienne.fr\/Union_Vienne_2016\/wordpress\/wp-content\/uploads\/2023\/09\/l1.jpg\" alt=\"\" class=\"wp-image-4474\" srcset=\"https:\/\/unionpourlavienne.fr\/Union_Vienne_2016\/wordpress\/wp-content\/uploads\/2023\/09\/l1.jpg 700w, https:\/\/unionpourlavienne.fr\/Union_Vienne_2016\/wordpress\/wp-content\/uploads\/2023\/09\/l1-300x225.jpg 300w\" sizes=\"(max-width: 700px) 100vw, 700px\" \/><\/figure>\n\n\n\n<p><strong>Cr\u00e9\u00e9e en 1991, l\u2019EARL la Neuraye est une exploitation agricole de c\u00e9r\u00e9ales et de vignes<\/strong>. En pleine expansion, elle emploie 2 salari\u00e9s, 2 saisonniers et poss\u00e8de 18 hectares de vignes. Entre 2019 et 2021, l\u2019EARL passe en agriculture biologique, reprend l\u2019exploitation voisine et cr\u00e9\u00e9e l\u2019EARL BIORAYE, et poss\u00e8de d\u00e9sormais 80 hectares de c\u00e9r\u00e9ales en agriculture biologique.<\/p>\n\n\n\n<p>Les g\u00e9rants sont en train d\u2019am\u00e9nager d\u2019anciens b\u00e2timents pour r\u00e9aliser une salle de r\u00e9ception et une salle d\u2019accueil, et pr\u00e9voient d\u2019organiser des visites et des sessions de ventes directes aupr\u00e8s de leurs clients pour continuer leur d\u00e9veloppement.<\/p>\n\n\n\n<p class=\"has-luminous-vivid-orange-color has-text-color\"><strong>Maison de sant\u00e9 de Loudun<\/strong><\/p>\n\n\n\n<figure class=\"wp-block-image aligncenter size-full\"><img loading=\"lazy\" width=\"700\" height=\"525\" src=\"https:\/\/unionpourlavienne.fr\/Union_Vienne_2016\/wordpress\/wp-content\/uploads\/2023\/09\/l2.jpg\" alt=\"\" class=\"wp-image-4475\" srcset=\"https:\/\/unionpourlavienne.fr\/Union_Vienne_2016\/wordpress\/wp-content\/uploads\/2023\/09\/l2.jpg 700w, https:\/\/unionpourlavienne.fr\/Union_Vienne_2016\/wordpress\/wp-content\/uploads\/2023\/09\/l2-300x225.jpg 300w\" sizes=\"(max-width: 700px) 100vw, 700px\" \/><\/figure>\n\n\n\n<p><strong>Le projet de construction du b\u00e2timent de la Maison de sant\u00e9 de Loudun a \u00e9t\u00e9 fortement soutenu par le D\u00e9partement de la Vienne pour r\u00e9pondre aux besoins de sant\u00e9 du territoire, et ce, d\u00e8s 2018, avec la signature d\u2019un Contrat Local de Sant\u00e9 en avril. <\/strong>Le projet a ainsi \u00e9t\u00e9 lanc\u00e9 en 2019 apr\u00e8s la validation du projet de sant\u00e9 par l\u2019Agence R\u00e9gionale de Sant\u00e9 de la Vienne en 2018.<\/p>\n\n\n\n<p>Cette Maison de sant\u00e9 pluridisciplinaire a ouvert ses portes en juin 2023. <strong>Le D\u00e9partement de la Vienne a financ\u00e9 la construction de ce projet au titre du dispositif ACTIV 2 \u00e0 hauteur de 100 000 \u20ac pour garantir une offre de soins de proximit\u00e9 et de qualit\u00e9 aux habitants. <\/strong>Actuellement, le p\u00f4le sant\u00e9 regroupe 23 professionnels de sant\u00e9 : 6 m\u00e9decins g\u00e9n\u00e9ralistes, un dermatologue, un orthophoniste, 2 masseurs-kin\u00e9sith\u00e9rapeutes, 8 infirmiers lib\u00e9raux, 2 psychologues, 2 ost\u00e9opathes, 1 ergoth\u00e9rapeute.<\/p>\n\n\n\n<p><strong>Gr\u00e2ce aux aides \u00e0 l\u2019installation du D\u00e9partement de la Vienne, 3 professionnels de sant\u00e9 ont pu s\u2019installer avec une subvention \u00e0 hauteur de 16 000\u20ac et un nouveau m\u00e9decin int\u00e9grera la Maison de sant\u00e9 en d\u00e9cembre 2023 avec une aide d\u2019un montant de 54 400\u20ac.<\/strong><\/p>\n\n\n\n<p class=\"has-luminous-vivid-orange-color has-text-color\"><strong>Village d\u2019enfants et d\u2019adolescents de Monts-sur-Guesnes<\/strong><\/p>\n\n\n\n<figure class=\"wp-block-image aligncenter size-full\"><img loading=\"lazy\" width=\"700\" height=\"525\" src=\"https:\/\/unionpourlavienne.fr\/Union_Vienne_2016\/wordpress\/wp-content\/uploads\/2023\/09\/l3.jpg\" alt=\"\" class=\"wp-image-4476\" srcset=\"https:\/\/unionpourlavienne.fr\/Union_Vienne_2016\/wordpress\/wp-content\/uploads\/2023\/09\/l3.jpg 700w, https:\/\/unionpourlavienne.fr\/Union_Vienne_2016\/wordpress\/wp-content\/uploads\/2023\/09\/l3-300x225.jpg 300w\" sizes=\"(max-width: 700px) 100vw, 700px\" \/><\/figure>\n\n\n\n<p><strong>Le Village d\u2019enfants de Monts-sur-Guesnes est g\u00e9r\u00e9 par la Fondation Action Enfance. <\/strong>N\u00e9e en 1943 pour accueillir des orphelins de guerre, la Fondation Action Enfance compte 15 villages d\u2019enfants dans 9 d\u00e9partements, soit 1000 enfants et 850 salari\u00e9s. L\u2019accueil de fratrie est l\u2019un des grands fondamentaux du projet de la Fondation. Dans ce sens, les fratries sont rassembl\u00e9es autant que faire se peut au sein d\u2019une m\u00eame maison et cela leur permet ainsi de pouvoir continuer \u00e0 partager un m\u00eame quotidien malgr\u00e9 le placement.<\/p>\n\n\n\n<p>Habilit\u00e9 par le D\u00e9partement de la Vienne, le village de Monts-sur-Guesnes a ouvert en ao\u00fbt 2016 suite \u00e0 un appel \u00e0 projets, avec 48 places r\u00e9parties en 8 unit\u00e9s de 6 places.<\/p>\n\n\n\n<p><strong>En septembre 2021, le village obtient 8 places suppl\u00e9mentaires avec l\u2019<\/strong>ouverture d\u2019une maison des ados \u00e0 Saint-Benoit pour des adolescents scolaris\u00e9s \u00e0 Poitiers, afin de diminuer leurs trajets quotidiens.<\/p>\n\n\n\n<p><strong>Aujourd\u2019hui il peut accueillir 56 enfants \u00e2g\u00e9s de 0 \u00e0 18 ans, prioritairement des fratries, dont 37 confi\u00e9s par l\u2019Aide Sociale \u00e0 l\u2019Enfance du D\u00e9partement. <\/strong>Plus de 40 salari\u00e9s assurent le fonctionnement et la prise en charge des jeunes au sein de la structure. L\u2019accompagnement \u00e9ducatif quotidien est r\u00e9alis\u00e9 par 4 \u00e9ducateurs familiaux, travaillant en bin\u00f4me et se relayant pour assurer une prise en charge des enfants et des jeunes 24h\/24.<\/p>\n\n\n\n<p>Chaque enfant peut pratiquer une activit\u00e9 ext\u00e9rieure sportive, artistique, ou culturelle au sein des infrastructures du territoire. En fonction de son \u00e2ge, ses capacit\u00e9s et son degr\u00e9 d\u2019autonomie, il sera accompagn\u00e9 ou pourra s\u2019y rendre seul.<\/p>\n\n\n\n<p>Plusieurs projets de d\u00e9veloppement sont \u00e9galement en cours :<\/p>\n\n\n\n<ul><li>D\u00e9veloppement d\u2019actions de soutien \u00e0 la parentalit\u00e9 pour accompagner les parents via la pr\u00e9paration et la gestion des Droits de Visite et d\u2019H\u00e9bergement<\/li><li>D\u00e9veloppement d\u2019un service de Placement Educatif A Domicile (PEAD) afin de compl\u00e9ter l\u2019offre d\u2019accompagnement. Une maison a \u00e9t\u00e9 achet\u00e9e dans le village pour les besoins des \u00e9ducateurs et pourrait \u00eatre aussi utilis\u00e9e pour les bureaux du PEAD.<\/li><\/ul>\n\n\n\n<p>Le D\u00e9partement de la Vienne verse un prix de journ\u00e9e, fix\u00e9 annuellement par arr\u00eat\u00e9. <strong>Pour 2023, le prix de journ\u00e9e moyen est de 178 \u20ac soit un co\u00fbt par place de 61 028 \u20ac.<\/strong><\/p>\n\n\n\n<p><\/p>\n\n\n\n<p><\/p>\n\n\n\n<p><\/p>\n","protected":false},"excerpt":{"rendered":"<p>Alain PICHON, accompagn\u00e9 de Marie-Jeanne BELLAMY et Bruno BELIN ont visit\u00e9 l\u2019EARL La Neuraye aux Trois- Moutiers, sont all\u00e9s \u00e0 la rencontre des professionnels de sant\u00e9 de la Maison de Sant\u00e9 de Loudun et se sont rendus au Village d\u2019enfants et d\u2019adolescents de Monts-sur-Guesnes&#8230;<\/p>\n","protected":false},"author":1,"featured_media":4473,"comment_status":"closed","ping_status":"open","sticky":false,"template":"","format":"standard","meta":[],"categories":[62,59,75,58],"tags":[14,15,19,33,37],"_links":{"self":[{"href":"https:\/\/unionpourlavienne.fr\/Union_Vienne_2016\/wordpress\/wp-json\/wp\/v2\/posts\/4472"}],"collection":[{"href":"https:\/\/unionpourlavienne.fr\/Union_Vienne_2016\/wordpress\/wp-json\/wp\/v2\/posts"}],"about":[{"href":"https:\/\/unionpourlavienne.fr\/Union_Vienne_2016\/wordpress\/wp-json\/wp\/v2\/types\/post"}],"author":[{"embeddable":true,"href":"https:\/\/unionpourlavienne.fr\/Union_Vienne_2016\/wordpress\/wp-json\/wp\/v2\/users\/1"}],"replies":[{"embeddable":true,"href":"https:\/\/unionpourlavienne.fr\/Union_Vienne_2016\/wordpress\/wp-json\/wp\/v2\/comments?post=4472"}],"version-history":[{"count":1,"href":"https:\/\/unionpourlavienne.fr\/Union_Vienne_2016\/wordpress\/wp-json\/wp\/v2\/posts\/4472\/revisions"}],"predecessor-version":[{"id":4477,"href":"https:\/\/unionpourlavienne.fr\/Union_Vienne_2016\/wordpress\/wp-json\/wp\/v2\/posts\/4472\/revisions\/4477"}],"wp:featuredmedia":[{"embeddable":true,"href":"https:\/\/unionpourlavienne.fr\/Union_Vienne_2016\/wordpress\/wp-json\/wp\/v2\/media\/4473"}],"wp:attachment":[{"href":"https:\/\/unionpourlavienne.fr\/Union_Vienne_2016\/wordpress\/wp-json\/wp\/v2\/media?parent=4472"}],"wp:term":[{"taxonomy":"category","embeddable":true,"href":"https:\/\/unionpourlavienne.fr\/Union_Vienne_2016\/wordpress\/wp-json\/wp\/v2\/categories?post=4472"},{"taxonomy":"post_tag","embeddable":true,"href":"https:\/\/unionpourlavienne.fr\/Union_Vienne_2016\/wordpress\/wp-json\/wp\/v2\/tags?post=4472"}],"curies":[{"name":"wp","href":"https:\/\/api.w.org\/{rel}","templated":true}]}}