{"id":4498,"date":"2023-09-20T14:09:00","date_gmt":"2023-09-20T13:09:00","guid":{"rendered":"http:\/\/unionpourlavienne.fr\/Union_Vienne_2016\/wordpress\/?p=4498"},"modified":"2023-09-21T14:17:56","modified_gmt":"2023-09-21T13:17:56","slug":"le-groupe-soregies-renforce-son-engagement-contre-la-precarite-energetique-dans-la-vienne","status":"publish","type":"post","link":"https:\/\/unionpourlavienne.fr\/Union_Vienne_2016\/wordpress\/le-groupe-soregies-renforce-son-engagement-contre-la-precarite-energetique-dans-la-vienne\/","title":{"rendered":"Le Groupe Sor\u00e9gies renforce son engagement contre la pr\u00e9carit\u00e9 \u00e9nerg\u00e9tique dans la Vienne"},"content":{"rendered":"\n<p>Ce lundi 18 septembre, Rose-Marie Bertaud, Vice-Pr\u00e9sidente de l&rsquo;Action Sociale, de l&rsquo;Enfance et le Famille, Philippe Chartier et Jacques Deschamps, respectivement Pr\u00e9sident du directoire et Pr\u00e9sident du Conseil de surveillance du Groupe Sor\u00e9gies, ont renouvel\u00e9 leur partenariat en faveur de la lutte contre la pr\u00e9carit\u00e9 \u00e9nerg\u00e9tique.<\/p>\n\n\n\n<p><br>A compter de 2023, le Groupe Sor\u00e9gies consacrera 200 000 \u20ac par an \u00e0 l\u2019accompagnement des m\u00e9nages les plus fragiles afin de pr\u00e9server leur acc\u00e8s \u00e0 l\u2019\u00e9nergie. Un engagement au service de l\u2019int\u00e9r\u00eat g\u00e9n\u00e9ral renouvel\u00e9 depuis 16 ans et qui se traduit d\u00e9sormais par une contribution annuelle en hausse de 33%.<\/p>\n\n\n\n<iframe src=\"http:\/\/unionpourlavienne.fr\/2023-09-20\/index.html\" style=\"width:700px;height:470px;max-width:100%;overflow:hidden;border:none;padding:0;margin:0 auto;display:block;\" marginheight=\"0\" marginwidth=\"0\"><\/iframe>\n\n\n\n<p class=\"has-luminous-vivid-orange-color has-text-color\"><strong>200 000 \u20ac pour combattre la pr\u00e9carit\u00e9 \u00e9nerg\u00e9tique dans la Vienne<\/strong><\/p>\n\n\n\n<p>La pr\u00e9carit\u00e9 \u00e9nerg\u00e9tique est un sujet de pr\u00e9occupation majeur dans l\u2019Hexagone qui touchent 11,9% des Fran\u00e7ais. Au titre de ses missions de service public et de sa politique de solidarit\u00e9, le Groupe Sor\u00e9gies renouvelle et renforce son engagement aupr\u00e8s du FSL 86 dans le cadre du dispositif \u201cSolidarit\u00e9 \u00c9nergie\u201d. En 2023, ce ne sont plus 150 000 \u20ac (allou\u00e9s chaque ann\u00e9e jusqu\u2019ici) mais 200 000 \u20ac qui seront revers\u00e9s par l\u2019\u00e9nerg\u00e9ticien historique local pour soutenir les foyers en difficult\u00e9 de paiement et leur garantir un acc\u00e8s \u00e0 l\u2019\u00e9lectricit\u00e9 et au gaz.<\/p>\n\n\n\n<p>Le D\u00e9partement de la Vienne finance le Fonds de Solidarit\u00e9 Logement sur l\u2019ensemble de ses missions \u00e0 hauteur de 1 198 000\u20ac dont 515 000\u20ac pour l\u2019octroi des aides financi\u00e8res pour l\u2019acc\u00e8s et le maintien dans le logement (dont l\u2019aide aux impay\u00e9s d\u2019\u00e9nergie) et 186 000\u20ac pour ses actions de pr\u00e9vention pour la ma\u00eetrise de l\u2019\u00e9nergie.<\/p>\n","protected":false},"excerpt":{"rendered":"<p>Rose-Marie Bertaud, Philippe Chartier et Jacques Deschamps ont renouvel\u00e9 leur partenariat en faveur de la lutte contre la pr\u00e9carit\u00e9 \u00e9nerg\u00e9tique&#8230;<\/p>\n","protected":false},"author":1,"featured_media":4499,"comment_status":"closed","ping_status":"open","sticky":false,"template":"","format":"standard","meta":[],"categories":[58],"tags":[37],"_links":{"self":[{"href":"https:\/\/unionpourlavienne.fr\/Union_Vienne_2016\/wordpress\/wp-json\/wp\/v2\/posts\/4498"}],"collection":[{"href":"https:\/\/unionpourlavienne.fr\/Union_Vienne_2016\/wordpress\/wp-json\/wp\/v2\/posts"}],"about":[{"href":"https:\/\/unionpourlavienne.fr\/Union_Vienne_2016\/wordpress\/wp-json\/wp\/v2\/types\/post"}],"author":[{"embeddable":true,"href":"https:\/\/unionpourlavienne.fr\/Union_Vienne_2016\/wordpress\/wp-json\/wp\/v2\/users\/1"}],"replies":[{"embeddable":true,"href":"https:\/\/unionpourlavienne.fr\/Union_Vienne_2016\/wordpress\/wp-json\/wp\/v2\/comments?post=4498"}],"version-history":[{"count":1,"href":"https:\/\/unionpourlavienne.fr\/Union_Vienne_2016\/wordpress\/wp-json\/wp\/v2\/posts\/4498\/revisions"}],"predecessor-version":[{"id":4500,"href":"https:\/\/unionpourlavienne.fr\/Union_Vienne_2016\/wordpress\/wp-json\/wp\/v2\/posts\/4498\/revisions\/4500"}],"wp:featuredmedia":[{"embeddable":true,"href":"https:\/\/unionpourlavienne.fr\/Union_Vienne_2016\/wordpress\/wp-json\/wp\/v2\/media\/4499"}],"wp:attachment":[{"href":"https:\/\/unionpourlavienne.fr\/Union_Vienne_2016\/wordpress\/wp-json\/wp\/v2\/media?parent=4498"}],"wp:term":[{"taxonomy":"category","embeddable":true,"href":"https:\/\/unionpourlavienne.fr\/Union_Vienne_2016\/wordpress\/wp-json\/wp\/v2\/categories?post=4498"},{"taxonomy":"post_tag","embeddable":true,"href":"https:\/\/unionpourlavienne.fr\/Union_Vienne_2016\/wordpress\/wp-json\/wp\/v2\/tags?post=4498"}],"curies":[{"name":"wp","href":"https:\/\/api.w.org\/{rel}","templated":true}]}}