{"id":4517,"date":"2023-09-29T13:42:32","date_gmt":"2023-09-29T12:42:32","guid":{"rendered":"http:\/\/unionpourlavienne.fr\/Union_Vienne_2016\/wordpress\/?p=4517"},"modified":"2023-09-29T13:42:35","modified_gmt":"2023-09-29T12:42:35","slug":"vote-de-la-decision-modificative-n-2-8","status":"publish","type":"post","link":"https:\/\/unionpourlavienne.fr\/Union_Vienne_2016\/wordpress\/vote-de-la-decision-modificative-n-2-8\/","title":{"rendered":"Vote de la D\u00e9cision Modificative n\u00b0 2"},"content":{"rendered":"\n<p><em>Le vote de la D\u00e9cision Modificative N\u00b0 2 (DM2) du Conseil d\u00e9partemental s&rsquo;est d\u00e9roul\u00e9 ce vendredi 29 septembre sous la Pr\u00e9sidence d\u2019Alain PICHON et a port\u00e9 sur un ensemble de dossiers, pr\u00e9sent\u00e9s par les Vice-pr\u00e9sidents, dont la synth\u00e8se est ici pr\u00e9sent\u00e9e.<\/em><\/p>\n\n\n\n<p>Le projet de D\u00e9cision Modificative n\u00b0 2 (DM) s\u2019inscrit dans la continuit\u00e9 de la feuille de route du Budget Primitif et de la D\u00e9cision Modificative n\u00b0 1 de l\u2019ann\u00e9e 2023.<\/p>\n\n\n\n<p>Il porte sur l\u2019inscription de <strong>5,031 M\u20ac de d\u00e9penses et 2,047 M\u20ac de recettes<\/strong> nouvelles, et confirme l\u2019engagement du D\u00e9partement de la Vienne pour la mise en \u0153uvre des politiques de solidarit\u00e9s sociales et territoriales sur le territoire.<\/p>\n\n\n\n<p><strong>1\u00b0) <u>Inscriptions de cr\u00e9dits<\/u><\/strong><\/p>\n\n\n\n<p>Les principales inscriptions de cr\u00e9dits d\u00e9taill\u00e9es dans les rapports ont port\u00e9 sur les actions suivantes :<\/p>\n\n\n\n<ul><li><strong>2 162 000 \u20ac pour la mise en \u0153uvre des actions de pr\u00e9vention et protection de l\u2019enfance<\/strong><\/li><\/ul>\n\n\n\n<p>Ces actions sont compens\u00e9es partiellement par des recettes nouvelles :<\/p>\n\n\n\n<ul><li>1 102 000 \u20ac au titre de la Strat\u00e9gie nationale de pr\u00e9vention et protection de l\u2019enfance,<\/li><li>370 000 \u20ac au titre de la participation de l\u2019Etat \u00e0 la prise en charge des mineurs non accompagn\u00e9s.<\/li><li><strong>660 000 \u20ac pour am\u00e9liorer le quotidien des personnes en situation de handicap<\/strong><\/li><\/ul>\n\n\n\n<p>Le montant moyen des plans d\u2019aides constat\u00e9s est sup\u00e9rieur \u00e0 celui retenu lors de la pr\u00e9paration du BP 2023 (634 \u20ac contre 600 \u20ac)<\/p>\n\n\n\n<p>A cet effet co\u00fbt, s\u2019ajoute \u00e9galement un effet \u00ab volume \u00bb avec la hausse du nombre des b\u00e9n\u00e9ficiaires, la r\u00e9glementation ayant \u00e9largi les crit\u00e8res d\u2019\u00e9ligibilit\u00e9 \u00e0 la Prestation de Compensation du Handicap (PCH) au handicap psychologique.<\/p>\n\n\n\n<ul><li><strong>363 761 \u20ac pour la mise en \u0153uvre du plan pauvret\u00e9 aupr\u00e8s des publics vuln\u00e9rables<\/strong>, compens\u00e9s par une recette \u00e9quivalente.<\/li><li><strong>1 240 000 \u20ac pour les d\u00e9penses de personnel<\/strong><\/li><li><strong>68 000 \u20ac pour les actions en faveur de l\u2019attractivit\u00e9 touristique de la Vienne<\/strong>, et notamment le d\u00e9veloppement du tourisme d\u2019affaires.<\/li><\/ul>\n\n\n\n<p>Parmi les autres inscriptions, on peut noter :<\/p>\n\n\n\n<ul><li><strong>80 000 \u20ac pour la contribution au fonds de p\u00e9r\u00e9quation DMTO <\/strong>:<\/li><\/ul>\n\n\n\n<p>Le Direction G\u00e9n\u00e9rale des Collectivit\u00e9s Locales (DGCL) a r\u00e9cemment publi\u00e9 sur son site les avis de pr\u00e9l\u00e8vements et reversements au titre du fonds de p\u00e9r\u00e9quation de DMTO.<\/p>\n\n\n\n<p>Pour l&rsquo;exercice 2023, pour la Vienne le pr\u00e9l\u00e8vement est de 4 777 202 \u20ac.<\/p>\n\n\n\n<p>Le montant de d\u00e9pense inscrite au BP2023 s&rsquo;\u00e9tablit \u00e0 4 700 000 \u20ac. Afin de permettre au D\u00e9partement de la Vienne de reverser la somme qui sera notifi\u00e9e par courrier par la Pr\u00e9fecture, il est propos\u00e9 d&rsquo;ajuster le budget primitif pour un montant \u00e9quivalent en d\u00e9penses et en recettes, \u00e0 hauteur de 80 000 \u20ac.<\/p>\n\n\n\n<ul><li><strong>Evolution des charges d\u2019\u00e9lectricit\u00e9 <\/strong>: 40 000 \u20ac<\/li><\/ul>\n\n\n\n<p><strong>2\u00b0) <u>Gestion des engagements pluriannuels<\/u><\/strong><\/p>\n\n\n\n<p>Le projet de DM2 int\u00e8gre notamment la <strong>cr\u00e9ation d\u2019une autorisation de programme de 3,9 M\u20ac en investissement, d\u00e9di\u00e9e au financement du Plan de Transition Num\u00e9rique 2023\/2025 <\/strong>approuv\u00e9 par d\u00e9lib\u00e9ration du Conseil D\u00e9partemental, en date du 9 mars 2023.<\/p>\n\n\n\n<p><strong>3\u00b0) <u>Virements de cr\u00e9dits<\/u><\/strong><\/p>\n\n\n\n<p>Le projet de DM2 int\u00e8gre \u00e9galement des virements entre chapitres budg\u00e9taires.<\/p>\n\n\n\n<p><strong>4\u00b0) <u>Financement de la D\u00e9cision Modificative du budget<\/u><\/strong><\/p>\n\n\n\n<p>Le plan de financement de cette d\u00e9cision modificative est le suivant :<\/p>\n\n\n\n<ul><li>Apr\u00e8s financement de cette DM, le solde disponible en 2023 sur le r\u00e9sultat 2022 s\u2019\u00e9tablit \u00e0 938 691,64 \u20ac en fonctionnement,<\/li><\/ul>\n\n\n\n<ul><li>En investissement, le solde disponible sur le r\u00e9sultat 2022 est maintenu \u00e0 152 014,00 \u20ac.<\/li><\/ul>\n\n\n\n<ul><li>Le solde total disponible apr\u00e8s la DM2 est de 1\u00a0090\u00a0705.64 \u20ac dont 0,5 M\u20ac RSA en pr\u00e9vision du dernier appel de fonds.<\/li><\/ul>\n\n\n\n<p>La DM2 a \u00e9t\u00e9 adopt\u00e9e \u00e0 32 voix pour (30 Groupe Majorit\u00e9 Union pour la Vienne + 2), 5 voix contre (Groupe des \u00c9lus de la Vienne en Transition) et 1 absent.<\/p>\n","protected":false},"excerpt":{"rendered":"<p>Le DM2 du Conseil d\u00e9partemental s&rsquo;est d\u00e9roul\u00e9 ce vendredi 29 septembre sous la Pr\u00e9sidence d\u2019Alain PICHON et a port\u00e9 sur un ensemble de dossiers, pr\u00e9sent\u00e9s par les Vice-pr\u00e9sidents, dont la synth\u00e8se est ici pr\u00e9sent\u00e9e&#8230;<\/p>\n","protected":false},"author":1,"featured_media":4518,"comment_status":"closed","ping_status":"open","sticky":false,"template":"","format":"standard","meta":[],"categories":[1],"tags":[14],"_links":{"self":[{"href":"https:\/\/unionpourlavienne.fr\/Union_Vienne_2016\/wordpress\/wp-json\/wp\/v2\/posts\/4517"}],"collection":[{"href":"https:\/\/unionpourlavienne.fr\/Union_Vienne_2016\/wordpress\/wp-json\/wp\/v2\/posts"}],"about":[{"href":"https:\/\/unionpourlavienne.fr\/Union_Vienne_2016\/wordpress\/wp-json\/wp\/v2\/types\/post"}],"author":[{"embeddable":true,"href":"https:\/\/unionpourlavienne.fr\/Union_Vienne_2016\/wordpress\/wp-json\/wp\/v2\/users\/1"}],"replies":[{"embeddable":true,"href":"https:\/\/unionpourlavienne.fr\/Union_Vienne_2016\/wordpress\/wp-json\/wp\/v2\/comments?post=4517"}],"version-history":[{"count":1,"href":"https:\/\/unionpourlavienne.fr\/Union_Vienne_2016\/wordpress\/wp-json\/wp\/v2\/posts\/4517\/revisions"}],"predecessor-version":[{"id":4519,"href":"https:\/\/unionpourlavienne.fr\/Union_Vienne_2016\/wordpress\/wp-json\/wp\/v2\/posts\/4517\/revisions\/4519"}],"wp:featuredmedia":[{"embeddable":true,"href":"https:\/\/unionpourlavienne.fr\/Union_Vienne_2016\/wordpress\/wp-json\/wp\/v2\/media\/4518"}],"wp:attachment":[{"href":"https:\/\/unionpourlavienne.fr\/Union_Vienne_2016\/wordpress\/wp-json\/wp\/v2\/media?parent=4517"}],"wp:term":[{"taxonomy":"category","embeddable":true,"href":"https:\/\/unionpourlavienne.fr\/Union_Vienne_2016\/wordpress\/wp-json\/wp\/v2\/categories?post=4517"},{"taxonomy":"post_tag","embeddable":true,"href":"https:\/\/unionpourlavienne.fr\/Union_Vienne_2016\/wordpress\/wp-json\/wp\/v2\/tags?post=4517"}],"curies":[{"name":"wp","href":"https:\/\/api.w.org\/{rel}","templated":true}]}}