{"id":4536,"date":"2023-11-02T10:11:00","date_gmt":"2023-11-02T09:11:00","guid":{"rendered":"http:\/\/unionpourlavienne.fr\/Union_Vienne_2016\/wordpress\/?p=4536"},"modified":"2023-12-14T10:13:08","modified_gmt":"2023-12-14T09:13:08","slug":"23e-edition-de-vigeant-jy-vais-decouverte-de-circuits-automobiles-et-sensibilisation-a-la-securite-routiere-des-jeunes-de-la-vienne","status":"publish","type":"post","link":"https:\/\/unionpourlavienne.fr\/Union_Vienne_2016\/wordpress\/23e-edition-de-vigeant-jy-vais-decouverte-de-circuits-automobiles-et-sensibilisation-a-la-securite-routiere-des-jeunes-de-la-vienne\/","title":{"rendered":"23<sup>e<\/sup> \u00e9dition de \u00abVigeant, j\u2019y vais\u00bb : d\u00e9couverte de circuits automobiles et sensibilisation \u00e0 la s\u00e9curit\u00e9 routi\u00e8re des jeunes de la Vienne"},"content":{"rendered":"\n<p>Pascale GUITTET, Vice-Pr\u00e9sidente du D\u00e9partement de la Vienne en charge de la Jeunesse, des Sports et de la Citoyennet\u00e9, Marie-Ren\u00e9e DESROSES, Vice-Pr\u00e9sidente du D\u00e9partement, Conseill\u00e8re D\u00e9partementale du canton de Lussac-Les-Ch\u00e2teaux, Val\u00e9rie CHEBASSIER, Rapporteur de la Commission Jeunesse et Citoyennet\u00e9, J\u00e9r\u00f4me NEVEUX, Rapporteur de la Commission Education et Mathieu MOREAU, Pr\u00e9sident de l\u2019Association Sportive Automobile du Vigeant ont pr\u00e9sent\u00e9 la 23<sup>e<\/sup> \u00e9dition de l\u2019op\u00e9ration \u00ab Vigeant, j\u2019y vais \u00bb, sur le circuit du Val de Vienne au Vigeant, qui a lieu les 31 octobre et 2 novembre.<\/p>\n\n\n\n<p> Dans le cadre de sa politique d&rsquo;animation sportive en direction des jeunes, le D\u00e9partement de la Vienne en partenariat avec l\u2019Association Sportive Automobile du Vigeant (A.S.A), organise depuis l\u2019an 2000, pendant les vacances scolaires de la Toussaint, des journ\u00e9es consacr\u00e9es au sport automobile pour les jeunes des Centres Socio-Culturels (C.S.C) de la Vienne. A ce jour c\u2019est pr\u00e8s de 2 300 jeunes qui ont particip\u00e9 \u00e0 cette manifestation.<\/p>\n\n\n\n<p>Les 31 octobre et 2 novembre, de 9h \u00e0 17h, pr\u00e8s de 80 jeunes de 11 \u00e0 17 ans ont pu d\u00e9couvrir les circuits automobiles et participer \u00e0 des ateliers de sensibilisation \u00e0 la s\u00e9curit\u00e9 routi\u00e8re. Un programme destin\u00e9 \u00e0 proposer des animations ludiques et p\u00e9dagogiques mais aussi \u00e0 faire de la pr\u00e9vention et de l\u2019\u00e9ducation routi\u00e8re aupr\u00e8s d\u2019un jeune public.<\/p>\n\n\n\n<h2 class=\"has-luminous-vivid-orange-color has-text-color\">Les ateliers propos\u00e9s<\/h2>\n\n\n\n<ul><li> Karting : \u00e9volution dans un v\u00e9ritable circuit situ\u00e9 \u00e0 l\u2019arri\u00e8re du parking<\/li><li> Visite des installations du circuit : explications sur le chronom\u00e9trage, l\u2019enregistrement vid\u00e9o d\u2019une voiture en action et les diff\u00e9rentes caract\u00e9ristiques d\u2019une course<\/li><li> Visite d\u2019un stand de course : conception d\u2019un v\u00e9hicule de course et relations avec les m\u00e9caniciens, montage et d\u00e9montage d\u2019une roue<\/li><li> \tS\u00e9curit\u00e9 routi\u00e8re en 3 temps : voiture test coussin \u2013 \u00e9volution avec des 2 roues &#8211; rencontres et \u00e9changes avec la CRS Motoris\u00e9e et la Gendarmerie nationale<\/li><li> Bapt\u00eame de piste et simulateur 2 roues : un bapt\u00eame du circuit du Val de Vienne est propos\u00e9 avec l&rsquo;appui de pilotes de l\u2019Association Sportive Automobile du Vigeant<\/li><\/ul>\n","protected":false},"excerpt":{"rendered":"<p>Pascale GUITTET, Marie-Ren\u00e9e DESROSES, Val\u00e9rie CHEBASSIER, J\u00e9r\u00f4me NEVEUX et Mathieu MOREAU ont pr\u00e9sent\u00e9 la 23<sup>e<\/sup> \u00e9dition de l\u2019op\u00e9ration \u00ab Vigeant, j\u2019y vais \u00bb<\/p>\n","protected":false},"author":1,"featured_media":4537,"comment_status":"closed","ping_status":"open","sticky":false,"template":"","format":"standard","meta":[],"categories":[1],"tags":[],"_links":{"self":[{"href":"https:\/\/unionpourlavienne.fr\/Union_Vienne_2016\/wordpress\/wp-json\/wp\/v2\/posts\/4536"}],"collection":[{"href":"https:\/\/unionpourlavienne.fr\/Union_Vienne_2016\/wordpress\/wp-json\/wp\/v2\/posts"}],"about":[{"href":"https:\/\/unionpourlavienne.fr\/Union_Vienne_2016\/wordpress\/wp-json\/wp\/v2\/types\/post"}],"author":[{"embeddable":true,"href":"https:\/\/unionpourlavienne.fr\/Union_Vienne_2016\/wordpress\/wp-json\/wp\/v2\/users\/1"}],"replies":[{"embeddable":true,"href":"https:\/\/unionpourlavienne.fr\/Union_Vienne_2016\/wordpress\/wp-json\/wp\/v2\/comments?post=4536"}],"version-history":[{"count":3,"href":"https:\/\/unionpourlavienne.fr\/Union_Vienne_2016\/wordpress\/wp-json\/wp\/v2\/posts\/4536\/revisions"}],"predecessor-version":[{"id":4538,"href":"https:\/\/unionpourlavienne.fr\/Union_Vienne_2016\/wordpress\/wp-json\/wp\/v2\/posts\/4536\/revisions\/4538"}],"wp:featuredmedia":[{"embeddable":true,"href":"https:\/\/unionpourlavienne.fr\/Union_Vienne_2016\/wordpress\/wp-json\/wp\/v2\/media\/4537"}],"wp:attachment":[{"href":"https:\/\/unionpourlavienne.fr\/Union_Vienne_2016\/wordpress\/wp-json\/wp\/v2\/media?parent=4536"}],"wp:term":[{"taxonomy":"category","embeddable":true,"href":"https:\/\/unionpourlavienne.fr\/Union_Vienne_2016\/wordpress\/wp-json\/wp\/v2\/categories?post=4536"},{"taxonomy":"post_tag","embeddable":true,"href":"https:\/\/unionpourlavienne.fr\/Union_Vienne_2016\/wordpress\/wp-json\/wp\/v2\/tags?post=4536"}],"curies":[{"name":"wp","href":"https:\/\/api.w.org\/{rel}","templated":true}]}}