{"id":4542,"date":"2023-10-20T10:18:00","date_gmt":"2023-10-20T09:18:00","guid":{"rendered":"http:\/\/unionpourlavienne.fr\/Union_Vienne_2016\/wordpress\/?p=4542"},"modified":"2023-12-14T10:22:06","modified_gmt":"2023-12-14T09:22:06","slug":"28e-soiree-de-remise-des-instruments-de-musique-aux-ecoles-et-societes-de-musique-de-la-vienne","status":"publish","type":"post","link":"https:\/\/unionpourlavienne.fr\/Union_Vienne_2016\/wordpress\/28e-soiree-de-remise-des-instruments-de-musique-aux-ecoles-et-societes-de-musique-de-la-vienne\/","title":{"rendered":"28<sup>e<\/sup> soir\u00e9e de remise des instruments de musique aux \u00e9coles et soci\u00e9t\u00e9s de musique de la Vienne"},"content":{"rendered":"\n<p>Rose-Marie BERTAUD, Vice-Pr\u00e9sidente  du  D\u00e9partement  de  la  Vienne,  Rapporteur  de  la  Commission  Culture et \u00c9v\u00e9nementiel, Odet TRIQUET, Pr\u00e9sident du Cr\u00e9dit Agricole de la Touraine et du Poitou et Thierry CANDIDAT, Directeur G\u00e9n\u00e9ral Adjoint du Cr\u00e9dit Agricole de la Touraine et du Poitou, ont proc\u00e9d\u00e9 \u00e0 la remise des instruments de musique aux \u00e9coles et soci\u00e9t\u00e9s de musique de la Vienne, \u00e0 la salle La Quintaine, \u00e0 Chasseneuil-du-Poitou. Cette soir\u00e9e a \u00e9t\u00e9 organis\u00e9e en partenariat avec l\u2019\u00e9cole de musique municipale de Chasseneuil-du-Poitou et a \u00e9t\u00e9 pr\u00e9sent\u00e9e par la compagnie th\u00e9\u00e2trale Brasse Brouillon.<\/p>\n\n\n\n<h2 class=\"has-luminous-vivid-orange-color has-text-color\">&gt; Pourquoi cette aide ?<\/h2>\n\n\n\n<p> La remise des instruments de musique aux \u00e9coles et soci\u00e9t\u00e9s de musique de la Vienne entre dans le cadre d\u2019un partenariat engag\u00e9 en 1996 entre le D\u00e9partement de la Vienne et la Caisse r\u00e9gionale du Cr\u00e9dit Agricole de la Touraine et du Poitou.<\/p>\n\n\n\n<p> Cette aide, destin\u00e9e \u00e0 renforcer la qualit\u00e9 de la pratique musicale amateur, consiste \u00e0 soutenir financi\u00e8rement les soci\u00e9t\u00e9s et \u00e9coles de musique afin de renouveler leur parc instrumental. Le D\u00e9partement de la Vienne et le Cr\u00e9dit Agricole accordent une subvention de 50% du co\u00fbt de l\u2019instrument, le reste est \u00e0 la charge des structures musicales.<\/p>\n\n\n\n<h2 class=\"has-luminous-vivid-orange-color has-text-color\">&gt; Un parc instrumental enrichi<\/h2>\n\n\n\n<p> Depuis 1996, le D\u00e9partement de la Vienne et le Cr\u00e9dit Agricole ont engag\u00e9 495 018 \u20ac pour cette op\u00e9ration qui a permis l\u2019achat de 889 instruments pour un co\u00fbt total de 984 207\u20ac. Cette ann\u00e9e, 41 instruments et mat\u00e9riels de sonorisation ont \u00e9t\u00e9 remis \u00e0 19 b\u00e9n\u00e9ficiaires.<\/p>\n\n\n\n<p> Les structures b\u00e9n\u00e9ficiaires de cette aide sont localis\u00e9es sur l\u2019ensemble du territoire d\u00e9partemental. Cette op\u00e9ration participe ainsi activement \u00e0 une dynamique de territoire pour une pratique musicale de qualit\u00e9 et diversifi\u00e9e.<br>\n<\/p>\n\n\n\n<p class=\"has-luminous-vivid-orange-color has-text-color\"><strong> Liste des instruments :<\/strong><\/p>\n\n\n\n<ul><li> <strong>Chasseneuil-du-Poitou<\/strong> &#8211; \u00c9cole de musique municipale &#8211; Un xylophone Bergerault et une basse \u00e9lec- trique Squier<\/li><li> <strong>Ch\u00e2tellerault<\/strong> &#8211; Harmonie du Pays Ch\u00e2telleraudais &#8211; Un piccolo Yamaha 62<\/li><li> <strong>Ch\u00e2tellerault<\/strong> &#8211; Musique en Sc\u00e8ne &#8211; Une console de mixage Soundcraft<\/li><li> <strong>Dang\u00e9-Saint-Romain<\/strong> &#8211; Union musciale de Dang\u00e9-Saint-Romain &#8211; Une batterie portable<\/li><li> <strong>Civray<\/strong> &#8211; Ecole de musique intercommunale La Cendille &#8211; Une guitare \u00e9lectrique Revstar et son ampli Katana<\/li><li> <strong>Civray<\/strong> &#8211; Ecole de musique du Civraisien Crescendo &#8211; Un violoncelle Lacroix &amp; associ\u00e9s et un ampli guitare Blackstar<\/li><li> <strong>La Trimouille<\/strong> &#8211; Lyre Trimouillaise &#8211; Un trombone \u00e0 coulisse en Sib\/Fa ADAMS<\/li><li> <strong>Lenclo\u00eetre<\/strong> &#8211; Conservatoire \u00e0 rayonnement intercommunal de Lenclo\u00eetre &#8211; un piano num\u00e9rique Yamaha L\u2019Isle-Jourdain &#8211; Maison des Jeunes et de la Culture Champ Libre &#8211; un piano num\u00e9rique Yamaha, une batterie \u00e9lectronique Alesis, une guitare \u00e9lectrique Yamaha et une guitare basse Cort<\/li><li> <strong>Loudun<\/strong> &#8211; \u00c9cole de musique municipale &#8211; Un ampli guitare Marschall et un violon 1\/4 Alain Pignoux Lusignan &#8211; La Lyre M\u00e9lusine &#8211; Un stand cymbale Yamaha, une caisse claire Yamaha, une peau Remo Emperor et un ampli basse Ampeg<\/li><li> <strong>Montamis\u00e9<\/strong> &#8211; Ecole de Musique de Montamis\u00e9 &#8211; Deux banquettes de piano Gewa, un ampli basse Markbass et un ensemble de cymbales et accessoires<\/li><li> <strong>Montmorillon<\/strong> &#8211; Ensemble et \u00e9cole de musique et des arts du Val de Gartempe &#8211; Un ensemble de so- norisation Elokance<\/li><li> <strong>Nouaill\u00e9-Maupertuis<\/strong> &#8211; \u00c9cole de musique intercommunale Les Vall\u00e9es du Clain &#8211; Deux xylophones 37 Stagg et un triple cello<\/li><li><strong> Saint-Benoit<\/strong> &#8211; Ecole de musique de Saint-Benoit &#8211; Une clarinette Yamaha, une trompette Yamaha et  un trombone Yamaha<\/li><li> <strong>Scorb\u00e9-Clairvaux<\/strong> &#8211; Entente musicale de Scorb\u00e9-Thur\u00e9 &#8211; Une clarinette en Sib Buffet<\/li><li> <strong>Valence-en-Poitou<\/strong> &#8211; Boite \u00e0 musique &#8211; Un ensemble complet de sonorisation<\/li><li> <strong>Vivonne<\/strong> &#8211; \u00c9cole de musique Intervalles &#8211; Un cornet \u00e0 piston SML et un trombone SML, un carillon chromatique Sonor et ses baguettes et un violoncelle 1\/2 Stendor<\/li><li> <strong>Vouneuil-sous-Biard<\/strong> &#8211; \u00c9cole de musique Symphonie EMRI &#8211; Un ensemble de materiel studio pour la MAO<\/li><\/ul>\n","protected":false},"excerpt":{"rendered":"<p>Rose-Marie BERTAUD, Odet TRIQUET et Thierry CANDIDAT ont proc\u00e9d\u00e9 \u00e0 la remise des instruments de musique aux \u00e9coles et soci\u00e9t\u00e9s de musique de la Vienne, \u00e0 la salle La Quintaine, \u00e0 Chasseneuil-du-Poitou&#8230;<\/p>\n","protected":false},"author":1,"featured_media":4543,"comment_status":"closed","ping_status":"open","sticky":false,"template":"","format":"standard","meta":[],"categories":[1],"tags":[],"_links":{"self":[{"href":"https:\/\/unionpourlavienne.fr\/Union_Vienne_2016\/wordpress\/wp-json\/wp\/v2\/posts\/4542"}],"collection":[{"href":"https:\/\/unionpourlavienne.fr\/Union_Vienne_2016\/wordpress\/wp-json\/wp\/v2\/posts"}],"about":[{"href":"https:\/\/unionpourlavienne.fr\/Union_Vienne_2016\/wordpress\/wp-json\/wp\/v2\/types\/post"}],"author":[{"embeddable":true,"href":"https:\/\/unionpourlavienne.fr\/Union_Vienne_2016\/wordpress\/wp-json\/wp\/v2\/users\/1"}],"replies":[{"embeddable":true,"href":"https:\/\/unionpourlavienne.fr\/Union_Vienne_2016\/wordpress\/wp-json\/wp\/v2\/comments?post=4542"}],"version-history":[{"count":1,"href":"https:\/\/unionpourlavienne.fr\/Union_Vienne_2016\/wordpress\/wp-json\/wp\/v2\/posts\/4542\/revisions"}],"predecessor-version":[{"id":4544,"href":"https:\/\/unionpourlavienne.fr\/Union_Vienne_2016\/wordpress\/wp-json\/wp\/v2\/posts\/4542\/revisions\/4544"}],"wp:featuredmedia":[{"embeddable":true,"href":"https:\/\/unionpourlavienne.fr\/Union_Vienne_2016\/wordpress\/wp-json\/wp\/v2\/media\/4543"}],"wp:attachment":[{"href":"https:\/\/unionpourlavienne.fr\/Union_Vienne_2016\/wordpress\/wp-json\/wp\/v2\/media?parent=4542"}],"wp:term":[{"taxonomy":"category","embeddable":true,"href":"https:\/\/unionpourlavienne.fr\/Union_Vienne_2016\/wordpress\/wp-json\/wp\/v2\/categories?post=4542"},{"taxonomy":"post_tag","embeddable":true,"href":"https:\/\/unionpourlavienne.fr\/Union_Vienne_2016\/wordpress\/wp-json\/wp\/v2\/tags?post=4542"}],"curies":[{"name":"wp","href":"https:\/\/api.w.org\/{rel}","templated":true}]}}