{"id":4554,"date":"2023-11-02T12:03:00","date_gmt":"2023-11-02T11:03:00","guid":{"rendered":"http:\/\/unionpourlavienne.fr\/Union_Vienne_2016\/wordpress\/?p=4554"},"modified":"2023-12-14T12:07:22","modified_gmt":"2023-12-14T11:07:22","slug":"autisme-et-attitudes-une-exposition-unique-et-emouvante-du-centre-pour-adulte-avec-autisme-en-poitou-caap-a-decouvrir-au-departement-de-la-vienne","status":"publish","type":"post","link":"https:\/\/unionpourlavienne.fr\/Union_Vienne_2016\/wordpress\/autisme-et-attitudes-une-exposition-unique-et-emouvante-du-centre-pour-adulte-avec-autisme-en-poitou-caap-a-decouvrir-au-departement-de-la-vienne\/","title":{"rendered":"\u00ab Autisme et attitudes \u00bb : une exposition unique et \u00e9mouvante du Centre pour Adulte avec Autisme en Poitou (CAAP) \u00e0 d\u00e9couvrir au D\u00e9partement de la Vienne"},"content":{"rendered":"\n<p>Alain PICHON, Pr\u00e9sident du D\u00e9partement de la Vienne, et Laurent PETIT, Directeur du Centre pour Adulte avec Autisme en Poitou de Vouneuil-sous-Biard, ont inaugur\u00e9, \u00e0 l\u2019H\u00f4tel du D\u00e9partement, l\u2019exposition \u00ab Autisme et Attitudes \u00bb. Cette exposition a \u00e9t\u00e9 r\u00e9alis\u00e9e avec des r\u00e9sidents du Centre pour Adulte avec Autisme en Poitou de Vouneuil-sous-Biard (CAAP) en collaboration avec les Compagnons de Camille et la photographe Morgane VIE. Elle sera visible jusqu\u2019au 8 d\u00e9cembre dans le hall d\u2019accueil de l\u2019H\u00f4tel du D\u00e9partement \u00e0 Poitiers.<\/p>\n\n\n\n<p>  L\u2019exposition met en lumi\u00e8re la beaut\u00e9 et la diversit\u00e9 des adultes vivant avec l\u2019autisme, \u00e0 travers l\u2019objectif de Morgane VIE, photographe de l\u2019\u00e9cole internationale SPEOS, class\u00e9e 5\u00e8me \u00e9cole de photo au monde.<\/p>\n\n\n\n<p>Au total, quarante clich\u00e9s captivants sont expos\u00e9s dans l\u2019H\u00f4tel du D\u00e9partement, r\u00e9alis\u00e9s sans artifices techniques pour pr\u00e9server l\u2019authenticit\u00e9 des sujets, et qui offrent un aper\u00e7u sinc\u00e8re de la vie quotidienne des adultes avec autisme. En mettant en avant leurs caract\u00e9ristiques d\u2019adultes avec autisme, l\u2019exposition explore les nuances et les beaut\u00e9s de leur existence. Chaque image raconte une histoire, offrant aux visiteurs une opportunit\u00e9 pr\u00e9cieuse de mieux comprendre et d\u2019appr\u00e9cier la richesse de l\u2019exp\u00e9rience humaine. Ce projet a \u00e9t\u00e9 rendu possible gr\u00e2ce au soutien financier du Fonds de Dotation FLORESCO. Son engagement envers l\u2019autisme et son d\u00e9sir de sensibiliser le public \u00e0 cette cause ont permis la r\u00e9alisation de ce projet exceptionnel.<\/p>\n\n\n\n<h2 class=\"has-luminous-vivid-orange-color has-text-color\"><strong> Un appel \u00e0 la sensibilisation et \u00e0 la compr\u00e9hension<\/strong><\/h2>\n\n\n\n<p> Ces photographies captent un moment de vie et font d\u00e9couvrir des parcours de vie, des histoires uniques pour apprendre \u00e0 mieux conna\u00eetre et comprendre l\u2019autisme au quotidien.<\/p>\n\n\n\n<p> Les habitants du Centre pour Adultes avec Autisme en Poitou et les Compagnons de Camille invitent le public \u00e0 visiter l\u2019exposition \u201cAutisme et Attitudes\u201d. Ils esp\u00e8rent que chaque visiteur saura appr\u00e9cier la beaut\u00e9 unique de chaque individu et porter un regard attentif et compr\u00e9hensif sur leurs diff\u00e9rences. Les regards bienveillants contribueront \u00e0 promouvoir l\u2019inclusion et \u00e0 c\u00e9l\u00e9brer la diversit\u00e9.<\/p>\n\n\n\n<h2 class=\"has-luminous-vivid-orange-color has-text-color\"><strong>Le travail de la photographe Morgane Vie<\/strong><\/h2>\n\n\n\n<p>Le travail photographique de Morgane Vie s\u2019articule autour du portrait photographique, et des questions li\u00e9es \u00e0 la repr\u00e9sentation de soi \u00e0 travers l\u2019image. Apr\u00e8s des \u00e9tudes d\u2019arts dont une ann\u00e9e en Erasmus \u00e0 Istanbul et une ann\u00e9e en double cursus \u00e0 la Cambre en photographie, Morgane a v\u00e9cu \u00e0 Istanbul puis s\u2019est install\u00e9e \u00e0 Paris o\u00f9 elle vit et travaille depuis 2013. Apr\u00e8s une exposition personnelle (\u00ab\u00a0contempler la noix de coco\u00a0\u00bb) au FRAC de Besan\u00e7on en 2016, elle expose au Festival Diep-Haven, puis dans divers projets collectifs. En 2017 elle se forme \u00e0 l\u2019\u00e9cole de photographie internationale Sp\u00e9os, et devient photographe ind\u00e9pendante.<\/p>\n\n\n\n<p>Plus d\u2019informations sur Morgane Vie [ <a href=\"http:\/\/www.morganevie.com\" data-type=\"URL\" data-id=\"www.morganevie.com\" target=\"_blank\" rel=\"noreferrer noopener\">internet<\/a> ] ou [ <a href=\"http:\/\/www.instagram.com\/viemorgane\" data-type=\"URL\" data-id=\"www.instagram.com\/viemorgane\" target=\"_blank\" rel=\"noreferrer noopener\">instagram<\/a> ]<\/p>\n\n\n\n<h3 class=\"has-luminous-vivid-orange-color has-text-color\">INFOS PRATIQUES<\/h3>\n\n\n\n<p> Exposition \u00e0 d\u00e9couvrir aux horaires d\u2019ouverture de l\u2019H\u00f4tel du D\u00e9partement, Place Aristide Briand \u00e0 Poitiers, jusqu\u2019au 8 d\u00e9cembre 2023.<\/p>\n\n\n\n<p> Du lundi au jeudi : 8h30 -12h30 \/ 13h30 -17h30 <br> Le vendredi : 8h30 -12h30 \/ 13h30 -16h30<\/p>\n","protected":false},"excerpt":{"rendered":"<p>Alain PICHON et Laurent PETIT ont inaugur\u00e9, \u00e0 l\u2019H\u00f4tel du D\u00e9partement, l\u2019exposition \u00ab Autisme et Attitudes \u00bb&#8230;<\/p>\n","protected":false},"author":1,"featured_media":4555,"comment_status":"closed","ping_status":"open","sticky":false,"template":"","format":"standard","meta":[],"categories":[1],"tags":[],"_links":{"self":[{"href":"https:\/\/unionpourlavienne.fr\/Union_Vienne_2016\/wordpress\/wp-json\/wp\/v2\/posts\/4554"}],"collection":[{"href":"https:\/\/unionpourlavienne.fr\/Union_Vienne_2016\/wordpress\/wp-json\/wp\/v2\/posts"}],"about":[{"href":"https:\/\/unionpourlavienne.fr\/Union_Vienne_2016\/wordpress\/wp-json\/wp\/v2\/types\/post"}],"author":[{"embeddable":true,"href":"https:\/\/unionpourlavienne.fr\/Union_Vienne_2016\/wordpress\/wp-json\/wp\/v2\/users\/1"}],"replies":[{"embeddable":true,"href":"https:\/\/unionpourlavienne.fr\/Union_Vienne_2016\/wordpress\/wp-json\/wp\/v2\/comments?post=4554"}],"version-history":[{"count":2,"href":"https:\/\/unionpourlavienne.fr\/Union_Vienne_2016\/wordpress\/wp-json\/wp\/v2\/posts\/4554\/revisions"}],"predecessor-version":[{"id":4557,"href":"https:\/\/unionpourlavienne.fr\/Union_Vienne_2016\/wordpress\/wp-json\/wp\/v2\/posts\/4554\/revisions\/4557"}],"wp:featuredmedia":[{"embeddable":true,"href":"https:\/\/unionpourlavienne.fr\/Union_Vienne_2016\/wordpress\/wp-json\/wp\/v2\/media\/4555"}],"wp:attachment":[{"href":"https:\/\/unionpourlavienne.fr\/Union_Vienne_2016\/wordpress\/wp-json\/wp\/v2\/media?parent=4554"}],"wp:term":[{"taxonomy":"category","embeddable":true,"href":"https:\/\/unionpourlavienne.fr\/Union_Vienne_2016\/wordpress\/wp-json\/wp\/v2\/categories?post=4554"},{"taxonomy":"post_tag","embeddable":true,"href":"https:\/\/unionpourlavienne.fr\/Union_Vienne_2016\/wordpress\/wp-json\/wp\/v2\/tags?post=4554"}],"curies":[{"name":"wp","href":"https:\/\/api.w.org\/{rel}","templated":true}]}}