{"id":4642,"date":"2024-03-29T14:16:00","date_gmt":"2024-03-29T13:16:00","guid":{"rendered":"http:\/\/unionpourlavienne.fr\/Union_Vienne_2016\/wordpress\/?p=4642"},"modified":"2024-04-04T14:28:02","modified_gmt":"2024-04-04T13:28:02","slug":"vote-du-budget-primitif-2024-bp-2024","status":"publish","type":"post","link":"https:\/\/unionpourlavienne.fr\/Union_Vienne_2016\/wordpress\/vote-du-budget-primitif-2024-bp-2024\/","title":{"rendered":"Vote du Budget Primitif 2024 (BP 2024)"},"content":{"rendered":"\n<figure class=\"wp-block-image aligncenter size-full\"><img loading=\"lazy\" width=\"700\" height=\"467\" src=\"https:\/\/unionpourlavienne.fr\/Union_Vienne_2016\/wordpress\/wp-content\/uploads\/2024\/04\/DSC_7945.jpg\" alt=\"\" class=\"wp-image-4643\" srcset=\"https:\/\/unionpourlavienne.fr\/Union_Vienne_2016\/wordpress\/wp-content\/uploads\/2024\/04\/DSC_7945.jpg 700w, https:\/\/unionpourlavienne.fr\/Union_Vienne_2016\/wordpress\/wp-content\/uploads\/2024\/04\/DSC_7945-300x200.jpg 300w\" sizes=\"(max-width: 700px) 100vw, 700px\" \/><\/figure>\n\n\n\n<p><strong>Le projet de budget primitif 2024  (BP 2024) est conforme aux orientations budg\u00e9taires (DOB) d\u00e9battues lors de la  s\u00e9ance du 8 f\u00e9vrier 2024.<\/strong><\/p>\n\n\n\n<p>Son \u00e9laboration a \u00e9t\u00e9 r\u00e9alis\u00e9e  dans un contexte incertain marqu\u00e9 par le ralentissement de la croissance et la  chute des Droits de Mutation \u00e0 Titre On\u00e9reux (DMTO), recette dynamique ces  derni\u00e8res ann\u00e9es pour le D\u00e9partement qui, par ailleurs, a perdu tout pouvoir de  taux.<\/p>\n\n\n\n<p>Les d\u00e9cisions nationales prises  successivement depuis 2022 ont \u00e9galement un impact sur le financement des  politiques d\u00e9partementales&nbsp;: plus de 22 millions d\u2019euros de d\u00e9penses  nettes nouvelles \u00e0 financer en 2024 dont le S\u00e9gur de la Sant\u00e9 puis du Social,  la loi Taquet dans le secteur de la protection de l\u2019enfance, les  revalorisations successives du RSA, la revalorisation du point d\u2019indice des  fonctionnaires et du SMIC.<\/p>\n\n\n\n<p>Dans ce contexte, ce projet de  budget est la traduction de la volont\u00e9 du D\u00e9partement de la Vienne de confirmer  sa place au c\u0153ur des politiques des solidarit\u00e9s et de poursuivre les  engagements ambitieux pris en faveur des politiques d\u00e9partementales.<\/p>\n\n\n\n<p>Le projet de budget consolid\u00e9  s\u2019\u00e9tablit ainsi \u00e0 543 millions d\u2019euros en d\u00e9penses r\u00e9elles totales dont pr\u00e8s de  106 millions d\u2019euros pour se tenir l\u2019investissement dans la Vienne.<\/p>\n\n\n\n<ol class=\"has-luminous-vivid-orange-color has-text-color\"><li><strong>Un  projet ambitieux pour les Solidarit\u00e9s<\/strong><\/li><\/ol>\n\n\n\n<p>Plus de 10 millions d\u2019euros pour  les budgets de solidarit\u00e9s consacr\u00e9es au public vuln\u00e9rable par rapport au  projet de compte administratif 2023. Ce sont ainsi <strong>plus de 68 % des d\u00e9penses<\/strong><u> <\/u>r\u00e9elles de fonctionnements qui seront consacr\u00e9s aux politiques de  l\u2019enfance, l\u2019autonomie, l\u2019insertion, l\u2019action sociale et la sant\u00e9, soit pr\u00e8s de  297 millions d\u2019euros.<\/p>\n\n\n\n<p>Le D\u00e9partement prendra ainsi  toute sa part \u00e0 la revalorisation salariale des agents du secteur m\u00e9dico-social  dans le cadre du S\u00e9gur du social, des revalorisations salariales index\u00e9es sur  le SMIC ou des mesures de l\u2019avenant 43 de la tranche de l\u2019aide \u00e0 domicile.<br>\n  Des efforts budg\u00e9taires  sup\u00e9rieurs de 5 % sont ainsi port\u00e9s sur les budgets de l\u2019autonomie, premier  budget solidaire du d\u00e9partement de la Vienne. Les actions en faveur de la  pr\u00e9vention et de la protection de l\u2019enfance b\u00e9n\u00e9ficieront \u00e9galement d\u2019une  revalorisation de plus de 4 % (+ 2,8 millions d\u2019euros par rapport au projet de  compte administratif 2023).<\/p>\n\n\n\n<p>Le D\u00e9partement confirme ses  engagements aupr\u00e8s du Service D\u00e9partemental d\u2019Incendie et de Secours (SDIS)  conform\u00e9ment \u00e0 la convention de partenariat pluriannuel 2023-2025. 14,19  millions d\u2019euros sont ainsi pr\u00e9vus au budget primitif 2024 pour le fonctionnement  et l\u2019investissement du SDIS.<\/p>\n\n\n\n<ol start=\"2\" class=\"has-luminous-vivid-orange-color has-text-color\"><li><strong>Un  budget ambitieux par son niveau d\u2019investissement sur les grandes comp\u00e9tences  d\u00e9partementales et par le soutien aux communes et EPCI<\/strong><\/li><\/ol>\n\n\n\n<p>56,7 millions d\u2019euros pour la  ma\u00eetrise d\u2019ouvrage d\u00e9partemental dont&nbsp;:<\/p>\n\n\n\n<ul><li>22,4 millions d\u2019euros pour le r\u00e9seau routier  d\u00e9partemental et la mobilit\u00e9&nbsp;;<\/li><li>23 millions d\u2019euros pour les coll\u00e8ges de la  Vienne&nbsp;: des \u00e9quipements modernis\u00e9s et des b\u00e2timents r\u00e9nov\u00e9s pour les  coll\u00e9giens pas la r\u00e9alisation de travaux avec des actions importantes sur les  volets \u00e9nerg\u00e9tiques et environnementaux&nbsp;;<\/li><li>6,7 millions d\u2019euros pour les b\u00e2timents  d\u00e9partementaux parmi lesquels le projet de la Frapierre int\u00e9grant la  construction de la Maison D\u00e9partementale des Solidarit\u00e9s (MDS) \u00e0  Poitiers&nbsp;: un site unique d\u00e9di\u00e9 \u00e0 l\u2019action sociale et au handicap sera  construit dans le quartier de Beaulieu \u00e0 Poitiers.<\/li><\/ul>\n\n\n\n<p>16,6 millions d\u2019euros pour les  subventions d\u2019investissement du type du dispositif d\u2019ACTIV\u2019 d\u00e9di\u00e9 aux communes,  groupements de communes, mais \u00e9galement \u00e0 des appels \u00e0 projets sp\u00e9cifiques  (sch\u00e9ma de l\u2019eau, patrimoine, habitat, centre bourgs).<\/p>\n\n\n\n<ol start=\"3\" class=\"has-luminous-vivid-orange-color has-text-color\"><li><strong>Un  projet ambitieux pour l\u2019avenir, la culture, le sport et l\u2019attractivit\u00e9 du  territoire<\/strong><\/li><\/ol>\n\n\n\n<ul><li>8,3 millions d\u2019euros pour assurer le  fonctionnement des coll\u00e8ges de la Vienne et poursuivre les aides \u00e0 la  restauration scolaire ;<\/li><li>5,2 millions d\u2019euros pour le d\u00e9veloppement  touristique et les infrastructures majeures de la Vienne dont le Parc du  Futuroscope et l\u2019Arena ;<\/li><li>3,2 millions d\u2019euros consacr\u00e9s aux actions en  faveur de l\u2019environnement ;<\/li><li>3 millions d\u2019euros pour faire de la Vienne un  territoire d\u2019excellence num\u00e9rique \u00e9ducatif via le d\u00e9veloppement d\u2019\u00e9quipements,  de ressources et de moyens en formation ;<\/li><li>2,7 millions d\u2019euros pour les actions faveur de  la culture, de la lecture publique et des archives d\u00e9partementales, ainsi que  la poursuite d\u2019un plan d\u2019actions transversales en faveur de la citoyennet\u00e9  aupr\u00e8s de la jeunesse ;<\/li><li>1,8 millions d\u2019euros pour promouvoir le sport et  faire rayonner en Vienne les Jeux Olympiques 2024.<\/li><\/ul>\n\n\n\n<ol start=\"4\" class=\"has-luminous-vivid-orange-color has-text-color\"><li><strong>Un  projet ambitieux pour l\u2019administration d\u00e9partementale<\/strong><\/li><\/ol>\n\n\n\n<p>le D\u00e9partement de la Vienne a  d\u00e9montr\u00e9 sa capacit\u00e9 \u00e0 ma\u00eetriser l\u2019\u00e9volution des charges de personnel et de la  migration d\u00e9partementale gr\u00e2ce \u00e0 la d\u00e9marche de rationalisation et de  mutualisation, tout en pr\u00e9servant la qualit\u00e9 du service rendu. Le projet de BP  2024 confirme cette vigilance, tout en d\u00e9ployant les moyens n\u00e9cessaires pour  accompagner avec ambition les transitions n\u00e9cessaires de l\u2019administration :<\/p>\n\n\n\n<ul><li>Transitions en mati\u00e8re de  ressources et relations humaines : 70,6 millions d\u2019euros pour le personnel  d\u00e9partemental afin d\u2019accompagner la mise en place du nouveau r\u00e9gime  indemnitaire obligatoire (RIFSEEP) et assumer les mesures de revalorisation  issue du S\u00e9gur du social et la revalorisation du point d\u2019indice, contribuant la  reconnaissance des agents et \u00e0 l\u2019attractivit\u00e9 de notre administration ;<\/li><li> Transitions num\u00e9riques : 5,4  millions d\u2019euros pour la mise en \u0153uvre des projets de modernisation et de  s\u00e9curisation des syst\u00e8mes d\u2019information ;<\/li><li> Transition \u00e9nerg\u00e9tique et  responsable avec la poursuite des actions faveur du d\u00e9veloppement d\u2019une flotte  automobile et d\u2019une administration responsable, la mise en place d\u2019un plan de  sobri\u00e9t\u00e9 \u00e9nerg\u00e9tique et la poursuite de la mise en \u0153uvre des actions du plan  SEVE et des d\u00e9marches impuls\u00e9es pour renforcer l\u2019int\u00e9gration de la pr\u00e9servation  de l\u2019environnement dans la mise en \u0153uvre de toutes les politiques  d\u00e9partementales.<\/li><\/ul>\n\n\n\n<p><strong>En termes d\u2019\u00e9quilibre g\u00e9n\u00e9ral  du budget<\/strong>, le projet de Budget Primitif 2024 permet de d\u00e9gager une \u00e9pargne  brute sup\u00e9rieure au remboursement en capital de la dette est \u00e9galement une  \u00e9pargne nette pr\u00e9visionnelle positive. L\u2019\u00e9quilibre r\u00e9glementaire est donc  respect\u00e9<\/p>\n\n\n\n<p class=\"has-black-color has-text-color\"><strong>Le Budget Primitif 2024 a \u00e9t\u00e9  adopt\u00e9 \u00e0 32 voix pour (30 Groupe Majorit\u00e9 Union pour la Vienne + 2), 4 voix  contre (Groupe des \u00c9lus de la Vienne en Transition) et 2 abstentions.<\/strong><\/p>\n","protected":false},"excerpt":{"rendered":"<p>Le projet de budget primitif 2024 est conforme aux orientations budg\u00e9taires d\u00e9battues lors de la  s\u00e9ance du 8 f\u00e9vrier &#8230;<\/p>\n","protected":false},"author":1,"featured_media":4644,"comment_status":"closed","ping_status":"open","sticky":false,"template":"","format":"standard","meta":[],"categories":[1],"tags":[],"_links":{"self":[{"href":"https:\/\/unionpourlavienne.fr\/Union_Vienne_2016\/wordpress\/wp-json\/wp\/v2\/posts\/4642"}],"collection":[{"href":"https:\/\/unionpourlavienne.fr\/Union_Vienne_2016\/wordpress\/wp-json\/wp\/v2\/posts"}],"about":[{"href":"https:\/\/unionpourlavienne.fr\/Union_Vienne_2016\/wordpress\/wp-json\/wp\/v2\/types\/post"}],"author":[{"embeddable":true,"href":"https:\/\/unionpourlavienne.fr\/Union_Vienne_2016\/wordpress\/wp-json\/wp\/v2\/users\/1"}],"replies":[{"embeddable":true,"href":"https:\/\/unionpourlavienne.fr\/Union_Vienne_2016\/wordpress\/wp-json\/wp\/v2\/comments?post=4642"}],"version-history":[{"count":1,"href":"https:\/\/unionpourlavienne.fr\/Union_Vienne_2016\/wordpress\/wp-json\/wp\/v2\/posts\/4642\/revisions"}],"predecessor-version":[{"id":4645,"href":"https:\/\/unionpourlavienne.fr\/Union_Vienne_2016\/wordpress\/wp-json\/wp\/v2\/posts\/4642\/revisions\/4645"}],"wp:featuredmedia":[{"embeddable":true,"href":"https:\/\/unionpourlavienne.fr\/Union_Vienne_2016\/wordpress\/wp-json\/wp\/v2\/media\/4644"}],"wp:attachment":[{"href":"https:\/\/unionpourlavienne.fr\/Union_Vienne_2016\/wordpress\/wp-json\/wp\/v2\/media?parent=4642"}],"wp:term":[{"taxonomy":"category","embeddable":true,"href":"https:\/\/unionpourlavienne.fr\/Union_Vienne_2016\/wordpress\/wp-json\/wp\/v2\/categories?post=4642"},{"taxonomy":"post_tag","embeddable":true,"href":"https:\/\/unionpourlavienne.fr\/Union_Vienne_2016\/wordpress\/wp-json\/wp\/v2\/tags?post=4642"}],"curies":[{"name":"wp","href":"https:\/\/api.w.org\/{rel}","templated":true}]}}