{"id":4646,"date":"2024-04-03T14:31:00","date_gmt":"2024-04-03T13:31:00","guid":{"rendered":"http:\/\/unionpourlavienne.fr\/Union_Vienne_2016\/wordpress\/?p=4646"},"modified":"2024-04-04T14:36:56","modified_gmt":"2024-04-04T13:36:56","slug":"la-caravane-des-sports-du-departement-5-etapes-pour-les-vacances-scolaires-de-printemps","status":"publish","type":"post","link":"https:\/\/unionpourlavienne.fr\/Union_Vienne_2016\/wordpress\/la-caravane-des-sports-du-departement-5-etapes-pour-les-vacances-scolaires-de-printemps\/","title":{"rendered":"La Caravane des Sports du D\u00e9partement : 5 \u00e9tapes pour les vacances scolaires de printemps"},"content":{"rendered":"\n<p>Depuis 2005,  \u00e0 l\u2019initiative du D\u00e9partement de la Vienne,  la Caravane des  Sports parcourt la Vienne pour proposer  des disciplines sportives  aux enfants \u00e0 partir de 8 ans pendant  les vacances scolaires. <strong>La Caravane des  Sports revient du 15 au 19 avril 2024 pour initier les enfants \u00e0 diff\u00e9rentes disciplines et encourager la pratique sportive  avec des ateliers gratuits de 10h30 \u00e0 12h30 et de 14h \u00e0 16h, <\/strong>encadr\u00e9s  par des professionnels. <\/p>\n\n\n\n<p> A l\u2019occasion  de cette semaine sportive, plusieurs sports seront propos\u00e9s aux enfants : <strong>badminton,  basket 3&#215;3, secourisme, sports paralympiques, escrime  et vince-pong <\/strong>(m\u00e9lange de tennis et tennis de table).<\/p>\n\n\n\n<p> Les communes de Montmorillon, Vouneuil-sous-Biard,  Civray, Saint-Gervais-les-Trois-Clochers, et Monts-sur- Guesnes accueilleront  les cinq \u00e9tapes de cette Caravane des sports des vacances de printemps :<\/p>\n\n\n\n<ul><li>Lundi 15 avril  \u2013 Montmorillon \u2013 Gymnase Jean Guillot <\/li><li>Mardi 16 avril  \u2013 Vouneuil-sous-Biard &#8211; Gymnase Colette Besson <\/li><li>Mercredi 17  avril \u2013 Civray \u2013 Site de Beaus\u00e9jour <\/li><li>Jeudi 18 avril  \u2013 Saint-Gervais-les-Trois-Clochers \u2013 Gymnase <\/li><li>Vendredi 19  avril \u2013 Monts-sur-Guesnes \u2013 Gymnase <\/li><\/ul>\n\n\n\n<p><strong>INFOS PRATIQUES<\/strong><strong> <\/strong><\/p>\n\n\n\n<p>\n  Animations pour les <strong>enfants  \u00e0 partir de 8 ans<\/strong>, de 10h30 \u00e0 12h30 et de 14h \u00e0 16h. <br>\n<strong>Inscriptions  gratuites sur place <\/strong>de 10h \u00e0 10h30 et de 13h30 \u00e0 14h <strong>Inscription des groupes obligatoire au 05 49 50 28 70<\/strong>. Effectif  limit\u00e9 \u00e0 60 jeunes par demi-journ\u00e9e. Les enfants sont sous la responsabilit\u00e9 de  leurs parents.<\/p>\n","protected":false},"excerpt":{"rendered":"<p>La Caravane des  Sports revient du 15 au 19 avril 2024&#8230;<\/p>\n","protected":false},"author":1,"featured_media":4647,"comment_status":"closed","ping_status":"open","sticky":false,"template":"","format":"standard","meta":[],"categories":[1],"tags":[],"_links":{"self":[{"href":"https:\/\/unionpourlavienne.fr\/Union_Vienne_2016\/wordpress\/wp-json\/wp\/v2\/posts\/4646"}],"collection":[{"href":"https:\/\/unionpourlavienne.fr\/Union_Vienne_2016\/wordpress\/wp-json\/wp\/v2\/posts"}],"about":[{"href":"https:\/\/unionpourlavienne.fr\/Union_Vienne_2016\/wordpress\/wp-json\/wp\/v2\/types\/post"}],"author":[{"embeddable":true,"href":"https:\/\/unionpourlavienne.fr\/Union_Vienne_2016\/wordpress\/wp-json\/wp\/v2\/users\/1"}],"replies":[{"embeddable":true,"href":"https:\/\/unionpourlavienne.fr\/Union_Vienne_2016\/wordpress\/wp-json\/wp\/v2\/comments?post=4646"}],"version-history":[{"count":1,"href":"https:\/\/unionpourlavienne.fr\/Union_Vienne_2016\/wordpress\/wp-json\/wp\/v2\/posts\/4646\/revisions"}],"predecessor-version":[{"id":4648,"href":"https:\/\/unionpourlavienne.fr\/Union_Vienne_2016\/wordpress\/wp-json\/wp\/v2\/posts\/4646\/revisions\/4648"}],"wp:featuredmedia":[{"embeddable":true,"href":"https:\/\/unionpourlavienne.fr\/Union_Vienne_2016\/wordpress\/wp-json\/wp\/v2\/media\/4647"}],"wp:attachment":[{"href":"https:\/\/unionpourlavienne.fr\/Union_Vienne_2016\/wordpress\/wp-json\/wp\/v2\/media?parent=4646"}],"wp:term":[{"taxonomy":"category","embeddable":true,"href":"https:\/\/unionpourlavienne.fr\/Union_Vienne_2016\/wordpress\/wp-json\/wp\/v2\/categories?post=4646"},{"taxonomy":"post_tag","embeddable":true,"href":"https:\/\/unionpourlavienne.fr\/Union_Vienne_2016\/wordpress\/wp-json\/wp\/v2\/tags?post=4646"}],"curies":[{"name":"wp","href":"https:\/\/api.w.org\/{rel}","templated":true}]}}