{"id":4653,"date":"2024-03-26T14:41:00","date_gmt":"2024-03-26T13:41:00","guid":{"rendered":"http:\/\/unionpourlavienne.fr\/Union_Vienne_2016\/wordpress\/?p=4653"},"modified":"2024-04-04T14:54:04","modified_gmt":"2024-04-04T13:54:04","slug":"rencontres-dans-le-canton-de-poitiers-1","status":"publish","type":"post","link":"https:\/\/unionpourlavienne.fr\/Union_Vienne_2016\/wordpress\/rencontres-dans-le-canton-de-poitiers-1\/","title":{"rendered":"Rencontres dans le canton de Poitiers-1"},"content":{"rendered":"\n<p><em>Alain PICHON, Pr\u00e9sident du D\u00e9partement de la Vienne, accompagn\u00e9 d\u2019Aline FONTAINE et d&rsquo;Anthony BROTTIER, Conseillers D\u00e9partementaux du canton de Poitiers-1, sont all\u00e9s \u00e0 la rencontre des professionnels de sant\u00e9 de la Maison de sant\u00e9 de Croutelle et des personnels de l&rsquo;EHPAD Les Jardins de Salom\u00e9 \u00e0 Fontaine-le-Comte, et ont visit\u00e9 le GAEC des Saulines \u00e0 Fontaine-le-Comte.<\/em><\/p>\n\n\n\n<h1>Maison de sant\u00e9 de Croutelle<\/h1>\n\n\n\n<figure class=\"wp-block-image aligncenter size-full\"><img loading=\"lazy\" width=\"700\" height=\"525\" src=\"https:\/\/unionpourlavienne.fr\/Union_Vienne_2016\/wordpress\/wp-content\/uploads\/2024\/04\/ms.jpg\" alt=\"\" class=\"wp-image-4655\" srcset=\"https:\/\/unionpourlavienne.fr\/Union_Vienne_2016\/wordpress\/wp-content\/uploads\/2024\/04\/ms.jpg 700w, https:\/\/unionpourlavienne.fr\/Union_Vienne_2016\/wordpress\/wp-content\/uploads\/2024\/04\/ms-300x225.jpg 300w\" sizes=\"(max-width: 700px) 100vw, 700px\" \/><\/figure>\n\n\n\n<p>En 2019, une \u00e9quipe de m\u00e9decins souhaite agrandir son cabinet et s\u2019installer avec de nouveaux praticiens mais il n\u2019existe pas de locaux suffisamment grands \u00e0 Fontaine-le-Comte pour mener \u00e0 bien ce projet.<\/p>\n\n\n\n<p><strong>Finalement, la maison de sant\u00e9 ouvre ses portes en juillet 2023 \u00e0 Croutelle avec une \u00e9quipe de professionnels de sant\u00e9 pluridisciplinaire : trois m\u00e9decins, deux infirmiers, un ost\u00e9opathe, deux orthophonistes et une psychologue, permettant de renforcer l&rsquo;offre m\u00e9dicale sur le territoire<\/strong>. Suite au d\u00e9m\u00e9nagement de plusieurs m\u00e9decins de Fontaine-le-Comte en fin d\u2019ann\u00e9e 2023, <strong>le D\u00e9partement de la Vienne a appuy\u00e9 ce projet avec l\u2019installation de jeunes m\u00e9decins \u00e0 Croutelle pour \u00e9viter une p\u00e9nurie sur le territoire. Plusieurs professionnels de sant\u00e9 ont ainsi b\u00e9n\u00e9fici\u00e9 d&rsquo;aides financi\u00e8res du D\u00e9partement pour leur installation <\/strong>: un m\u00e9decin a b\u00e9n\u00e9fici\u00e9 d\u2019une aide \u00e0 la premi\u00e8re installation sur les dispositifs de 2023 \u00e0 hauteur de 8 000\u20ac et l\u2019orthophoniste a re\u00e7u une bourse du D\u00e9partement de la Vienne. Un autre m\u00e9decin va b\u00e9n\u00e9ficier des dispositifs en 2024, soit une aide forfaitaire de 5 000\u20ac ou un pr\u00eat \u00e0 taux z\u00e9ro jusqu\u2019\u00e0 20 000\u20ac du fond initiative Vienne.<\/p>\n\n\n\n<p>Un quatri\u00e8me m\u00e9decin devrait s&rsquo;installer prochainement.<\/p>\n\n\n\n<h1>EHPAD Les Jardins de Salom\u00e9 \u00e0 Fontaine-le-Comte<\/h1>\n\n\n\n<figure class=\"wp-block-image aligncenter size-full\"><img loading=\"lazy\" width=\"700\" height=\"525\" src=\"https:\/\/unionpourlavienne.fr\/Union_Vienne_2016\/wordpress\/wp-content\/uploads\/2024\/04\/ehpad.jpg\" alt=\"\" class=\"wp-image-4656\" srcset=\"https:\/\/unionpourlavienne.fr\/Union_Vienne_2016\/wordpress\/wp-content\/uploads\/2024\/04\/ehpad.jpg 700w, https:\/\/unionpourlavienne.fr\/Union_Vienne_2016\/wordpress\/wp-content\/uploads\/2024\/04\/ehpad-300x225.jpg 300w\" sizes=\"(max-width: 700px) 100vw, 700px\" \/><\/figure>\n\n\n\n<p>La R\u00e9sidence des Jardins de Salom\u00e9 est une maison de retraite m\u00e9dicalis\u00e9e (EHPAD), et une r\u00e9sidence services qui accueille des personnes \u00e2g\u00e9es autonomes, semi-valides et d\u00e9pendantes, en appartements individuels. <strong>Au total, l&rsquo;\u00e9tablissement dispose de 80 logements.<\/strong><\/p>\n\n\n\n<p><strong>L&rsquo;EHPAD ouvert en 2018 compte 36 places dont une unit\u00e9 prot\u00e9g\u00e9e de 12 places pour les r\u00e9sidents atteints de la maladie d\u2019Alzheimer ou troubles apparent\u00e9s.<\/strong><\/p>\n\n\n\n<p>En cette ann\u00e9e olympique, <strong>l&rsquo;\u00e9tablissement a d\u00e9cid\u00e9 d&rsquo;organiser des olympiades et une sensibilisation au handisport pour les r\u00e9sidents avec la commune de Fontaine-le-Comte, <\/strong>pour participer \u00e0 la ferveur autour des Jeux Olympiques et Paralympiques de Paris 2024 et du passage de la Flamme Olympique dans la Vienne.<\/p>\n\n\n\n<p>Un Contrat Pluriannuel d\u2019Objectifs et de Moyens (CPOM) 2019-2023 a \u00e9t\u00e9 sign\u00e9 avec 3 autres \u00e9tablissements : EHPAD \u00ab\u00a0Les jardins de Camille\u00a0\u00bb, \u00ab\u00a0Les jardins de Charlotte\u00a0\u00bb et \u00ab\u00a0R\u00e9sidence d\u2019or\u00a0\u00bb pr\u00e9voyant notamment de d\u00e9velopper le partenariat avec les professionnels de sant\u00e9, d\u2019am\u00e9liorer la pr\u00e9vention et les soins buccodentaires et de d\u00e9velopper la culture d\u2019accompagnement et de prise en charge de la fin de vie.<\/p>\n\n\n\n<p><strong>32 r\u00e9sidents de l\u2019EHPAD sont b\u00e9n\u00e9ficiaires de l\u2019Allocation Personnalis\u00e9e d&rsquo;Autonomie (APA) pour l\u2019ann\u00e9e 2024 soit un budget estim\u00e9 \u00e0 111 362 \u20ac vers\u00e9 par le D\u00e9partement de la Vienne <\/strong>pour permettre aux personnes les plus d\u00e9munies d\u2019acc\u00e9der \u00e0 ce type d\u2019h\u00e9bergement en r\u00e9duisant leur reste \u00e0 charge.<\/p>\n\n\n\n<h1>GAEC des Saulines \u00e0 Fontaine-le-Comte<\/h1>\n\n\n\n<figure class=\"wp-block-image aligncenter size-full\"><img loading=\"lazy\" width=\"700\" height=\"525\" src=\"https:\/\/unionpourlavienne.fr\/Union_Vienne_2016\/wordpress\/wp-content\/uploads\/2024\/04\/gaec.jpg\" alt=\"\" class=\"wp-image-4657\" srcset=\"https:\/\/unionpourlavienne.fr\/Union_Vienne_2016\/wordpress\/wp-content\/uploads\/2024\/04\/gaec.jpg 700w, https:\/\/unionpourlavienne.fr\/Union_Vienne_2016\/wordpress\/wp-content\/uploads\/2024\/04\/gaec-300x225.jpg 300w\" sizes=\"(max-width: 700px) 100vw, 700px\" \/><\/figure>\n\n\n\n<p>Cette exploitation est issue du rapprochement de deux fermes historiques suite \u00e0 l\u2019installation d\u2019Oswaldo Rodriguez en 2018.<\/p>\n\n\n\n<p><strong>Aujourd\u2019hui, la ferme compte 2 associ\u00e9s \u00e9leveurs : Laurent Gault et Oswaldo Rodriguez, qui exploitent 217 hectares sur 2 sites sur les communes de Fontaine-le-Comte et B\u00e9ruges. Le GAEC des Saulines&nbsp; exploite&nbsp; notamment&nbsp; 45&nbsp; hectares&nbsp; sur&nbsp; l\u2019Espace&nbsp; Naturel&nbsp; Sensible&nbsp; de&nbsp; la&nbsp; Verrerie&nbsp; \u00e0 B\u00e9ruges dont le D\u00e9partement est propri\u00e9taire. <\/strong>Un Bail Rural \u00e0 Contraintes Environnementales est conclu entre le D\u00e9partement et le GAEC. Les agriculteurs ont donc des contraintes d\u2019assolement et d\u2019utilisation d\u2019intrants sur ces hectares qui restent en prairies pour \u00eatre p\u00e2tur\u00e9s ou fauch\u00e9s.<\/p>\n\n\n\n<p><strong>Ils \u00e9l\u00e8vent principalement des bovins allaitants (80 limousines). En compl\u00e9ment et pour la vente directe, les deux agriculteurs \u00e9l\u00e8vent des cochons ainsi que des volailles en plein air. <\/strong>Les animaux sont nourris avec les productions c\u00e9r\u00e9ali\u00e8res et fourrag\u00e8res de la ferme. Ils proposent leurs produits en vente directe sur plusieurs points de vente dont le march\u00e9 des Usines \u00e0 Ligug\u00e9.<\/p>\n\n\n\n<p>Apr\u00e8s la mise en place de nouveaux ateliers de diversification et de la vente directe, le GAEC souhaite aller plus loin sur la production et la commercialisation en circuits courts. <strong>L\u2019exploitation est membre du collectif de producteurs \u00ab l\u2019atelier des vall\u00e9es \u00bb, qui va mettre en place un atelier de d\u00e9coupe et de transformation de viande \u00e0 Coulombiers avec 11 producteurs du d\u00e9partement dont le lyc\u00e9e de Venours.<\/strong><\/p>\n","protected":false},"excerpt":{"rendered":"<p>Alain PICHON, accompagn\u00e9 d\u2019Aline FONTAINE et d&rsquo;Anthony BROTTIER sont all\u00e9s \u00e0 la rencontre des professionnels de sant\u00e9 de la Maison de sant\u00e9 de Croutelle et des personnels de l&rsquo;EHPAD Les Jardins de Salom\u00e9 \u00e0 Fontaine-le-Comte, et ont visit\u00e9 le GAEC des Saulines \u00e0 Fontaine-le-Comte&#8230;<\/p>\n","protected":false},"author":1,"featured_media":4654,"comment_status":"closed","ping_status":"open","sticky":false,"template":"","format":"standard","meta":[],"categories":[1],"tags":[],"_links":{"self":[{"href":"https:\/\/unionpourlavienne.fr\/Union_Vienne_2016\/wordpress\/wp-json\/wp\/v2\/posts\/4653"}],"collection":[{"href":"https:\/\/unionpourlavienne.fr\/Union_Vienne_2016\/wordpress\/wp-json\/wp\/v2\/posts"}],"about":[{"href":"https:\/\/unionpourlavienne.fr\/Union_Vienne_2016\/wordpress\/wp-json\/wp\/v2\/types\/post"}],"author":[{"embeddable":true,"href":"https:\/\/unionpourlavienne.fr\/Union_Vienne_2016\/wordpress\/wp-json\/wp\/v2\/users\/1"}],"replies":[{"embeddable":true,"href":"https:\/\/unionpourlavienne.fr\/Union_Vienne_2016\/wordpress\/wp-json\/wp\/v2\/comments?post=4653"}],"version-history":[{"count":1,"href":"https:\/\/unionpourlavienne.fr\/Union_Vienne_2016\/wordpress\/wp-json\/wp\/v2\/posts\/4653\/revisions"}],"predecessor-version":[{"id":4658,"href":"https:\/\/unionpourlavienne.fr\/Union_Vienne_2016\/wordpress\/wp-json\/wp\/v2\/posts\/4653\/revisions\/4658"}],"wp:featuredmedia":[{"embeddable":true,"href":"https:\/\/unionpourlavienne.fr\/Union_Vienne_2016\/wordpress\/wp-json\/wp\/v2\/media\/4654"}],"wp:attachment":[{"href":"https:\/\/unionpourlavienne.fr\/Union_Vienne_2016\/wordpress\/wp-json\/wp\/v2\/media?parent=4653"}],"wp:term":[{"taxonomy":"category","embeddable":true,"href":"https:\/\/unionpourlavienne.fr\/Union_Vienne_2016\/wordpress\/wp-json\/wp\/v2\/categories?post=4653"},{"taxonomy":"post_tag","embeddable":true,"href":"https:\/\/unionpourlavienne.fr\/Union_Vienne_2016\/wordpress\/wp-json\/wp\/v2\/tags?post=4653"}],"curies":[{"name":"wp","href":"https:\/\/api.w.org\/{rel}","templated":true}]}}