{"id":4660,"date":"2024-05-07T09:17:00","date_gmt":"2024-05-07T08:17:00","guid":{"rendered":"http:\/\/unionpourlavienne.fr\/Union_Vienne_2016\/wordpress\/?p=4660"},"modified":"2024-05-16T09:20:37","modified_gmt":"2024-05-16T08:20:37","slug":"clips-au-college-un-projet-artistique-des-eleves-du-college-de-valence-en-poitou-diffuse-au-theatre-auditorium-de-poitiers","status":"publish","type":"post","link":"https:\/\/unionpourlavienne.fr\/Union_Vienne_2016\/wordpress\/clips-au-college-un-projet-artistique-des-eleves-du-college-de-valence-en-poitou-diffuse-au-theatre-auditorium-de-poitiers\/","title":{"rendered":"\u00a0\u00bb Clips au coll\u00e8ge \u00a0\u00bb : un projet artistique des \u00e9l\u00e8ves du coll\u00e8ge de Valence-en-Poitou diffus\u00e9 au Th\u00e9\u00e2tre Auditorium de Poitiers"},"content":{"rendered":"\n<p>Rose-Marie BERTAUD,  Rapporteur de la Commission culture du D\u00e9partement de la Vienne, Sybil  P\u00c9CRIAUX, Conseill\u00e8re D\u00e9partementale du Canton de Lusignan, Rapha\u00eblle GIRARD,  Directrice du Th\u00e9\u00e2tre Auditorium de Poitiers, et Nathalie METTAY, Secr\u00e9taire G\u00e9n\u00e9rale du TAP, accompagn\u00e9s de Lucie  AUGEAI, chor\u00e9graphe de la compagnie  AD\u00c9QUATE et des \u00e9l\u00e8ves  du coll\u00e8ge Andr\u00e9 Brouillet de Valence-en-Poitou ont pr\u00e9sent\u00e9 le projet \u00ab Clips au Coll\u00e8ge \u00bb r\u00e9alis\u00e9 pendant l\u2019ann\u00e9e scolaire 2023-2024.<\/p>\n\n\n\n<figure class=\"wp-block-image aligncenter size-full\"><img loading=\"lazy\" width=\"389\" height=\"549\" src=\"https:\/\/unionpourlavienne.fr\/Union_Vienne_2016\/wordpress\/wp-content\/uploads\/2024\/05\/clip.jpg\" alt=\"\" class=\"wp-image-4661\" srcset=\"https:\/\/unionpourlavienne.fr\/Union_Vienne_2016\/wordpress\/wp-content\/uploads\/2024\/05\/clip.jpg 389w, https:\/\/unionpourlavienne.fr\/Union_Vienne_2016\/wordpress\/wp-content\/uploads\/2024\/05\/clip-213x300.jpg 213w\" sizes=\"(max-width: 389px) 100vw, 389px\" \/><\/figure>\n\n\n\n<p> Leurs clips vid\u00e9os r\u00e9alis\u00e9s dans le cadre de  ce projet seront pr\u00e9sent\u00e9s et diffus\u00e9s le 16 mai, \u00e0 18h30, avant le spectacle  de danse St\u00e9r\u00e9o de Philippe DECOUFL\u00c9 au TAP &#8211; Th\u00e9\u00e2tre Auditorium de Poitiers.<\/p>\n\n\n\n<p class=\"has-luminous-vivid-orange-color has-text-color\">>>> <strong>Favoriser  la rencontre des coll\u00e9giens avec  les artistes<\/strong><strong> <\/strong><\/p>\n\n\n\n<p>Dans le cadre d\u2019un projet d\u2019\u00c9ducation Artistique et Culturelle  initi\u00e9 par le D\u00e9partement de la Vienne, en partenariat avec le TAP &#8211; Th\u00e9\u00e2tre Auditorium de Poitiers et la Direction des Services  D\u00e9partementaux de l\u2019\u00c9ducation Nationale, 22 \u00e9l\u00e8ves d\u2019une classe de 4e du  coll\u00e8ge Andr\u00e9 Brouillet ont travaill\u00e9  avec la compagnie professionnelle de danse contemporaine AD\u00c9QUATE, \u00e0 la  cr\u00e9ation d\u2019une \u0153uvre pendant l\u2019ann\u00e9e scolaire 2023-2024. <\/p>\n\n\n\n<p> Ce dispositif financ\u00e9 \u00e0 hauteur de 15 000\u20ac par  le D\u00e9partement de la Vienne vise \u00e0 renforcer la pratique artistique des  coll\u00e9giens et favoriser leur acc\u00e8s \u00e0 la culture \u00e0 travers des actions de  m\u00e9diation men\u00e9es par des compagnies professionnelles.<\/p>\n\n\n\n<p>Les \u00e9l\u00e8ves ont particip\u00e9 pendant l\u2019ann\u00e9e scolaire \u00e0 des ateliers  de sensibilisation \u00e0 la danse dans son rapport aux mots et \u00e0 l\u2019image, puis ont  r\u00e9alis\u00e9 leurs propres clips sur des extraits musicaux issus de la programmation  du TAP. <\/p>\n\n\n\n<p> <strong>Ce projet int\u00e8gre une  v\u00e9ritable plong\u00e9e au c\u0153ur de l\u2019univers du spectacle vivant, \u00e0 travers des lieux \u00e0 visiter, une d\u00e9couverte des m\u00e9tiers, un  parcours de spectateurs (3 spectacles&nbsp; de  diff\u00e9rentes disciplines). Les coll\u00e9giens ont d\u00e9couvert le fonctionnement d\u2019une  sc\u00e8ne nationale et les m\u00e9tiers du spectacle vivant. <\/strong>Les  enseignants ont \u00e9galement particip\u00e9 \u00e0 une journ\u00e9e de formation sur \u00ab l\u2019art des  sons, art des mots \u00bb au Th\u00e9\u00e2tre  Auditorium de Poitiers. <\/p>\n\n\n\n<p>Les \u00e9l\u00e8ves pr\u00e9senteront au TAP  le r\u00e9sultat de leur travail et leurs clips vid\u00e9os seront diffus\u00e9s lors d\u2019une  soir\u00e9e d\u00e9di\u00e9e le jeudi 16 mai \u00e0 18h30, avant le spectacle de danse St\u00e9r\u00e9o  de Philippe DECOUFL\u00c9. <\/p>\n","protected":false},"excerpt":{"rendered":"<p>Rose-Marie BERTAUD, Sybil  P\u00c9CRIAUX, Rapha\u00eblle GIRARD et Nathalie METTAY ont pr\u00e9sent\u00e9 le projet \u00ab Clips au Coll\u00e8ge \u00bb&#8230;<\/p>\n","protected":false},"author":1,"featured_media":4662,"comment_status":"closed","ping_status":"open","sticky":false,"template":"","format":"standard","meta":[],"categories":[1],"tags":[],"_links":{"self":[{"href":"https:\/\/unionpourlavienne.fr\/Union_Vienne_2016\/wordpress\/wp-json\/wp\/v2\/posts\/4660"}],"collection":[{"href":"https:\/\/unionpourlavienne.fr\/Union_Vienne_2016\/wordpress\/wp-json\/wp\/v2\/posts"}],"about":[{"href":"https:\/\/unionpourlavienne.fr\/Union_Vienne_2016\/wordpress\/wp-json\/wp\/v2\/types\/post"}],"author":[{"embeddable":true,"href":"https:\/\/unionpourlavienne.fr\/Union_Vienne_2016\/wordpress\/wp-json\/wp\/v2\/users\/1"}],"replies":[{"embeddable":true,"href":"https:\/\/unionpourlavienne.fr\/Union_Vienne_2016\/wordpress\/wp-json\/wp\/v2\/comments?post=4660"}],"version-history":[{"count":1,"href":"https:\/\/unionpourlavienne.fr\/Union_Vienne_2016\/wordpress\/wp-json\/wp\/v2\/posts\/4660\/revisions"}],"predecessor-version":[{"id":4663,"href":"https:\/\/unionpourlavienne.fr\/Union_Vienne_2016\/wordpress\/wp-json\/wp\/v2\/posts\/4660\/revisions\/4663"}],"wp:featuredmedia":[{"embeddable":true,"href":"https:\/\/unionpourlavienne.fr\/Union_Vienne_2016\/wordpress\/wp-json\/wp\/v2\/media\/4662"}],"wp:attachment":[{"href":"https:\/\/unionpourlavienne.fr\/Union_Vienne_2016\/wordpress\/wp-json\/wp\/v2\/media?parent=4660"}],"wp:term":[{"taxonomy":"category","embeddable":true,"href":"https:\/\/unionpourlavienne.fr\/Union_Vienne_2016\/wordpress\/wp-json\/wp\/v2\/categories?post=4660"},{"taxonomy":"post_tag","embeddable":true,"href":"https:\/\/unionpourlavienne.fr\/Union_Vienne_2016\/wordpress\/wp-json\/wp\/v2\/tags?post=4660"}],"curies":[{"name":"wp","href":"https:\/\/api.w.org\/{rel}","templated":true}]}}