{"id":4668,"date":"2024-05-06T09:38:00","date_gmt":"2024-05-06T08:38:00","guid":{"rendered":"http:\/\/unionpourlavienne.fr\/Union_Vienne_2016\/wordpress\/?p=4668"},"modified":"2024-05-16T09:58:31","modified_gmt":"2024-05-16T08:58:31","slug":"les-heures-vagabondes-de-la-vienne-20-ans","status":"publish","type":"post","link":"https:\/\/unionpourlavienne.fr\/Union_Vienne_2016\/wordpress\/les-heures-vagabondes-de-la-vienne-20-ans\/","title":{"rendered":"Les Heures Vagabondes de la Vienne : 20 ans !"},"content":{"rendered":"\n<p>Cette ann\u00e9e le festival \u00ab\u00a0Les Heures Vagabondes de la  Vienne\u00a0\u00bb f\u00eate ses 20 ans ! Pour cette nouvelle \u00e9dition, 7 concerts  sont organis\u00e9s du 11 juillet  au 3 ao\u00fbt. Festival cr\u00e9\u00e9 il y a 20 ans par Alain  FOUCH\u00c9 dans l&rsquo;objectif de proposer des concerts gratuits en plein air pour diffuser la  culture en milieu rural, Les Heures Vagabondes ont v\u00e9ritablement conquis  le c\u0153ur des habitants, toujours  plus nombreux aux concerts.  Le festival est devenu un \u00e9v\u00e8nement culturel  incontournable dans la Vienne, avec une programmation toujours aussi  \u00e9clectique et inclusive ! <\/p>\n\n\n\n<p class=\"has-luminous-vivid-orange-color has-text-color\"><strong>Diffuser la culture au c\u0153ur des territoires<\/strong> <\/p>\n\n\n\n<p>Depuis 2004, le festival Les Heures Vagabondes enchante  les soir\u00e9es d\u2019\u00e9t\u00e9 dans tout le d\u00e9partement, afin de rendre accessible la  culture au plus grand nombre en favorisant le m\u00e9lange des g\u00e9n\u00e9rations.  S&rsquo;adressant \u00e0 tous les publics, le festival Les Heures Vagabondes est reconnu  pour sa diversit\u00e9 et la qualit\u00e9 de sa  programmation musicale, ainsi que son ambiance familiale et conviviale  notamment li\u00e9e aux nombreux b\u00e9n\u00e9voles. <\/p>\n\n\n\n<p class=\"has-luminous-vivid-orange-color has-text-color\"><strong>De grands noms de la sc\u00e8ne culturelle fran\u00e7aise &amp; internationale  <\/strong> <\/p>\n\n\n\n<p>Au programme : de belles  rencontres et d\u00e9couvertes ! Des artistes fran\u00e7ais et internationaux seront  pr\u00e9sents : l&rsquo;artiste suisse Stephan Eicher interpr\u00e9tera les grands classiques  de son r\u00e9pertoire en 40 ans de carri\u00e8re, l&rsquo;auteur-compositeur- interpr\u00e8te \u00e0 succ\u00e8s  Rapha\u00ebl fera d\u00e9couvrir les nouvelles m\u00e9lodies de son dernier album, et  Jean-Baptiste Guegan, sosie vocal de Johnny Hallyday, va enflammer le public  avec ses tubes rock ! Ce sera l&rsquo;occasion de (re)d\u00e9couvrir les artistes  talentueux de la derni\u00e8re saison de The Voice, le chanteur charismatique Ycare  avec son album de duos ou encore  la voix suave et envo\u00fbtante de Kimberose. Les fans  de Reggae et de jazz ne seront  pas en reste : le groupe californien l\u00e9gendaire Groundation cl\u00f4turera le festival ! <\/p>\n\n\n\n<figure class=\"wp-block-image aligncenter size-full\"><img loading=\"lazy\" width=\"673\" height=\"869\" src=\"https:\/\/unionpourlavienne.fr\/Union_Vienne_2016\/wordpress\/wp-content\/uploads\/2024\/05\/hv.jpg\" alt=\"\" class=\"wp-image-4674\" srcset=\"https:\/\/unionpourlavienne.fr\/Union_Vienne_2016\/wordpress\/wp-content\/uploads\/2024\/05\/hv.jpg 673w, https:\/\/unionpourlavienne.fr\/Union_Vienne_2016\/wordpress\/wp-content\/uploads\/2024\/05\/hv-232x300.jpg 232w\" sizes=\"(max-width: 673px) 100vw, 673px\" \/><\/figure>\n\n\n\n<p class=\"has-luminous-vivid-orange-color has-text-color\"><strong>Un festival inclusif<\/strong><\/p>\n\n\n\n<p>Cette ann\u00e9e encore le festival met  \u00e0 disposition 10 gilets immersifs pour les personnes sourdes ou malentendantes.  Ces gilets immersifs permettent de ressentir la musique gr\u00e2ce \u00e0 un syst\u00e8me de  vibrations et de profiter du spectacle. Un accueil en langue des signes est  pr\u00e9vu afin d&rsquo;accompagner les personnes en situation de handicap auditif dans  cette d\u00e9couverte musicale. Avec ce dispositif, le festival r\u00e9affirme sa volont\u00e9  de faciliter l&rsquo;acc\u00e8s de tous les publics \u00e0 la culture. <strong>Les gilets doivent \u00eatre r\u00e9serv\u00e9s sur le site : <a href=\"https:\/\/www.lavienne86.fr\/au-quotidien\/culture\/les-heures-vagabondes-2024\" target=\"_blank\" rel=\"noreferrer noopener\">lavienne86.fr<\/a><\/strong><\/p>\n\n\n\n<p>Les Heures Vagabondes sont  organis\u00e9es en partenariat avec le Groupe Sor\u00e9gies et le Syndicat mixte \u00c9nergies  Vienne, Harmonie Mutuelle, la SACEM, France&nbsp;&nbsp;  Bleu Poitou, France 3 Nouvelle-Aquitaine, la F\u00e9d\u00e9ration D\u00e9partementale  des Boulangers de la Vienne, le CHU de Poitiers, et le soutien  des communes associ\u00e9es qui s\u2019impliquent fortement avec  leurs associations locales.   <\/p>\n\n\n\n<p>Toute l&rsquo;actu et les coulisses du festival sur le site  internet lavienne86.fr et sur les r\u00e9seaux sociaux : <\/p>\n\n\n\n<figure class=\"wp-block-image\"><a href=\"https:\/\/www.facebook.com\/lesheuresvagabondes\/?locale=fr_FR\" target=\"_blank\" rel=\"noopener\"><img src=\"https:\/\/unionpourlavienne.fr\/Union_Vienne_2016\/wordpress\/wp-content\/uploads\/2024\/05\/fac.jpg\" alt=\"\"\/><\/a><\/figure>\n\n\n\n<figure class=\"wp-block-image\"><a href=\"https:\/\/twitter.com\/lhv86?lang=fr\" target=\"_blank\" rel=\"noopener\"><img src=\"https:\/\/unionpourlavienne.fr\/Union_Vienne_2016\/wordpress\/wp-content\/uploads\/2024\/05\/twi.jpg\" alt=\"\"\/><\/a><\/figure>\n\n\n\n<figure class=\"wp-block-image\"><a href=\"https:\/\/www.instagram.com\/lesheuresvagabondes\/\" target=\"_blank\" rel=\"noopener\"><img src=\"https:\/\/unionpourlavienne.fr\/Union_Vienne_2016\/wordpress\/wp-content\/uploads\/2024\/05\/insta.jpg\" alt=\"\"\/><\/a><\/figure>\n","protected":false},"excerpt":{"rendered":"<p>Pour cette nouvelle \u00e9dition, 7 concerts  sont organis\u00e9s du 11 juillet  au 3 ao\u00fbt&#8230; <\/p>\n","protected":false},"author":1,"featured_media":4675,"comment_status":"closed","ping_status":"open","sticky":false,"template":"","format":"standard","meta":[],"categories":[1],"tags":[],"_links":{"self":[{"href":"https:\/\/unionpourlavienne.fr\/Union_Vienne_2016\/wordpress\/wp-json\/wp\/v2\/posts\/4668"}],"collection":[{"href":"https:\/\/unionpourlavienne.fr\/Union_Vienne_2016\/wordpress\/wp-json\/wp\/v2\/posts"}],"about":[{"href":"https:\/\/unionpourlavienne.fr\/Union_Vienne_2016\/wordpress\/wp-json\/wp\/v2\/types\/post"}],"author":[{"embeddable":true,"href":"https:\/\/unionpourlavienne.fr\/Union_Vienne_2016\/wordpress\/wp-json\/wp\/v2\/users\/1"}],"replies":[{"embeddable":true,"href":"https:\/\/unionpourlavienne.fr\/Union_Vienne_2016\/wordpress\/wp-json\/wp\/v2\/comments?post=4668"}],"version-history":[{"count":2,"href":"https:\/\/unionpourlavienne.fr\/Union_Vienne_2016\/wordpress\/wp-json\/wp\/v2\/posts\/4668\/revisions"}],"predecessor-version":[{"id":4677,"href":"https:\/\/unionpourlavienne.fr\/Union_Vienne_2016\/wordpress\/wp-json\/wp\/v2\/posts\/4668\/revisions\/4677"}],"wp:featuredmedia":[{"embeddable":true,"href":"https:\/\/unionpourlavienne.fr\/Union_Vienne_2016\/wordpress\/wp-json\/wp\/v2\/media\/4675"}],"wp:attachment":[{"href":"https:\/\/unionpourlavienne.fr\/Union_Vienne_2016\/wordpress\/wp-json\/wp\/v2\/media?parent=4668"}],"wp:term":[{"taxonomy":"category","embeddable":true,"href":"https:\/\/unionpourlavienne.fr\/Union_Vienne_2016\/wordpress\/wp-json\/wp\/v2\/categories?post=4668"},{"taxonomy":"post_tag","embeddable":true,"href":"https:\/\/unionpourlavienne.fr\/Union_Vienne_2016\/wordpress\/wp-json\/wp\/v2\/tags?post=4668"}],"curies":[{"name":"wp","href":"https:\/\/api.w.org\/{rel}","templated":true}]}}