{"id":4722,"date":"2024-10-10T13:58:54","date_gmt":"2024-10-10T12:58:54","guid":{"rendered":"http:\/\/unionpourlavienne.fr\/Union_Vienne_2016\/wordpress\/?p=4722"},"modified":"2024-10-10T13:58:56","modified_gmt":"2024-10-10T12:58:56","slug":"34e-internationaux-feminins-de-la-vienne-du-20-au-27-octobre-2024","status":"publish","type":"post","link":"https:\/\/unionpourlavienne.fr\/Union_Vienne_2016\/wordpress\/34e-internationaux-feminins-de-la-vienne-du-20-au-27-octobre-2024\/","title":{"rendered":"34<sup>e<\/sup> Internationaux F\u00e9minins de la Vienne : du 20 au 27 octobre 2024"},"content":{"rendered":"\n<p><em>Pascale GUITTET, Vice-Pr\u00e9sidente du D\u00e9partement, en charge de la Jeunesse, des Sports et de  la Citoyennet\u00e9, Alain JOYEUX, Rapporteur de la commission Sports et  Citoyennet\u00e9, Didier PERRAUD, Pr\u00e9sident du Comit\u00e9 d\u00e9partemental de tennis, co-directeur du tournoi, Jean-Paul SAUROIS, Co-directeur du  tournoi, Alain MOREAU, Pr\u00e9sident de la Ligue de Tennis de Nouvelle-Aquitaine, Ronan  N\u00c9D\u00c9LEC, Conseiller R\u00e9gional, ont pr\u00e9sent\u00e9 la 34<sup>e<\/sup> \u00e9dition  des Internationaux F\u00e9minins de Tennis de la Vienne (I.F.V). <\/em><\/p>\n\n\n\n<p><em>Les IVF se  d\u00e9rouleront du 20 au 27 octobre \u00e0 Poitiers.<\/em><\/p>\n\n\n\n<p><em>Suite \u00e0 la refonte  du calendrier mondial  par l\u2019ITF (F\u00e9d\u00e9ration Internationale de Tennis),  les IFV sont maintenant class\u00e9s en cat\u00e9gorie W75, ce qui  en fait l\u2019un  des \u00e9v\u00e9nements sportifs f\u00e9minins les plus importants de toute la r\u00e9gion.<\/em><\/p>\n\n\n\n<iframe src=\"http:\/\/unionpourlavienne.fr\/2024-10-10\/index.html\" style=\"width:700px;height:470px;max-width:100%;overflow:hidden;border:none;padding:0;margin:0 auto;display:block;\" marginheight=\"0\" marginwidth=\"0\"><\/iframe>\n\n\n\n<p><strong>Homologu\u00e9s pour le circuit international  depuis plus de 20 ans (3 ans seulement apr\u00e8s leur cr\u00e9ation), <\/strong>les  Internationaux F\u00e9minins de la Vienne font partie du cercle de la vingtaine de  tournois de ce niveau organis\u00e9s dans le monde.<\/p>\n\n\n\n<p>Les  joueuses pr\u00e9sentes sont des habitu\u00e9es des plus grands tournois mondiaux. <strong>Le tournoi proposera cette ann\u00e9e un tableau  avec une quinzaine de joueuses class\u00e9es parmi les 250 meilleures mondiales. <\/strong>Du  c\u00f4t\u00e9 des fran\u00e7aises, \u00e0 l&rsquo;heure actuelle,  10 d\u2019entre elles  seront directement accept\u00e9es  dans le tableau final gr\u00e2ce \u00e0 leur classement.<\/p>\n\n\n\n<p>Il s\u2019agit  principalement d\u2019Oc\u00e9ane DODIN (94<sup>e<\/sup>,  et surtout 46<sup>e<\/sup> \u00e0 son  meilleur), d\u00e9j\u00e0 vainqueure des IFV en 2016 et qui poss\u00e8de  un titre sur le circuit  WTA \u00e0 Qu\u00e9bec, de L\u00e9olia JEANJEAN  (196<sup>e<\/sup>), proche du  top 100 en 2023 (102<sup>e<\/sup>)  et qui retrouve des sensations apr\u00e8s une fin d\u2019ann\u00e9e 2023 compliqu\u00e9e ou bien encore d\u2019Harmony TAN (215<sup>e<\/sup>), qui reprend le fil d\u2019une carri\u00e8re stopp\u00e9e  par une blessure au genou quelques  mois apr\u00e8s sa m\u00e9morable victoire  sur Serena WILLIAMS  en 2022 \u00e0 Wimbledon.<\/p>\n\n\n\n<p><strong>Les autres joueuses fran\u00e7aises qui tenteront de remporter cette  34<\/strong><sup>e<\/sup><strong>\u00e9dition des IFV, sont Manon  LEONARD, Margaux ROUVROY,  Alice TUBELLO, Carole  MONNET, Amandine HESSE <\/strong>(qui, apr\u00e8s avoir  donn\u00e9 naissance \u00e0 sa fille, tente de retrouver le classement qui lui avait  permis d\u2019\u00eatre s\u00e9lectionn\u00e9e en \u00e9quipe de France) <strong>et Audrey ALBIE.<\/strong><\/p>\n\n\n\n<p><strong>La 10<\/strong><strong><sup>e <\/sup><\/strong><strong>et derni\u00e8re fran\u00e7aise assur\u00e9e d\u2019une place dans le  tableau, sera Elsa JACQUEMOT, qui b\u00e9n\u00e9ficiera de la Wild Card (invitation) dont  dispose l\u2019organisation du tournoi.<\/strong>149<sup>e<\/sup> mondiale \u00e0 tout juste 21 ans, elle essaiera de confirmer son \u00e9norme potentiel, elle qui a \u00e9t\u00e9 championne du monde juniors et  vainqueure de Roland Garros juniors en 2020.<\/p>\n\n\n\n<p>Pour m\u00e9moire, les meilleures joueuses fran\u00e7aises, \u00e0 l\u2019exception d\u2019Am\u00e9lie  MAURESMO, ont particip\u00e9 aux IFV (Marion BARTOLI, Aliz\u00e9 CORNET ou encore  Caroline GARCIA).<\/p>\n\n\n\n<p>Parmi les  joueuses \u00e9trang\u00e8res, on retrouve quelques joueuses de tr\u00e8s bon niveau.<\/p>\n\n\n\n<p> Le meilleur exemple n\u2019est autre que l\u2019allemande Ana-Lena FRIEDSAM. Elle  s\u2019\u00e9tait pr\u00e9sent\u00e9e l\u2019ann\u00e9e derni\u00e8re en tant que t\u00eate de s\u00e9rie n\u00b01 du tournoi,  forte de sa pr\u00e9sence dans le Top 100 mondial.<\/p>\n\n\n\n<p> De m\u00eame, l\u2019allemande Mona BARTHEL (ancienne  23<sup>e<\/sup> mondiale), 3 titres WTA en carri\u00e8re, sera pr\u00e9sente sur les terrains du Comit\u00e9 D\u00e9partemental et essaiera de faire parler  son exp\u00e9rience pour ajouter un titre  \u00e0 son palmar\u00e8s.<\/p>\n\n\n\n<p> Enfin, \u00e0 noter la pr\u00e9sence parmi les joueuses inscrites de la russe  Vitalia DIATCHENKO, qui sera \u00e0 surveiller, car m\u00eame si son classement actuel  l\u2019obligera \u00e0 en passer par les qualifications, il ne faut pas oublier qu\u2019elle a  fait partie, pendant quelques ann\u00e9es du Top 100 mondial.<\/p>\n\n\n\n<p class=\"has-luminous-vivid-orange-color has-text-color\"><strong>PROGRAMME DES IFV 2024<\/strong><\/p>\n\n\n\n<p><strong>Dimanche 20 octobre <\/strong>: <\/p>\n\n\n\n<ul><li>1er tour des qualifications de 10 h \u00e0 19 h.<\/li><\/ul>\n\n\n\n<p> <strong>Lundi 21 octobre <\/strong>: <\/p>\n\n\n\n<ul><li>2\u00e8me tour des qualifications de 11 h \u00e0 18 h. Tirage au sort du tableau final  \u00e0 12h30<\/li><\/ul>\n\n\n\n<p> <strong>Mardi 22 octobre <\/strong>: <\/p>\n\n\n\n<ul><li>d\u00e9but du tableau final  (simple et double) de 9 h \u00e0 20 h<\/li><\/ul>\n\n\n\n<p> <strong>Mercredi 23 octobre <\/strong>: <\/p>\n\n\n\n<ul><li>1ertour simple (suite), 2\u00e8me tour simple et 2\u00e8me tour double de 9 h \u00e0 20 h<\/li><\/ul>\n\n\n\n<p> <strong>Jeudi  24 octobre <\/strong>:<\/p>\n\n\n\n<ul><li> 1\/8\u00e8me finale simple et \u00bc finale double de 9 h \u00e0 20 h <\/li><\/ul>\n\n\n\n<p><strong>Vendredi 25 octobre <\/strong>: <\/p>\n\n\n\n<ul><li>\u00bc finale simple et \u00bd finales doublede 10 h \u00e0 21 h <\/li><\/ul>\n\n\n\n<p><strong>Samedi 26 octobre <\/strong>:<\/p>\n\n\n\n<ul><li> \u00bd finales simple de 14h \u00e0 18h<\/li><\/ul>\n\n\n\n<p> <strong>Dimanche  27 octobre <\/strong>:<\/p>\n\n\n\n<ul><li> finale  simple et finale double \u00e0 partir de 13h30<\/li><\/ul>\n\n\n\n<figure class=\"wp-block-image aligncenter size-full\"><img loading=\"lazy\" width=\"623\" height=\"856\" src=\"https:\/\/unionpourlavienne.fr\/Union_Vienne_2016\/wordpress\/wp-content\/uploads\/2024\/10\/ift24.png\" alt=\"\" class=\"wp-image-4723\" srcset=\"https:\/\/unionpourlavienne.fr\/Union_Vienne_2016\/wordpress\/wp-content\/uploads\/2024\/10\/ift24.png 623w, https:\/\/unionpourlavienne.fr\/Union_Vienne_2016\/wordpress\/wp-content\/uploads\/2024\/10\/ift24-218x300.png 218w\" sizes=\"(max-width: 623px) 100vw, 623px\" \/><\/figure>\n\n\n\n<p class=\"has-luminous-vivid-orange-color has-text-color\"><strong>PROGRAMME DES ANIMATION<\/strong>S<\/p>\n\n\n\n<p><strong>&nbsp;<\/strong><strong>Lundi  21 octobre <\/strong>: <\/p>\n\n\n\n<ul><li>Tirage au sort du tableau  final \u00e0 12h30<\/li><li>Inauguration des terrains du  Centre d\u2019Entrainement D\u00e9partemental en pr\u00e9sence des \u00e9lus des collectivit\u00e9s et des Pr\u00e9sidents de clubs.<\/li><\/ul>\n\n\n\n<p><strong>Mercredi 23 octobre <\/strong>: <\/p>\n\n\n\n<ul><li>Journ\u00e9e des \u00e9coles de tennis. Le D\u00e9partement invite  les jeunes des lieux de vie et leur offre le go\u00fbter. Des animations sont  pr\u00e9vues \u00e0 destinations des jeunes.<\/li><\/ul>\n\n\n\n<p><strong>Vendredi 25 octobre <\/strong>: <\/p>\n\n\n\n<ul><li>Remise des Troph\u00e9es Citoyen  du Sport par le CDOS de la Vienne<\/li><li>Soir\u00e9e Afterwork IFV (ouverte \u00e0 tous)<\/li><\/ul>\n\n\n\n<p><strong>Samedi  26 octobre <\/strong><strong>: <\/strong><\/p>\n\n\n\n<ul><li>Finale du Challenge Orange  gar\u00e7ons (7-8 ans) entre les demi-finales <\/li><\/ul>\n\n\n\n<p><strong>Dimanche 27 octobre : <\/strong><\/p>\n\n\n\n<ul><li>Finales (simple et double)  du tournoi \/ Finale Challenge Orange Filles (7-8 ans)<\/li><\/ul>\n\n\n\n<p>Tout au long de la semaine, le  D\u00e9partement offrira des entr\u00e9es via ses r\u00e9seaux sociaux. De nombreux lots seront offerts pour le tirage  au sort des finales (pass Futuroscope, entr\u00e9es  touristiques, lots divers\u2026).<\/p>\n","protected":false},"excerpt":{"rendered":"<p>Pascale GUITTET, Alain JOYEUX, Didier PERRAUD, Jean-Paul SAUROIS, Alain MOREAU, Ronan  N\u00c9D\u00c9LEC ont pr\u00e9sent\u00e9 la 34<sup>e<\/sup> \u00e9dition  des Internationaux F\u00e9minins de Tennis de la Vienne&#8230;<\/p>\n","protected":false},"author":1,"featured_media":4724,"comment_status":"closed","ping_status":"open","sticky":false,"template":"","format":"standard","meta":[],"categories":[1],"tags":[98,35],"_links":{"self":[{"href":"https:\/\/unionpourlavienne.fr\/Union_Vienne_2016\/wordpress\/wp-json\/wp\/v2\/posts\/4722"}],"collection":[{"href":"https:\/\/unionpourlavienne.fr\/Union_Vienne_2016\/wordpress\/wp-json\/wp\/v2\/posts"}],"about":[{"href":"https:\/\/unionpourlavienne.fr\/Union_Vienne_2016\/wordpress\/wp-json\/wp\/v2\/types\/post"}],"author":[{"embeddable":true,"href":"https:\/\/unionpourlavienne.fr\/Union_Vienne_2016\/wordpress\/wp-json\/wp\/v2\/users\/1"}],"replies":[{"embeddable":true,"href":"https:\/\/unionpourlavienne.fr\/Union_Vienne_2016\/wordpress\/wp-json\/wp\/v2\/comments?post=4722"}],"version-history":[{"count":1,"href":"https:\/\/unionpourlavienne.fr\/Union_Vienne_2016\/wordpress\/wp-json\/wp\/v2\/posts\/4722\/revisions"}],"predecessor-version":[{"id":4725,"href":"https:\/\/unionpourlavienne.fr\/Union_Vienne_2016\/wordpress\/wp-json\/wp\/v2\/posts\/4722\/revisions\/4725"}],"wp:featuredmedia":[{"embeddable":true,"href":"https:\/\/unionpourlavienne.fr\/Union_Vienne_2016\/wordpress\/wp-json\/wp\/v2\/media\/4724"}],"wp:attachment":[{"href":"https:\/\/unionpourlavienne.fr\/Union_Vienne_2016\/wordpress\/wp-json\/wp\/v2\/media?parent=4722"}],"wp:term":[{"taxonomy":"category","embeddable":true,"href":"https:\/\/unionpourlavienne.fr\/Union_Vienne_2016\/wordpress\/wp-json\/wp\/v2\/categories?post=4722"},{"taxonomy":"post_tag","embeddable":true,"href":"https:\/\/unionpourlavienne.fr\/Union_Vienne_2016\/wordpress\/wp-json\/wp\/v2\/tags?post=4722"}],"curies":[{"name":"wp","href":"https:\/\/api.w.org\/{rel}","templated":true}]}}