{"id":4726,"date":"2024-10-11T08:03:30","date_gmt":"2024-10-11T07:03:30","guid":{"rendered":"http:\/\/unionpourlavienne.fr\/Union_Vienne_2016\/wordpress\/?p=4726"},"modified":"2024-10-11T08:03:32","modified_gmt":"2024-10-11T07:03:32","slug":"la-caravane-des-sports-du-departement-revient-du-21-au-25-octobre-dans-5-communes-du-departement-de-la-vienne","status":"publish","type":"post","link":"https:\/\/unionpourlavienne.fr\/Union_Vienne_2016\/wordpress\/la-caravane-des-sports-du-departement-revient-du-21-au-25-octobre-dans-5-communes-du-departement-de-la-vienne\/","title":{"rendered":"La Caravane des Sports du D\u00e9partement revient du 21 au 25 octobre dans 5 communes du d\u00e9partement de la Vienne !"},"content":{"rendered":"\n<p>Depuis 20 ans, \u00e0 l\u2019initiative du D\u00e9partement de la Vienne, la Caravane des Sports parcourt la Vienne pour proposer gratuitement aux enfants, \u00e0 partir de 8 ans, de d\u00e9couvrir et pratiquer des disciplines sportives pendant les vacances scolaires. <strong>La Caravane des Sports propose des animations pendant les vacances scolaires d\u2019automne du 21 au 25 octobre de 10h30 \u00e0 12h30 et de 14h \u00e0 16h.<\/strong><\/p>\n\n\n\n<p>A l\u2019occasion de cette semaine sportive plusieurs sports seront propos\u00e9s aux 60 enfants maximum par demi-journ\u00e9e : <strong>badminton, basket 3&#215;3, secourisme, sports paralympiques, vince-pong et escrime.<\/strong><\/p>\n\n\n\n<p>Les&nbsp;&nbsp;&nbsp; communes&nbsp;&nbsp;&nbsp; de&nbsp;&nbsp;&nbsp; Terc\u00e9,&nbsp;&nbsp;&nbsp; Jaunay-Marigny,&nbsp;&nbsp;&nbsp; Gen\u00e7ay,&nbsp;&nbsp;&nbsp; Ch\u00e2tellerault&nbsp;&nbsp;&nbsp; et&nbsp;&nbsp;&nbsp; Vivonne accueilleront les cinq \u00e9tapes de cette Caravane des sports automnale :<\/p>\n\n\n\n<ul><li>Lundi 21 octobre \u2013 <strong>Montamis\u00e9 <\/strong>\u2013 Halle des Sports<\/li><li>Mardi 22 octobre \u2013 <strong>Avanton <\/strong>&#8211; Gymnase<\/li><li>Mercredi 23 octobre \u2013 <strong>La Roche-Posay<\/strong> \u2013Gymnase<\/li><li>Jeudi 24 octobre \u2013 <strong>Iteuil<\/strong>\u2013 Gymnase, complexe sportif et socio-culturel Herv\u00e9 Manteau<\/li><li>Vendredi 25 octobre \u2013 <strong>Saint-Savin<\/strong> \u2013 Gymnase<\/li><\/ul>\n\n\n\n<p class=\"has-luminous-vivid-orange-color has-text-color\"><strong>Infos pratiques<\/strong><\/p>\n\n\n\n<p>Animations pour les <strong>enfants \u00e0 partir de 8 ans<\/strong>, de 10h30 \u00e0 12h30 et de 14h \u00e0 16h.<\/p>\n\n\n\n<p>Inscriptions gratuites sur place de 10h \u00e0 10h30 et de 13h30 \u00e0 14h<\/p>\n\n\n\n<p><strong>Inscription des groupes obligatoire au 05 49 50 28 70<\/strong>. Les enfants sont sous la responsabilit\u00e9 de leurs parents.<\/p>\n\n\n\n<figure class=\"wp-block-table\"><table class=\"has-luminous-vivid-amber-background-color has-background\"><tbody><tr><td class=\"has-text-align-center\" data-align=\"center\"><strong>20 ans de sport pour tous avec la Caravane des sports du D\u00e9partement de la Vienne<\/strong><\/td><\/tr><tr><td class=\"has-text-align-center\" data-align=\"center\"><strong>Le D\u00e9partement de la Vienne s\u2019engage au quotidien pour encourager la pratique sportive. Chaque ann\u00e9e, il soutient fortement les clubs et les comit\u00e9s sportifs d\u00e9partementaux et fait la promotion du sport sous toutes ses formes sur l\u2019ensemble du territoire. <\/strong>Il y a 20 ans, le D\u00e9partement a cr\u00e9\u00e9 la Caravane des Sports pour offrir la possibilit\u00e9 aux enfants de la Vienne de s\u2019initier \u00e0 de multiples activit\u00e9s sportives gratuitement. <strong>Faciliter l\u2019acc\u00e8s de tous \u00e0 la pratique sportive est une priorit\u00e9 pour le D\u00e9partement, et la Caravane des Sports en est le parfait symbole.<\/strong><\/td><\/tr><\/tbody><\/table><\/figure>\n","protected":false},"excerpt":{"rendered":"<p>La Caravane des Sports propose des animations pendant les vacances scolaires d\u2019automne du 21 au 25 octobre de 10h30 \u00e0 12h30 et de 14h \u00e0 16h&#8230;<\/p>\n","protected":false},"author":1,"featured_media":4727,"comment_status":"closed","ping_status":"open","sticky":false,"template":"","format":"standard","meta":[],"categories":[1],"tags":[],"_links":{"self":[{"href":"https:\/\/unionpourlavienne.fr\/Union_Vienne_2016\/wordpress\/wp-json\/wp\/v2\/posts\/4726"}],"collection":[{"href":"https:\/\/unionpourlavienne.fr\/Union_Vienne_2016\/wordpress\/wp-json\/wp\/v2\/posts"}],"about":[{"href":"https:\/\/unionpourlavienne.fr\/Union_Vienne_2016\/wordpress\/wp-json\/wp\/v2\/types\/post"}],"author":[{"embeddable":true,"href":"https:\/\/unionpourlavienne.fr\/Union_Vienne_2016\/wordpress\/wp-json\/wp\/v2\/users\/1"}],"replies":[{"embeddable":true,"href":"https:\/\/unionpourlavienne.fr\/Union_Vienne_2016\/wordpress\/wp-json\/wp\/v2\/comments?post=4726"}],"version-history":[{"count":1,"href":"https:\/\/unionpourlavienne.fr\/Union_Vienne_2016\/wordpress\/wp-json\/wp\/v2\/posts\/4726\/revisions"}],"predecessor-version":[{"id":4728,"href":"https:\/\/unionpourlavienne.fr\/Union_Vienne_2016\/wordpress\/wp-json\/wp\/v2\/posts\/4726\/revisions\/4728"}],"wp:featuredmedia":[{"embeddable":true,"href":"https:\/\/unionpourlavienne.fr\/Union_Vienne_2016\/wordpress\/wp-json\/wp\/v2\/media\/4727"}],"wp:attachment":[{"href":"https:\/\/unionpourlavienne.fr\/Union_Vienne_2016\/wordpress\/wp-json\/wp\/v2\/media?parent=4726"}],"wp:term":[{"taxonomy":"category","embeddable":true,"href":"https:\/\/unionpourlavienne.fr\/Union_Vienne_2016\/wordpress\/wp-json\/wp\/v2\/categories?post=4726"},{"taxonomy":"post_tag","embeddable":true,"href":"https:\/\/unionpourlavienne.fr\/Union_Vienne_2016\/wordpress\/wp-json\/wp\/v2\/tags?post=4726"}],"curies":[{"name":"wp","href":"https:\/\/api.w.org\/{rel}","templated":true}]}}