{"id":4733,"date":"2024-10-18T12:20:14","date_gmt":"2024-10-18T11:20:14","guid":{"rendered":"http:\/\/unionpourlavienne.fr\/Union_Vienne_2016\/wordpress\/?p=4733"},"modified":"2024-10-18T12:20:17","modified_gmt":"2024-10-18T11:20:17","slug":"contribution-au-redressement-des-finances-publiques-de-letat-le-departement-de-la-vienne-lance-un-cri-dalarme","status":"publish","type":"post","link":"https:\/\/unionpourlavienne.fr\/Union_Vienne_2016\/wordpress\/contribution-au-redressement-des-finances-publiques-de-letat-le-departement-de-la-vienne-lance-un-cri-dalarme\/","title":{"rendered":"\u00ab Contribution \u00bb au redressement des finances publiques de l\u2019Etat : le D\u00e9partement de la Vienne lance un cri d\u2019alarme"},"content":{"rendered":"\n<p><strong>Face aux menaces qui p\u00e8sent sur son budget, le D\u00e9partement de la Vienne, avec le soutien de \u00ab D\u00e9partements de France \u00bb, alerte le Gouvernement sur l\u2019ampleur de l\u2019effort demand\u00e9. En effet, le D\u00e9partement de la Vienne ne sera plus en capacit\u00e9 de faire face \u00e0 l\u2019explosion de ses d\u00e9penses \u2013 notamment de solidarit\u00e9s \u2013 impos\u00e9es par l\u2019Etat.<\/strong><\/p>\n\n\n\n<p> Consid\u00e9rant la d\u00e9gradation de la situation financi\u00e8re de la strate d\u00e9partementale et le poids des d\u00e9penses non pilotables, notamment sociales ;<\/p>\n\n\n\n<p> Consid\u00e9rant les d\u00e9penses impos\u00e9es par l\u2019Etat aux D\u00e9partements (3 milliards d\u2019euros depuis 2022, en regard des 6 milliards d\u2019euros de perte de DMTO) et pour le seul D\u00e9partement de la Vienne (23 millions d\u2019euros de d\u00e9penses impos\u00e9es par l\u2019Etat et non compens\u00e9es depuis 2022, en regard des 23 millions d\u2019euros de perte de DMTO) ;<\/p>\n\n\n\n<p> Consid\u00e9rant les efforts d\u00e9j\u00e0 r\u00e9alis\u00e9s (reste \u00e0 charge des allocations individuelles de solidarit\u00e9 (APA, PCH, RSA) de pr\u00e8s de 12 milliards d\u2019euros, efforts de gestion&#8230;) ;<\/p>\n\n\n\n<p> Consid\u00e9rant les m\u00e9canismes d\u00e9j\u00e0 mis en place tels que le fonds de p\u00e9r\u00e9quation horizontale ou les mises en r\u00e9serve ;<\/p>\n\n\n\n<p> Consid\u00e9rant pour 2025 l\u2019impact des mesures annonc\u00e9es sur les D\u00e9partements (environ 2,2 milliards d\u2019euros sur les 5 milliards annonc\u00e9s) ;<\/p>\n\n\n\n<p> Consid\u00e9rant les cons\u00e9quences pour les territoires, les Fran\u00e7ais, le monde associatif et \u00e9conomique (politiques sociales, investissements notamment routiers, coll\u00e8ges, \u00e9quilibre ville\/campagne&#8230;) ;<\/p>\n\n\n\n<p> Consid\u00e9rant les missions de solidarit\u00e9 territoriale des D\u00e9partements, une telle ponction sur les moyens financiers va irr\u00e9m\u00e9diablement impliquer \u00e0 tr\u00e8s court terme pour les communes et les intercommunalit\u00e9s une incapacit\u00e9 \u00e0 financer leurs projets d\u2019investissement et d\u2019am\u00e9nagement, particuli\u00e8rement dommageable pour le bien-\u00eatre de leurs habitants.<\/p>\n\n\n\n<p><strong>En cons\u00e9quence, le D\u00e9partement de la Vienne :<\/strong><\/p>\n\n\n\n<p>&#8211; s\u2019oppose totalement \u00e0 l\u2019\u00e9cr\u00eatement des recettes annonc\u00e9 et pr\u00e9sent\u00e9 comme un    \u00ab fonds de pr\u00e9caution \u00bb car il op\u00e8re d\u00e9j\u00e0 une redistribution des droits de mutation entre eux ; il demande \u00e0 la place une v\u00e9ritable baisse des d\u00e9penses de l\u2019\u00c9tat central ;<\/p>\n\n\n\n<p> &#8211; s\u2019oppose au gel de la TVA (qui est la compensation des imp\u00f4ts supprim\u00e9s : foncier b\u00e2ti, CVAE) ;<\/p>\n\n\n\n<p> &#8211; demande que la baisse du FCTVA ne soit pas r\u00e9troactive car les investissements \n  sollicit\u00e9s pour partie par l\u2019Etat lui-m\u00eame ont repr\u00e9sent\u00e9 des montants cons\u00e9quents \ndans nos budgets ;<\/p>\n\n\n\n<p> &#8211; demande que la hausse des taux de cotisation \u00e0 la CNRACL soit partag\u00e9e ;<\/p>\n\n\n\n<p> &#8211; refuse toute d\u00e9pense suppl\u00e9mentaire non financ\u00e9e et demande \u00e0 ce titre \n  qu\u2019aucune revalorisation des allocations individuelles de solidarit\u00e9 (RSA, APA, \nPCH) ne soit engag\u00e9e en 2025 sans compensation int\u00e9grale ;<\/p>\n\n\n\n<p> &#8211; exige une compensation int\u00e9grale de l\u2019Etat pour la mise en \u0153uvre de l\u2019extension de la prime \u00ab S\u00e9gur \u00bb ;<\/p>\n\n\n\n<p> &#8211; demande un rel\u00e8vement provisoire de 1 point du plafond des taux de DMTO afin    de recr\u00e9er des marges de man\u0153uvre ;<\/p>\n\n\n\n<p> &#8211; demande un \u00e9largissement de la TSCA pour soutenir les SDIS.<\/p>\n\n\n\n<p> Outre ces mesures d\u2019urgence, le D\u00e9partement de la Vienne demande \u00e0 nouveau que soit    engag\u00e9 un travail partenarial avec l\u2019\u00c9tat \u2013 \u00e0 l\u2019appui de simulations objectives \u2013 pour    redonner aux D\u00e9partements la capacit\u00e9 \u00e0 assurer le financement de l\u2019ensemble de leurs    comp\u00e9tences en r\u00e9tablissant un lien direct entre fiscalit\u00e9 et d\u00e9mocratie locale, corollaire  d\u2019une d\u00e9centralisation r\u00e9ussie.<\/p>\n\n\n\n<p><\/p>\n","protected":false},"excerpt":{"rendered":"<p>Voici la motion portant sur la d\u00e9gradation des finances du D\u00e9partement de la Vienne, qui a \u00e9t\u00e9 adopt\u00e9e \u00e0 l&rsquo;unanimit\u00e9 hier \u00e0 l&rsquo;occasion de la Commission Permanente&#8230;<\/p>\n","protected":false},"author":1,"featured_media":4734,"comment_status":"closed","ping_status":"open","sticky":false,"template":"","format":"standard","meta":[],"categories":[1],"tags":[14],"_links":{"self":[{"href":"https:\/\/unionpourlavienne.fr\/Union_Vienne_2016\/wordpress\/wp-json\/wp\/v2\/posts\/4733"}],"collection":[{"href":"https:\/\/unionpourlavienne.fr\/Union_Vienne_2016\/wordpress\/wp-json\/wp\/v2\/posts"}],"about":[{"href":"https:\/\/unionpourlavienne.fr\/Union_Vienne_2016\/wordpress\/wp-json\/wp\/v2\/types\/post"}],"author":[{"embeddable":true,"href":"https:\/\/unionpourlavienne.fr\/Union_Vienne_2016\/wordpress\/wp-json\/wp\/v2\/users\/1"}],"replies":[{"embeddable":true,"href":"https:\/\/unionpourlavienne.fr\/Union_Vienne_2016\/wordpress\/wp-json\/wp\/v2\/comments?post=4733"}],"version-history":[{"count":1,"href":"https:\/\/unionpourlavienne.fr\/Union_Vienne_2016\/wordpress\/wp-json\/wp\/v2\/posts\/4733\/revisions"}],"predecessor-version":[{"id":4735,"href":"https:\/\/unionpourlavienne.fr\/Union_Vienne_2016\/wordpress\/wp-json\/wp\/v2\/posts\/4733\/revisions\/4735"}],"wp:featuredmedia":[{"embeddable":true,"href":"https:\/\/unionpourlavienne.fr\/Union_Vienne_2016\/wordpress\/wp-json\/wp\/v2\/media\/4734"}],"wp:attachment":[{"href":"https:\/\/unionpourlavienne.fr\/Union_Vienne_2016\/wordpress\/wp-json\/wp\/v2\/media?parent=4733"}],"wp:term":[{"taxonomy":"category","embeddable":true,"href":"https:\/\/unionpourlavienne.fr\/Union_Vienne_2016\/wordpress\/wp-json\/wp\/v2\/categories?post=4733"},{"taxonomy":"post_tag","embeddable":true,"href":"https:\/\/unionpourlavienne.fr\/Union_Vienne_2016\/wordpress\/wp-json\/wp\/v2\/tags?post=4733"}],"curies":[{"name":"wp","href":"https:\/\/api.w.org\/{rel}","templated":true}]}}