{"id":4737,"date":"2024-11-05T14:48:00","date_gmt":"2024-11-05T13:48:00","guid":{"rendered":"http:\/\/unionpourlavienne.fr\/Union_Vienne_2016\/wordpress\/?p=4737"},"modified":"2024-11-13T14:49:57","modified_gmt":"2024-11-13T13:49:57","slug":"rencontres-dans-le-canton-de-civray-3","status":"publish","type":"post","link":"https:\/\/unionpourlavienne.fr\/Union_Vienne_2016\/wordpress\/rencontres-dans-le-canton-de-civray-3\/","title":{"rendered":"Rencontres dans le canton de Civray"},"content":{"rendered":"\n<p><em>Alain PICHON, Pr\u00e9sident du D\u00e9partement  de la Vienne, accompagn\u00e9 de Lydie  NOIRAULT et Jean-Olivier GEOFFROY, Conseillers D\u00e9partementaux du canton de Civray, ont rencontr\u00e9 les membres de l&rsquo;association  Le Chant d&rsquo;Oiseaux et les \u00e9ducateurs du Lieu de Vie et d&rsquo;Accueil Le Chant d&rsquo;Oiseaux \u00e0 Charroux avant de visiter  l&rsquo;exploitation La Roche Pera \u00e0 Savign\u00e9.<\/em><\/p>\n\n\n\n<p class=\"has-luminous-vivid-orange-color has-text-color\"><strong>Lieu de Vie et d\u2019Accueil  \u00ab Le Chant d\u2019Oiseaux \u00bb \u00e0 Charroux<\/strong><\/p>\n\n\n\n<figure class=\"wp-block-image aligncenter size-full\"><img loading=\"lazy\" width=\"700\" height=\"525\" src=\"https:\/\/unionpourlavienne.fr\/Union_Vienne_2016\/wordpress\/wp-content\/uploads\/2024\/11\/LVA-le-Chant-d-Oiseaux-Charroux.jpg\" alt=\"\" class=\"wp-image-4738\" srcset=\"https:\/\/unionpourlavienne.fr\/Union_Vienne_2016\/wordpress\/wp-content\/uploads\/2024\/11\/LVA-le-Chant-d-Oiseaux-Charroux.jpg 700w, https:\/\/unionpourlavienne.fr\/Union_Vienne_2016\/wordpress\/wp-content\/uploads\/2024\/11\/LVA-le-Chant-d-Oiseaux-Charroux-300x225.jpg 300w\" sizes=\"(max-width: 700px) 100vw, 700px\" \/><\/figure>\n\n\n\n<p><strong>Ouvert en 2006, le Lieu de Vie et d&rsquo;Accueil (LVA) Le  Chant d&rsquo;Oiseaux \u2013 Charroux a \u00e9t\u00e9 cr\u00e9\u00e9 par l&rsquo;association Le Chant d&rsquo;Oiseaux  (association Loi 1901), <\/strong>aujourd\u2019hui pr\u00e9sid\u00e9e par M. Yves GARGOUIL.  Il peut accueillir 4 enfants, \u00e2g\u00e9s de 8 \u00e0 21 ans, plac\u00e9s sur d\u00e9cision  administrative ou judiciaire, qui rencontrent des difficult\u00e9s sociales,  familiales et\/ou psychologiques. <strong>La  structure est agr\u00e9\u00e9e et contr\u00f4l\u00e9e par le service de l\u2019Aide Sociale \u00e0 l\u2019Enfance  du D\u00e9partement de la Vienne.<\/strong><\/p>\n\n\n\n<p><strong>L\u2019\u00e9quipe \u00e9ducative est constitu\u00e9e de trois professionnels qui  interviennent \u00e0 temps plein au sein  de la structure. <\/strong>Le lieu propose un cadre s\u00e9curisant et structurant  pour permettre aux enfants de se construire sereinement, de suivre une  scolarit\u00e9 ou une formation professionnelle<strong>.  Les enfants b\u00e9n\u00e9ficient d\u2019un accompagnement socio-\u00e9ducatif quotidien, collectif et individualis\u00e9. <\/strong>Pour  cela, la structure travaille  en \u00e9troite collaboration avec diff\u00e9rents partenaires ancr\u00e9s sur le territoire  (familles, \u00e9coles, lyc\u00e9es, associations sportives et culturelles, psychologues,  Centre M\u00e9dico-Psychologique\u2026). La structure organise \u00e9galement des s\u00e9jours de  vacances \u00e9ducatifs.<\/p>\n\n\n\n<p class=\"has-luminous-vivid-orange-color has-text-color\"><strong>EARL La Roche  Pera \u00e0 Savign\u00e9<\/strong><\/p>\n\n\n\n<figure class=\"wp-block-image aligncenter size-full\"><img loading=\"lazy\" width=\"700\" height=\"525\" src=\"https:\/\/unionpourlavienne.fr\/Union_Vienne_2016\/wordpress\/wp-content\/uploads\/2024\/11\/La-Roche-Pera-Savigne.jpg\" alt=\"\" class=\"wp-image-4739\" srcset=\"https:\/\/unionpourlavienne.fr\/Union_Vienne_2016\/wordpress\/wp-content\/uploads\/2024\/11\/La-Roche-Pera-Savigne.jpg 700w, https:\/\/unionpourlavienne.fr\/Union_Vienne_2016\/wordpress\/wp-content\/uploads\/2024\/11\/La-Roche-Pera-Savigne-300x225.jpg 300w\" sizes=\"(max-width: 700px) 100vw, 700px\" \/><\/figure>\n\n\n\n<p><strong>Ga\u00ebl Rocher a cr\u00e9\u00e9 l&rsquo;EARL  Rocher il y a dix ans, exploitation sp\u00e9cialis\u00e9e dans la production de bl\u00e9,  colza, tournesol et orge \u00e0 Savign\u00e9<\/strong>, vendus aux coop\u00e9ratives Oc\u00e9alia et Agrial.  Il poss\u00e8de actuellement 180 hectares de c\u00e9r\u00e9ales.<\/p>\n\n\n\n<p>D\u00e9sireux de se tourner vers  l&rsquo;\u00e9levage ovin, en compagnie de son \u00e9pouse et de sa s\u0153ur, il cr\u00e9e en 2023  l&rsquo;EARL La Roche Pera. La ch\u00e8vrerie est g\u00e9r\u00e9e par Ga\u00ebl ROCHER,  Katia PERALO et Manon ROCHER. <strong>Depuis 2023, les 3 associ\u00e9s  \u00e9l\u00e8vent 500 ch\u00e8vres pour produire du lait. <\/strong>L\u2019exploitation a commenc\u00e9 \u00e0  commercialiser son lait depuis octobre dernier.<\/p>\n","protected":false},"excerpt":{"rendered":"<p>Alain PICHON, accompagn\u00e9 de Lydie  NOIRAULT et Jean-Olivier GEOFFROY ont rencontr\u00e9 les membres de l&rsquo;association  Le Chant d&rsquo;Oiseaux et les \u00e9ducateurs du Lieu de Vie et d&rsquo;Accueil Le Chant d&rsquo;Oiseaux \u00e0 Charroux avant de visiter  l&rsquo;exploitation La Roche Pera \u00e0 Savign\u00e9&#8230;<\/p>\n","protected":false},"author":1,"featured_media":4740,"comment_status":"closed","ping_status":"open","sticky":false,"template":"","format":"standard","meta":[],"categories":[1],"tags":[14,29,32],"_links":{"self":[{"href":"https:\/\/unionpourlavienne.fr\/Union_Vienne_2016\/wordpress\/wp-json\/wp\/v2\/posts\/4737"}],"collection":[{"href":"https:\/\/unionpourlavienne.fr\/Union_Vienne_2016\/wordpress\/wp-json\/wp\/v2\/posts"}],"about":[{"href":"https:\/\/unionpourlavienne.fr\/Union_Vienne_2016\/wordpress\/wp-json\/wp\/v2\/types\/post"}],"author":[{"embeddable":true,"href":"https:\/\/unionpourlavienne.fr\/Union_Vienne_2016\/wordpress\/wp-json\/wp\/v2\/users\/1"}],"replies":[{"embeddable":true,"href":"https:\/\/unionpourlavienne.fr\/Union_Vienne_2016\/wordpress\/wp-json\/wp\/v2\/comments?post=4737"}],"version-history":[{"count":1,"href":"https:\/\/unionpourlavienne.fr\/Union_Vienne_2016\/wordpress\/wp-json\/wp\/v2\/posts\/4737\/revisions"}],"predecessor-version":[{"id":4741,"href":"https:\/\/unionpourlavienne.fr\/Union_Vienne_2016\/wordpress\/wp-json\/wp\/v2\/posts\/4737\/revisions\/4741"}],"wp:featuredmedia":[{"embeddable":true,"href":"https:\/\/unionpourlavienne.fr\/Union_Vienne_2016\/wordpress\/wp-json\/wp\/v2\/media\/4740"}],"wp:attachment":[{"href":"https:\/\/unionpourlavienne.fr\/Union_Vienne_2016\/wordpress\/wp-json\/wp\/v2\/media?parent=4737"}],"wp:term":[{"taxonomy":"category","embeddable":true,"href":"https:\/\/unionpourlavienne.fr\/Union_Vienne_2016\/wordpress\/wp-json\/wp\/v2\/categories?post=4737"},{"taxonomy":"post_tag","embeddable":true,"href":"https:\/\/unionpourlavienne.fr\/Union_Vienne_2016\/wordpress\/wp-json\/wp\/v2\/tags?post=4737"}],"curies":[{"name":"wp","href":"https:\/\/api.w.org\/{rel}","templated":true}]}}