{"id":4745,"date":"2024-10-31T15:04:00","date_gmt":"2024-10-31T14:04:00","guid":{"rendered":"http:\/\/unionpourlavienne.fr\/Union_Vienne_2016\/wordpress\/?p=4745"},"modified":"2024-11-13T15:07:50","modified_gmt":"2024-11-13T14:07:50","slug":"rencontres-dans-le-canton-de-chatellerault-3-3","status":"publish","type":"post","link":"https:\/\/unionpourlavienne.fr\/Union_Vienne_2016\/wordpress\/rencontres-dans-le-canton-de-chatellerault-3-3\/","title":{"rendered":"Rencontres dans le canton de Ch\u00e2tellerault-3"},"content":{"rendered":"\n<p><em>Alain PICHON, Pr\u00e9sident du D\u00e9partement de la Vienne,  accompagn\u00e9 de Pascale  MOREAU et G\u00e9rard PEROCHON, Conseillers D\u00e9partementaux du canton de Ch\u00e2tellerault 3, ont \u00e9chang\u00e9 avec les agents de la r\u00e9sidence  retraite La  Tour de Vigenna \u00e0  S\u00e9nill\u00e9-Saint-Sauveur, et ont  visit\u00e9 la soci\u00e9t\u00e9 LIOT \u00e0 Pleumartin et l&rsquo;exploitation Les Prairies de la Gartempe \u00e0 Vicq-sur-Gartempe.<\/em><\/p>\n\n\n\n<p class=\"has-luminous-vivid-orange-color has-text-color\">>>> <strong>R\u00e9sidence retraite La Tour de Vigenna \u00e0 S\u00e9nill\u00e9-Saint-Sauveur<\/strong><\/p>\n\n\n\n<figure class=\"wp-block-image aligncenter size-full\"><img loading=\"lazy\" width=\"700\" height=\"525\" src=\"https:\/\/unionpourlavienne.fr\/Union_Vienne_2016\/wordpress\/wp-content\/uploads\/2024\/11\/Residence-retraite-La-Tour-de-Vigenna-Senille-Saint-Sauveur.jpg\" alt=\"\" class=\"wp-image-4746\" srcset=\"https:\/\/unionpourlavienne.fr\/Union_Vienne_2016\/wordpress\/wp-content\/uploads\/2024\/11\/Residence-retraite-La-Tour-de-Vigenna-Senille-Saint-Sauveur.jpg 700w, https:\/\/unionpourlavienne.fr\/Union_Vienne_2016\/wordpress\/wp-content\/uploads\/2024\/11\/Residence-retraite-La-Tour-de-Vigenna-Senille-Saint-Sauveur-300x225.jpg 300w\" sizes=\"(max-width: 700px) 100vw, 700px\" \/><\/figure>\n\n\n\n<p><strong>Ouverte en 2008, la r\u00e9sidence  compte 40 salari\u00e9s et peut accueillir 60 personnes, dont 12 places en unit\u00e9  prot\u00e9g\u00e9e pour accueillir les personnes atteintes de maladie d\u2019Alzheimer ou  troubles apparent\u00e9s, 3 places  d&rsquo;h\u00e9bergement temporaire et 6 places  d&rsquo;accueil de jour. <\/strong>Cet \u00e9tablissement fait partie du Groupe MBV (Mutuelle du Bien Vieillir).<\/p>\n\n\n\n<p> Proche  du centre-bourg, la r\u00e9sidence dispose d\u2019un grand jardin am\u00e9nag\u00e9 et d\u2019une  terrasse accessible aux personnes \u00e0 mobilit\u00e9 r\u00e9duite, ainsi que d\u2019une salle  d\u2019activit\u00e9s favorisant les relations  ext\u00e9rieures en compl\u00e9ment des nombreux am\u00e9nagements r\u00e9serv\u00e9s aux loisirs. <strong>L\u2019ouverture de la r\u00e9sidence sur l\u2019ext\u00e9rieur  contribue au maintien de la vie sociale des r\u00e9sidents.<\/strong><\/p>\n\n\n\n<p><strong>L&rsquo;\u00e9tablissement exp\u00e9rimente une organisation autour du concept  \u00ab Vitae Clementia \u00bb inspir\u00e9  des courants Montessori et Carpe Diem, et travaille essentiellement sur  des approches non m\u00e9dicamenteuses : <\/strong>baln\u00e9oth\u00e9rapie, m\u00e9diation animale,  musicoth\u00e9rapie, afin de r\u00e9pondre aux  besoins des r\u00e9sidents et leur offrir  non seulement un lieu de soins mais aussi un lieu de vie chaleureux et anim\u00e9.<\/p>\n\n\n\n<p> De  plus, l\u2019\u00e9quipe travaille actuellement sur le d\u00e9veloppement de partenariats avec  les acteurs du maintien \u00e0 domicile, pour que <strong>l\u2019offre d\u2019h\u00e9bergement temporaire et d\u2019accueil  de jour deviennent un v\u00e9ritable soutien au maintien \u00e0 domicile.<\/strong><\/p>\n\n\n\n<p>\n  La r\u00e9sidence est partiellement habilit\u00e9e \u00e0 l\u2019Aide Sociale  \u00e0 l\u2019H\u00e9bergement (ASH)  pour 2 places soit un  financement de 40 997\u20ac du D\u00e9partement de la Vienne en 2024 et 53 r\u00e9sidents sont  b\u00e9n\u00e9ficiaires de l\u2019Allocation Personnalis\u00e9e d&rsquo;Autonomie (APA) pour l\u2019ann\u00e9e  2024, soit un budget  estim\u00e9 \u00e0 224 410 \u20ac vers\u00e9 par le D\u00e9partement pour permettre aux personnes les  plus d\u00e9munies d\u2019acc\u00e9der \u00e0 ce type d\u2019h\u00e9bergement en r\u00e9duisant leur reste \u00e0  charge.<\/p>\n\n\n\n<p class=\"has-luminous-vivid-orange-color has-text-color\">>>> <strong>LIOT \u00e0 Pleumartin<\/strong><\/p>\n\n\n\n<figure class=\"wp-block-image aligncenter size-full\"><img loading=\"lazy\" width=\"700\" height=\"525\" src=\"https:\/\/unionpourlavienne.fr\/Union_Vienne_2016\/wordpress\/wp-content\/uploads\/2024\/11\/LIOT-Pleumartin.jpg\" alt=\"\" class=\"wp-image-4747\" srcset=\"https:\/\/unionpourlavienne.fr\/Union_Vienne_2016\/wordpress\/wp-content\/uploads\/2024\/11\/LIOT-Pleumartin.jpg 700w, https:\/\/unionpourlavienne.fr\/Union_Vienne_2016\/wordpress\/wp-content\/uploads\/2024\/11\/LIOT-Pleumartin-300x225.jpg 300w\" sizes=\"(max-width: 700px) 100vw, 700px\" \/><\/figure>\n\n\n\n<p>La soci\u00e9t\u00e9  LIOT fabrique des ovoproduits liquides  ou concentr\u00e9s \u00e0 longue conservation \u00e0 temp\u00e9rature  ambiante, et des ovoproduits en poudre et r\u00e9frig\u00e9r\u00e9s.<\/p>\n\n\n\n<p> Cr\u00e9\u00e9e en 1870 par la famille LIOT, l&rsquo;entreprise a  d\u2019abord une activit\u00e9 de stockage et de n\u00e9goce d\u2019\u0153ufs. Elle a conditionn\u00e9 des  \u0153ufs en boites et caisses pour la vente aux grossistes jusque dans les ann\u00e9es 1950. Elle a \u00e9t\u00e9 pionni\u00e8re  dans la fabrication d\u2019ovoproduits. <strong>Dans les ann\u00e9es  80, LIOT innove  et a invent\u00e9 les confidoeufs (\u0153uf entier concentr\u00e9  sal\u00e9 ou sucr\u00e9 et jaune sal\u00e9 ou sucr\u00e9 qui se conserve \u00e0 temp\u00e9rature ambiante). <\/strong>L\u2019entreprise  a \u00e9t\u00e9 reprise par le groupe familial Lionello EUROVO en 2001. L\u2019ensemble de  l\u2019activit\u00e9 fran\u00e7aise est exploit\u00e9e par LIOT depuis 2008.<\/p>\n\n\n\n<p> Engag\u00e9e depuis plus de 20  ans dans la prise en compte et l\u2019am\u00e9lioration du bien-\u00eatre animal, <strong>l\u2019entreprise est certifi\u00e9e FSSC 22  000 depuis 2015 d\u00e9montrant la performance de son syst\u00e8me  de management de la s\u00e9curit\u00e9 des denr\u00e9es alimentaires et a obtenu la  certification ODF \u00ab \u0152ufs de France \u00bb en 2024, qui garantit l\u2019origine  fran\u00e7aise de la poule \u00e0 l\u2019\u0153uf. <\/strong>Plus  de 70% de ses productions et commercialisations d\u2019\u0153ufs  et d\u2019ovoproduits sont issus d\u2019\u0153ufs produits en \u00e9levage alternatif.<\/p>\n\n\n\n<p>La soci\u00e9t\u00e9 pr\u00e9voit de gros  investissements dans l\u2019implantation de nouveaux tunnels de traitement thermique afin d&rsquo;augmenter  ses capacit\u00e9s de production, et investit dans ses propres  \u00e9levages dont un dans la Vienne.<\/p>\n\n\n\n<p class=\"has-luminous-vivid-orange-color has-text-color\">>>> <strong>Les Prairies de la Gartempe  \u00e0 Vicq-sur-Gartempe<\/strong><\/p>\n\n\n\n<figure class=\"wp-block-image aligncenter size-full\"><img loading=\"lazy\" width=\"700\" height=\"525\" src=\"https:\/\/unionpourlavienne.fr\/Union_Vienne_2016\/wordpress\/wp-content\/uploads\/2024\/11\/Les-Paraires-de-la-Gartempe-Vicq-sur-Gartempe.jpg\" alt=\"\" class=\"wp-image-4748\" srcset=\"https:\/\/unionpourlavienne.fr\/Union_Vienne_2016\/wordpress\/wp-content\/uploads\/2024\/11\/Les-Paraires-de-la-Gartempe-Vicq-sur-Gartempe.jpg 700w, https:\/\/unionpourlavienne.fr\/Union_Vienne_2016\/wordpress\/wp-content\/uploads\/2024\/11\/Les-Paraires-de-la-Gartempe-Vicq-sur-Gartempe-300x225.jpg 300w\" sizes=\"(max-width: 700px) 100vw, 700px\" \/><\/figure>\n\n\n\n<p><strong>La ferme  familiale compte 130 hectares et 100 vaches laiti\u00e8res de races Prim\u2019holstein<\/strong>. Aujourd&rsquo;hui g\u00e9r\u00e9e par Anthony Neuvy  apr\u00e8s le d\u00e9part  en retraite de ses parents,  Agn\u00e8s Neuvy a rejoint  son mari sur l\u2019exploitation en 2000. Aujourd&rsquo;hui la ferme emploie 4 salari\u00e9s.<\/p>\n\n\n\n<p> <strong>Depuis 1996, l\u2019exploitation produit des yaourts, du lait cru, du  fromage blanc et des cr\u00e8mes desserts soit environ 15 r\u00e9f\u00e9rences. <\/strong>Les produits sont  commercialis\u00e9s sur la plateforme Agrilocal86, mise en place en 2017 par le  D\u00e9partement de la Vienne et la Chambre d&rsquo;Agriculture de la Vienne, les petites  et moyennes surfaces ainsi que dans certains magasins de producteurs.<\/p>\n\n\n\n<p> Depuis le  lancement de la plateforme Agrilocal86, les Prairies de la Gartempe font partie  des producteurs incontournables. Leur chiffre d\u2019affaires est toujours en  progression sur la plateforme : 13 489,50 \u20ac en 2022 et 16 298,60 \u20ac en 2023.<\/p>\n\n\n\n<p> <strong>En 2023, la ferme a vendu ses yaourts \u00e0 14 coll\u00e8ges du d\u00e9partement <\/strong>mais aussi \u00e0 la Banque  alimentaire de la Vienne et au Centre Communal d\u2019Action Sociale de Chauvigny.<\/p>\n\n\n\n<p> Afin de r\u00e9pondre \u00e0 la demande,  l\u2019exploitation est en train de construire deux b\u00e2timents suppl\u00e9mentaires avec des panneaux  photovolta\u00efques et des am\u00e9nagements pour accueillir une partie du troupeau. <strong>Elle pr\u00e9pare \u00e9galement une certification  environnementale : Haute Valeur Environnementale (HVE), le niveau le plus \u00e9lev\u00e9  des certifications pour les exploitations agricoles.<\/strong><\/p>\n","protected":false},"excerpt":{"rendered":"<p>Alain PICHON,  accompagn\u00e9 de Pascale  MOREAU et G\u00e9rard PEROCHON ont \u00e9chang\u00e9 avec les agents de la r\u00e9sidence  retraite La  Tour de Vigenna \u00e0  S\u00e9nill\u00e9-Saint-Sauveur, et ont  visit\u00e9 la soci\u00e9t\u00e9 LIOT \u00e0 Pleumartin et l&rsquo;exploitation Les Prairies de la Gartempe \u00e0 Vicq-sur-Gartempe&#8230;<\/p>\n","protected":false},"author":1,"featured_media":4749,"comment_status":"closed","ping_status":"open","sticky":false,"template":"","format":"standard","meta":[],"categories":[1],"tags":[14,96,36],"_links":{"self":[{"href":"https:\/\/unionpourlavienne.fr\/Union_Vienne_2016\/wordpress\/wp-json\/wp\/v2\/posts\/4745"}],"collection":[{"href":"https:\/\/unionpourlavienne.fr\/Union_Vienne_2016\/wordpress\/wp-json\/wp\/v2\/posts"}],"about":[{"href":"https:\/\/unionpourlavienne.fr\/Union_Vienne_2016\/wordpress\/wp-json\/wp\/v2\/types\/post"}],"author":[{"embeddable":true,"href":"https:\/\/unionpourlavienne.fr\/Union_Vienne_2016\/wordpress\/wp-json\/wp\/v2\/users\/1"}],"replies":[{"embeddable":true,"href":"https:\/\/unionpourlavienne.fr\/Union_Vienne_2016\/wordpress\/wp-json\/wp\/v2\/comments?post=4745"}],"version-history":[{"count":1,"href":"https:\/\/unionpourlavienne.fr\/Union_Vienne_2016\/wordpress\/wp-json\/wp\/v2\/posts\/4745\/revisions"}],"predecessor-version":[{"id":4750,"href":"https:\/\/unionpourlavienne.fr\/Union_Vienne_2016\/wordpress\/wp-json\/wp\/v2\/posts\/4745\/revisions\/4750"}],"wp:featuredmedia":[{"embeddable":true,"href":"https:\/\/unionpourlavienne.fr\/Union_Vienne_2016\/wordpress\/wp-json\/wp\/v2\/media\/4749"}],"wp:attachment":[{"href":"https:\/\/unionpourlavienne.fr\/Union_Vienne_2016\/wordpress\/wp-json\/wp\/v2\/media?parent=4745"}],"wp:term":[{"taxonomy":"category","embeddable":true,"href":"https:\/\/unionpourlavienne.fr\/Union_Vienne_2016\/wordpress\/wp-json\/wp\/v2\/categories?post=4745"},{"taxonomy":"post_tag","embeddable":true,"href":"https:\/\/unionpourlavienne.fr\/Union_Vienne_2016\/wordpress\/wp-json\/wp\/v2\/tags?post=4745"}],"curies":[{"name":"wp","href":"https:\/\/api.w.org\/{rel}","templated":true}]}}