{"id":4754,"date":"2024-10-25T15:23:00","date_gmt":"2024-10-25T14:23:00","guid":{"rendered":"http:\/\/unionpourlavienne.fr\/Union_Vienne_2016\/wordpress\/?p=4754"},"modified":"2024-11-13T15:28:58","modified_gmt":"2024-11-13T14:28:58","slug":"presentation-du-nouveau-conseil-departemental-des-jeunes-mandature-2024-26","status":"publish","type":"post","link":"https:\/\/unionpourlavienne.fr\/Union_Vienne_2016\/wordpress\/presentation-du-nouveau-conseil-departemental-des-jeunes-mandature-2024-26\/","title":{"rendered":"Pr\u00e9sentation du nouveau Conseil D\u00e9partemental des Jeunes (mandature 2024-26)"},"content":{"rendered":"\n<p>Pascale GUITTET, Vice-Pr\u00e9sidente en charge de la Jeunesse, des Sports et de la Citoyennet\u00e9, et Val\u00e9rie CHEBASSIER, Rapporteur de la Commission Jeunesse et Citoyennet\u00e9, ont particip\u00e9 au s\u00e9jour d\u2019int\u00e9gration du Conseil D\u00e9partemental des Jeunes (CDJ) au Centre de Plein Air \u00e0 Lathus-Saint-Remy les 24 et 25 octobre. Ce s\u00e9jour de 2 jours a permis aux nouveaux membres du CDJ de comprendre l\u2019institution d\u00e9partementale et leur r\u00f4le au sein du CDJ, de participer \u00e0 des ateliers sur la citoyennet\u00e9 et des activit\u00e9s sportives pour d\u00e9velopper l\u2019esprit d\u2019\u00e9quipe, et d\u2019\u00e9lire la Pr\u00e9sidente et les Vice-Pr\u00e9sidents du CDJ.<\/p>\n\n\n\n<figure class=\"wp-block-image aligncenter size-full\"><img loading=\"lazy\" width=\"700\" height=\"525\" src=\"https:\/\/unionpourlavienne.fr\/Union_Vienne_2016\/wordpress\/wp-content\/uploads\/2024\/11\/GavgZ7sXwAAs72O.jpg\" alt=\"\" class=\"wp-image-4755\" srcset=\"https:\/\/unionpourlavienne.fr\/Union_Vienne_2016\/wordpress\/wp-content\/uploads\/2024\/11\/GavgZ7sXwAAs72O.jpg 700w, https:\/\/unionpourlavienne.fr\/Union_Vienne_2016\/wordpress\/wp-content\/uploads\/2024\/11\/GavgZ7sXwAAs72O-300x225.jpg 300w\" sizes=\"(max-width: 700px) 100vw, 700px\" \/><\/figure>\n\n\n\n<p class=\"has-luminous-vivid-orange-color has-text-color\">>>> <strong>Participer \u00e0 la vie d\u00e9mocratique<\/strong><\/p>\n\n\n\n<p><strong>Le Conseil D\u00e9partemental des Jeunes de la Vienne (CDJ) est un levier  important de la politique en faveur  de la jeunesse du  D\u00e9partement. <\/strong>Le premier Conseil D\u00e9partemental des Jeunes  (CDJ) a \u00e9t\u00e9 mis en place en 2020. Il est constitu\u00e9 de jeunes, un gar\u00e7on  et une fille par \u00e9tablissement, issus des classes de 5\u00e8me ou 4\u00e8me des coll\u00e8ges de la Vienne,  \u00e9lus pour deux ans.<\/p>\n\n\n\n<p> <strong>V\u00e9ritable outil d\u2019engagement et de participation des jeunes \u00e0 la vie locale, il a pour objectifs :<\/strong><\/p>\n\n\n\n<ul><li>de faire d\u00e9couvrir le fonctionnement et les missions  de la collectivit\u00e9 d\u00e9partementale<\/li><li>de sensibiliser aux notions de d\u00e9mocratie et d\u2019int\u00e9r\u00eat g\u00e9n\u00e9ral<\/li><li>d\u2019\u00eatre un lieu d\u2019actions, d\u2019expression et de formation \u00e0 la vie citoyenne<\/li><li>de concr\u00e9tiser des projets  pour am\u00e9liorer la vie quotidienne des coll\u00e9giens<\/li><\/ul>\n\n\n\n<p> <strong>Le CDJ est un lieu de r\u00e9flexion, de discussion, de d\u00e9couverte et d&rsquo;apprentissage de la citoyennet\u00e9 et de la d\u00e9mocratie locale. Chaque ann\u00e9e,  les membres du CDJ proposent de nouveaux projets  et mettent en \u0153uvre des actions, pour am\u00e9liorer la vie quotidienne des  coll\u00e9giens. <\/strong>C\u2019est  l\u2019occasion pour eux d\u2019\u00eatre les ambassadeurs de leur \u00e9tablissement le temps d\u2019un  mandat et d&rsquo;exercer leurs droits et leurs devoirs de citoyens par la  r\u00e9alisation d&rsquo;actions concr\u00e8tes.<\/p>\n\n\n\n<p class=\"has-luminous-vivid-orange-color has-text-color\">>>> <strong>Nouvelle th\u00e9matique pour la mandature  : \u00ab \u00eatre citoyenne, \u00eatre citoyen \u00bb<\/strong><\/p>\n\n\n\n<p><strong>Les \u00e9lections du CDJ ont eu lieu en octobre  et ont permis d\u2019\u00e9lire 57 jeunes pour deux ans, dans 31 des 35 coll\u00e8ges de la Vienne<\/strong>. Lors du stage  d\u2019int\u00e9gration ont \u00e9t\u00e9 \u00e9lus la Pr\u00e9sidente, Ma\u00efssa ZEKRI et ses trois  Vice-Pr\u00e9sidents, Il\u00efas CHEVRIER, Apolline CHABASSE et Luna CHASSAT.<\/p>\n\n\n\n<p><strong>Au cours de cette mandature, les Conseillers D\u00e9partementaux Juniors  vont travailler sur la th\u00e9matique \u00ab \u00eatre  citoyenne, \u00eatre citoyen \u00bb au sein de quatre commissions th\u00e9matiques :  environnement, sport, solidarit\u00e9-\u00e9galit\u00e9-engagement, et culture, <\/strong>anim\u00e9es par un collectif  d\u2019associations (Ligue de l\u2019enseignement, Aro\u00e9ven, Les Francas et ACSEP) sous la  supervision de la Mission Jeunesse et Citoyennet\u00e9 du D\u00e9partement.<br>\n  La premi\u00e8re s\u00e9ance pl\u00e9ni\u00e8re de l\u2019ensemble du Conseil D\u00e9partemental des Jeunes aura lieu le 18  d\u00e9cembre prochain \u00e0 l\u2019H\u00f4tel du D\u00e9partement de la Vienne.<\/p>\n\n\n\n<p>\u00a0\u00bb\u00a0Le  D\u00e9partement a  fait le  choix de  mettre la  jeunesse, atout majeur pour l&rsquo;avenir de  la Vienne, au c\u0153ur de son action au  service de  la population. Gr\u00e2ce au  Conseil D\u00e9partemental des Jeunes de  la Vienne, nous impliquons directement les jeunes dans la vie locale, les pr\u00e9parons \u00e0 exercer pleinement leur r\u00f4le de citoyen et \u00e0 d\u00e9velopper leur sens de l\u2019engagement. \u00a0\u00bb <\/p>\n\n\n\n<p class=\"has-text-align-right\"> <strong>Pascale GUITTET, Vice-Pr\u00e9sidente en charge de la Jeunesse, des Sports et de la Citoyennet\u00e9 <\/strong><\/p>\n\n\n\n<p>\u00a0\u00bb Le  Conseil D\u00e9partemental des Jeunes est une  belle aventure humaine faite d\u2019engagements et  de projets pour nos jeunes. Ils sont les ambassadeurs de la jeunesse  du territoire ! Gr\u00e2ce \u00e0 cette exp\u00e9rience, les coll\u00e9giens s&rsquo;initient au travail collectif et \u00e0 la vie  publique, mais cela leur permet aussi de grandir ensemble, de s\u2019\u00e9panouir, et de porter des projets concrets pour am\u00e9liorer le quotidien des jeunes. \u00ab\u00a0<\/p>\n\n\n\n<p class=\"has-text-align-right\"> <strong>Alain PICHON, Pr\u00e9sident  du D\u00e9partement de la Vienne<\/strong><strong> <\/strong><\/p>\n","protected":false},"excerpt":{"rendered":"<p>Pascale GUITTET et Val\u00e9rie CHEBASSIER ont particip\u00e9 au s\u00e9jour d\u2019int\u00e9gration du Conseil D\u00e9partemental des Jeunes (CDJ) au Centre de Plein Air \u00e0 Lathus-Saint-Remy les 24 et 25 octobre&#8230;<\/p>\n","protected":false},"author":1,"featured_media":4756,"comment_status":"closed","ping_status":"open","sticky":false,"template":"","format":"standard","meta":[],"categories":[1],"tags":[35,99],"_links":{"self":[{"href":"https:\/\/unionpourlavienne.fr\/Union_Vienne_2016\/wordpress\/wp-json\/wp\/v2\/posts\/4754"}],"collection":[{"href":"https:\/\/unionpourlavienne.fr\/Union_Vienne_2016\/wordpress\/wp-json\/wp\/v2\/posts"}],"about":[{"href":"https:\/\/unionpourlavienne.fr\/Union_Vienne_2016\/wordpress\/wp-json\/wp\/v2\/types\/post"}],"author":[{"embeddable":true,"href":"https:\/\/unionpourlavienne.fr\/Union_Vienne_2016\/wordpress\/wp-json\/wp\/v2\/users\/1"}],"replies":[{"embeddable":true,"href":"https:\/\/unionpourlavienne.fr\/Union_Vienne_2016\/wordpress\/wp-json\/wp\/v2\/comments?post=4754"}],"version-history":[{"count":1,"href":"https:\/\/unionpourlavienne.fr\/Union_Vienne_2016\/wordpress\/wp-json\/wp\/v2\/posts\/4754\/revisions"}],"predecessor-version":[{"id":4757,"href":"https:\/\/unionpourlavienne.fr\/Union_Vienne_2016\/wordpress\/wp-json\/wp\/v2\/posts\/4754\/revisions\/4757"}],"wp:featuredmedia":[{"embeddable":true,"href":"https:\/\/unionpourlavienne.fr\/Union_Vienne_2016\/wordpress\/wp-json\/wp\/v2\/media\/4756"}],"wp:attachment":[{"href":"https:\/\/unionpourlavienne.fr\/Union_Vienne_2016\/wordpress\/wp-json\/wp\/v2\/media?parent=4754"}],"wp:term":[{"taxonomy":"category","embeddable":true,"href":"https:\/\/unionpourlavienne.fr\/Union_Vienne_2016\/wordpress\/wp-json\/wp\/v2\/categories?post=4754"},{"taxonomy":"post_tag","embeddable":true,"href":"https:\/\/unionpourlavienne.fr\/Union_Vienne_2016\/wordpress\/wp-json\/wp\/v2\/tags?post=4754"}],"curies":[{"name":"wp","href":"https:\/\/api.w.org\/{rel}","templated":true}]}}